{"id":26469,"date":"2021-06-28T10:04:15","date_gmt":"2021-06-28T13:04:15","guid":{"rendered":"https:\/\/atecordoba.org\/?p=26469"},"modified":"2021-06-28T10:04:18","modified_gmt":"2021-06-28T13:04:18","slug":"hoy-se-lanza-la-campana-de-afiliaciones-sos-nacional-sos-de-ate","status":"publish","type":"post","link":"https:\/\/atecordoba.org\/?p=26469","title":{"rendered":"Hoy se lanza la campa\u00f1a de afiliaciones &#8220;Sos nacional, sos de ATE&#8221;"},"content":{"rendered":"\n<div class=\"wp-block-image\"><figure class=\"aligncenter size-large is-resized\"><img loading=\"lazy\" decoding=\"async\" src=\"https:\/\/atecordoba.org\/wp-content\/uploads\/2021\/06\/flyer-campana-afiliacion-820x1024.jpg\" alt=\"\" class=\"wp-image-26471\" width=\"585\" height=\"731\" srcset=\"https:\/\/atecordoba.org\/wp-content\/uploads\/2021\/06\/flyer-campana-afiliacion-820x1024.jpg 820w, https:\/\/atecordoba.org\/wp-content\/uploads\/2021\/06\/flyer-campana-afiliacion-240x300.jpg 240w, https:\/\/atecordoba.org\/wp-content\/uploads\/2021\/06\/flyer-campana-afiliacion-768x960.jpg 768w, https:\/\/atecordoba.org\/wp-content\/uploads\/2021\/06\/flyer-campana-afiliacion-750x937.jpg 750w, https:\/\/atecordoba.org\/wp-content\/uploads\/2021\/06\/flyer-campana-afiliacion.jpg 962w\" sizes=\"auto, (max-width: 585px) 100vw, 585px\" \/><\/figure><\/div>\n\n\n\n<p>Con un conversatorio virtual que se realizar\u00e1 a las 17 horas, Consejo Directivo Provincial lanzar\u00e1 hoy la campa\u00f1a masiva de afiliaciones de las y los estatales que pertenecen a organismos nacionales en C\u00f3rdoba. <\/p>\n\n\n\n<p>La iniciativa busca multiplicar el peso de ATE entre los estatales nacionales, que tienen en la provincia la tercera jurisdicci\u00f3n de trabajadores y trabajadoras del Estado nacional en el pa\u00eds. <\/p>\n\n\n\n<p>Bajo los ejes &#8220;Vacunaci\u00f3n ya!&#8221;, &#8220;Pase a planta permanente&#8221;, &#8220;Recomposici\u00f3n salarial&#8221; y &#8220;Reincorporaciones&#8221;, ATE C\u00f3rdoba sale a convocar a las y los compa\u00f1eros para ampliar la representaci\u00f3n en los sectores nacionales, indispensable para mejorar la capacidad de lucha y negociaci\u00f3n con el estado empleador, para mejorar sensiblemente nuestras condiciones laborales, salariales y de salud laboral y medio ambiente de trabajo. <\/p>\n\n\n\n<p>El acto estar\u00e1 encabezado por el secretario General de ATE C\u00f3rdoba, Federico Giuliani, en contar\u00e1 con la presencia de las y los secretarios generales de las Seccionales, los directores distintos Departamentos y referentes de los diversos organismos nacionales.<\/p>\n\n\n\n<p>La convocatoria es abierta y se transmitir\u00e1 por Facebook Live. #esconATEesconvos #afiliate<\/p>\n\n\n\n<div class=\"wp-block-image\"><figure class=\"aligncenter size-large\"><img loading=\"lazy\" decoding=\"async\" width=\"819\" height=\"1024\" src=\"https:\/\/atecordoba.org\/wp-content\/uploads\/2021\/06\/flyer-campana-afiliacion-2-1-819x1024.jpg\" alt=\"\" class=\"wp-image-26472\" srcset=\"https:\/\/atecordoba.org\/wp-content\/uploads\/2021\/06\/flyer-campana-afiliacion-2-1-819x1024.jpg 819w, https:\/\/atecordoba.org\/wp-content\/uploads\/2021\/06\/flyer-campana-afiliacion-2-1-240x300.jpg 240w, https:\/\/atecordoba.org\/wp-content\/uploads\/2021\/06\/flyer-campana-afiliacion-2-1-768x960.jpg 768w, https:\/\/atecordoba.org\/wp-content\/uploads\/2021\/06\/flyer-campana-afiliacion-2-1-750x938.jpg 750w, https:\/\/atecordoba.org\/wp-content\/uploads\/2021\/06\/flyer-campana-afiliacion-2-1.jpg 1024w\" sizes=\"auto, (max-width: 819px) 100vw, 819px\" \/><\/figure><\/div>\n","protected":false},"excerpt":{"rendered":"<p>Con un conversatorio virtual que se realizar\u00e1 a las 17 horas, Consejo Directivo Provincial lanzar\u00e1 hoy la campa\u00f1a masiva de afiliaciones de las y los estatales que pertenecen a organismos nacionales en C\u00f3rdoba. La iniciativa busca multiplicar el peso de ATE entre los estatales nacionales, que tienen en la provincia la tercera jurisdicci\u00f3n de trabajadores [&hellip;]<\/p>\n","protected":false},"author":7,"featured_media":26471,"comment_status":"open","ping_status":"open","sticky":false,"template":"","format":"standard","meta":{"_exactmetrics_skip_tracking":false,"_exactmetrics_sitenote_active":false,"_exactmetrics_sitenote_note":"","_exactmetrics_sitenote_category":0,"jnews-multi-image_gallery":[],"jnews_single_post":{"subtitle":"","format":"standard","video":"","gallery":"","source_name":"","source_url":"","via_name":"","via_url":"","override":[{"single_blog_custom":"","sidebar":"","second_sidebar":"","share_position":"","share_float_style":"","post_date_format":"","post_date_format_custom":"","post_reading_time_wpm":"","zoom_button_out_step":"1","zoom_button_in_step":"1","number_popup_post":"1"}],"image_override":[{"single_post_thumbnail_size":"","single_post_gallery_size":""}],"trending_post_position":"","trending_post_label":"","sponsored_post_label":"","sponsored_post_name":"","sponsored_post_url":"","sponsored_post_logo":"","sponsored_post_desc":""},"jnews_primary_category":{"id":""},"jnews_social_meta":{"fb_title":"","fb_description":"","fb_image":"","twitter_title":"","twitter_description":"","twitter_image":""},"jnews_review":[],"enable_review":"","type":"percentage","name":"","summary":"","brand":"","sku":"","good":[{"good_text":""}],"bad":[{"bad_text":""}],"score_override":"","override_value":"","rating":[{"rating_text":"","rating_number":"10"}],"price":[{"shop":"","price":"","link":"","icon":""}],"jnews_override_counter":{"view_counter_number":"0","share_counter_number":"0","like_counter_number":"0","dislike_counter_number":"0"},"jnews_post_split":{"post_split":[{"template":"1","tag":"h2","numbering":"asc","mode":"normal","toc_type":"normal"}]},"footnotes":""},"categories":[18],"tags":[596],"class_list":["post-26469","post","type-post","status-publish","format-standard","has-post-thumbnail","hentry","category-nacionales","tag-campana-de-afiliaciones"],"jetpack_featured_media_url":"https:\/\/atecordoba.org\/wp-content\/uploads\/2021\/06\/flyer-campana-afiliacion.jpg","_links":{"self":[{"href":"https:\/\/atecordoba.org\/index.php?rest_route=\/wp\/v2\/posts\/26469","targetHints":{"allow":["GET"]}}],"collection":[{"href":"https:\/\/atecordoba.org\/index.php?rest_route=\/wp\/v2\/posts"}],"about":[{"href":"https:\/\/atecordoba.org\/index.php?rest_route=\/wp\/v2\/types\/post"}],"author":[{"embeddable":true,"href":"https:\/\/atecordoba.org\/index.php?rest_route=\/wp\/v2\/users\/7"}],"replies":[{"embeddable":true,"href":"https:\/\/atecordoba.org\/index.php?rest_route=%2Fwp%2Fv2%2Fcomments&post=26469"}],"version-history":[{"count":1,"href":"https:\/\/atecordoba.org\/index.php?rest_route=\/wp\/v2\/posts\/26469\/revisions"}],"predecessor-version":[{"id":26473,"href":"https:\/\/atecordoba.org\/index.php?rest_route=\/wp\/v2\/posts\/26469\/revisions\/26473"}],"wp:featuredmedia":[{"embeddable":true,"href":"https:\/\/atecordoba.org\/index.php?rest_route=\/wp\/v2\/media\/26471"}],"wp:attachment":[{"href":"https:\/\/atecordoba.org\/index.php?rest_route=%2Fwp%2Fv2%2Fmedia&parent=26469"}],"wp:term":[{"taxonomy":"category","embeddable":true,"href":"https:\/\/atecordoba.org\/index.php?rest_route=%2Fwp%2Fv2%2Fcategories&post=26469"},{"taxonomy":"post_tag","embeddable":true,"href":"https:\/\/atecordoba.org\/index.php?rest_route=%2Fwp%2Fv2%2Ftags&post=26469"}],"curies":[{"name":"wp","href":"https:\/\/api.w.org\/{rel}","templated":true}]}}