{"id":26466,"date":"2021-06-28T08:51:59","date_gmt":"2021-06-28T11:51:59","guid":{"rendered":"https:\/\/atecordoba.org\/?p=26466"},"modified":"2021-06-28T08:52:00","modified_gmt":"2021-06-28T11:52:00","slug":"ate-solicito-audiencia-con-la-ministra-de-la-mujer-por-los-traslados-de-la-legislatura","status":"publish","type":"post","link":"https:\/\/atecordoba.org\/?p=26466","title":{"rendered":"ATE solicit\u00f3 audiencia con la ministra de la Mujer por los traslados de la Legislatura"},"content":{"rendered":"\n<div class=\"wp-block-image\"><figure class=\"aligncenter size-large\"><img loading=\"lazy\" decoding=\"async\" width=\"768\" height=\"1024\" src=\"https:\/\/atecordoba.org\/wp-content\/uploads\/2021\/06\/IMG-20210625-WA0142-768x1024.jpg\" alt=\"\" class=\"wp-image-26467\" \/><\/figure><\/div>\n\n\n\n<p>El jueves pasado el Consejo Directivo Provincial (CDP) solicit\u00f3 una audiencia oficial con la titular del Ministerio de la Mujer de C\u00f3rdoba, Claudia Mart\u00ednez.<\/p>\n\n\n\n<p>El pedido se funda en la necesidad de abordar la situaci\u00f3n de las y los trabajadores que fueron trasladados de la Legislatura al Polo de la Mujer, que anteriormente se desempe\u00f1aban en el Consejo de la Mujer, por la Ley 10321.<\/p>\n\n\n\n<p>Desde CDP recordaron a Mart\u00ednez que en una audiencia sustanciada el 5 de marzo, donde se asumi\u00f3 el compromiso que abordar la problem\u00e1tica sin que haya cumplido hasta el momento.<\/p>\n","protected":false},"excerpt":{"rendered":"<p>El jueves pasado el Consejo Directivo Provincial (CDP) solicit\u00f3 una audiencia oficial con la titular del Ministerio de la Mujer de C\u00f3rdoba, Claudia Mart\u00ednez. El pedido se funda en la necesidad de abordar la situaci\u00f3n de las y los trabajadores que fueron trasladados de la Legislatura al Polo de la Mujer, que anteriormente se desempe\u00f1aban [&hellip;]<\/p>\n","protected":false},"author":7,"featured_media":26467,"comment_status":"open","ping_status":"open","sticky":false,"template":"","format":"standard","meta":{"_exactmetrics_skip_tracking":false,"_exactmetrics_sitenote_active":false,"_exactmetrics_sitenote_note":"","_exactmetrics_sitenote_category":0,"jnews-multi-image_gallery":[],"jnews_single_post":{"subtitle":"","format":"standard","video":"","gallery":"","source_name":"","source_url":"","via_name":"","via_url":"","override":[{"single_blog_custom":"","sidebar":"","second_sidebar":"","share_position":"","share_float_style":"","post_date_format":"","post_date_format_custom":"","post_reading_time_wpm":"","zoom_button_out_step":"1","zoom_button_in_step":"1","number_popup_post":"1"}],"image_override":[{"single_post_thumbnail_size":"","single_post_gallery_size":""}],"trending_post_position":"","trending_post_label":"","sponsored_post_label":"","sponsored_post_name":"","sponsored_post_url":"","sponsored_post_logo":"","sponsored_post_desc":""},"jnews_primary_category":{"id":""},"jnews_social_meta":{"fb_title":"","fb_description":"","fb_image":"","twitter_title":"","twitter_description":"","twitter_image":""},"jnews_review":[],"enable_review":"","type":"percentage","name":"","summary":"","brand":"","sku":"","good":[{"good_text":""}],"bad":[{"bad_text":""}],"score_override":"","override_value":"","rating":[{"rating_text":"","rating_number":"10"}],"price":[{"shop":"","price":"","link":"","icon":""}],"jnews_override_counter":{"view_counter_number":"0","share_counter_number":"0","like_counter_number":"0","dislike_counter_number":"0"},"jnews_post_split":{"post_split":[{"template":"1","tag":"h2","numbering":"asc","mode":"normal","toc_type":"normal"}]},"footnotes":""},"categories":[8],"tags":[763],"class_list":["post-26466","post","type-post","status-publish","format-standard","has-post-thumbnail","hentry","category-provinciales","tag-ministerio-de-la-mujer"],"jetpack_featured_media_url":"https:\/\/atecordoba.org\/wp-content\/uploads\/2021\/06\/IMG-20210625-WA0142-e1624881100892.jpg","_links":{"self":[{"href":"https:\/\/atecordoba.org\/index.php?rest_route=\/wp\/v2\/posts\/26466","targetHints":{"allow":["GET"]}}],"collection":[{"href":"https:\/\/atecordoba.org\/index.php?rest_route=\/wp\/v2\/posts"}],"about":[{"href":"https:\/\/atecordoba.org\/index.php?rest_route=\/wp\/v2\/types\/post"}],"author":[{"embeddable":true,"href":"https:\/\/atecordoba.org\/index.php?rest_route=\/wp\/v2\/users\/7"}],"replies":[{"embeddable":true,"href":"https:\/\/atecordoba.org\/index.php?rest_route=%2Fwp%2Fv2%2Fcomments&post=26466"}],"version-history":[{"count":1,"href":"https:\/\/atecordoba.org\/index.php?rest_route=\/wp\/v2\/posts\/26466\/revisions"}],"predecessor-version":[{"id":26468,"href":"https:\/\/atecordoba.org\/index.php?rest_route=\/wp\/v2\/posts\/26466\/revisions\/26468"}],"wp:featuredmedia":[{"embeddable":true,"href":"https:\/\/atecordoba.org\/index.php?rest_route=\/wp\/v2\/media\/26467"}],"wp:attachment":[{"href":"https:\/\/atecordoba.org\/index.php?rest_route=%2Fwp%2Fv2%2Fmedia&parent=26466"}],"wp:term":[{"taxonomy":"category","embeddable":true,"href":"https:\/\/atecordoba.org\/index.php?rest_route=%2Fwp%2Fv2%2Fcategories&post=26466"},{"taxonomy":"post_tag","embeddable":true,"href":"https:\/\/atecordoba.org\/index.php?rest_route=%2Fwp%2Fv2%2Ftags&post=26466"}],"curies":[{"name":"wp","href":"https:\/\/api.w.org\/{rel}","templated":true}]}}