{"id":2645,"date":"2013-04-25T18:49:47","date_gmt":"2013-04-25T21:49:47","guid":{"rendered":"http:\/\/www.atecordoba.org\/?p=2645"},"modified":"2013-04-25T18:49:47","modified_gmt":"2013-04-25T21:49:47","slug":"estatales-de-la-cta-y-cgt-reclaman-30-de-aumento-salarial-y-estabilidad-laboral","status":"publish","type":"post","link":"https:\/\/atecordoba.org\/?p=2645","title":{"rendered":"Estatales de la CTA y CGT reclaman 30% de aumento salarial y estabilidad laboral"},"content":{"rendered":"<p><em>En un encuentro realizado en Capital Federal, la Coordinaci\u00f3n Nacional de Gremios Estatales pertenecientes a la CTA y la CGT anunci\u00f3 hoy en conferencia de prensa el estado de alerta y movilizaci\u00f3n de todos los trabajadores de los Estados nacional, provincial y municipal ante la falta de repuestas al pedido de aumento salarial del 30 por ciento para los pr\u00f3ximos doce meses, as\u00ed como la estabilidad laboral en el empleo p\u00fablic<\/em>o.<\/p>\n<p><a href=\"http:\/\/www.atecordoba.org\/wp-content\/uploads\/2013\/04\/coordinacion-gremios-estatales.jpg\"><img loading=\"lazy\" decoding=\"async\" class=\"aligncenter size-full wp-image-2646\" title=\"coordinacion gremios estatales\" src=\"http:\/\/www.atecordoba.org\/wp-content\/uploads\/2013\/04\/coordinacion-gremios-estatales.jpg\" alt=\"\" width=\"310\" height=\"206\" \/><\/a><\/p>\n<p>Junto con los dirigentes de los 19 gremios que integran este espacio, el Secretario General de ATE (CTA), Julio Fuentes, relat\u00f3: \u201cLuego del plenario el 26 de marzo de la Coordinaci\u00f3n Nacional de Gremios Estatales, se solicitaron entrevistas al Ministerio de Trabajo de la Naci\u00f3n y a la Jefatura de Gabinete de Ministros. La primera se concret\u00f3, y en ella pudimos desarrollar ante la Viceministra de Trabajo, Noem\u00ed Rial, nuestros puntos de vista sobre la situaci\u00f3n de los estatales, y logramos adem\u00e1s establecer una serie de temas que necesitamos debatir. Rial ha demostrado su acuerdo con las negociaciones colectivas, que desde hace dos a\u00f1os, verdaderamente, s\u00f3lo es formal. En realidad es como si hubiera negociaciones colectivas, porque s\u00f3lo hay anuncios oficiales. En el caso del Poder Ejecutivo Nacional, en la cabeza del Jefe de Gabinete, la cosa se torna complicada porque no hemos tenido una audiencia despu\u00e9s de un mes de haberla solicitado\u201d.<\/p>\n<p><a href=\"http:\/\/www.atecordoba.org\/wp-content\/uploads\/2013\/04\/conagres_-fuentes.jpg\"><img loading=\"lazy\" decoding=\"async\" class=\"aligncenter size-full wp-image-2647\" title=\"conagres_ fuentes\" src=\"http:\/\/www.atecordoba.org\/wp-content\/uploads\/2013\/04\/conagres_-fuentes.jpg\" alt=\"\" width=\"440\" height=\"292\" \/><\/a><\/p>\n<p>El encuentro se llev\u00f3 adelante en el Hotel 27 de Junio de la Ciudad de Buenos Aires, hasta donde llegaron, entre otros, representantes de ATE, APOPS, UTERA, SOEME, FESPROSA, AEFIP, AMRA, FJA, ABC, Dragado y Balizamiento, APPAMIA, AGOEC, UDOCBA, COEMA, SADEM, SAL, SUTEP, UEJN y la FND.<\/p>\n<p>Por su parte, Leonardo Fabre, Secretario General de APOPS (CGT), anticip\u00f3: \u201cAnte la falta de respuesta del Gobierno hasta el momento, la Coordinaci\u00f3n Nacional de Gremios Estatales declara el estado de alerta y movilizaci\u00f3n en todo el pa\u00eds, que como todos saben es el paso previo a una medida de acci\u00f3n directa que, aunque esperamos no tener que llevar a cabo, a esta organizaci\u00f3n no le costar\u00e1 tomar\u201d.<\/p>\n<p>En este sentido, Julio Fuentes explic\u00f3 que el estado de alerta y movilizaci\u00f3n no s\u00f3lo es testimonial, sino que implica la convocatoria a asambleas en los lugares de trabajo y a la preparaci\u00f3n de los trabajadores para unirse en la lucha si no median novedades oficiales. Por \u00faltimo, concluy\u00f3: \u201cLos compa\u00f1eros m\u00e1s complicados son los municipales. En sus localidades, por cada peso que recauda el Estado, s\u00f3lo cuatro centavos van al municipio, 21 centavos a las provincias y el 75% restante se lo queda el Estado nacional. Vale aclarar, que el grueso de los trabajadores estatales se compone de municipales y provinciales. Otra de las reivindicaciones que sostenemos es la estabilidad en el empleo p\u00fablico, algo que no se cumple, porque la precariedad laboral existe en sus diferentes formas\u201d.<\/p>\n","protected":false},"excerpt":{"rendered":"<p>En un encuentro realizado en Capital Federal, la Coordinaci\u00f3n Nacional de Gremios Estatales pertenecientes a la CTA y la CGT anunci\u00f3 hoy en conferencia de prensa el estado de alerta y movilizaci\u00f3n de todos los trabajadores de los Estados nacional, provincial y municipal ante la falta de repuestas al pedido de aumento salarial del 30 [&hellip;]<\/p>\n","protected":false},"author":1,"featured_media":19220,"comment_status":"open","ping_status":"open","sticky":false,"template":"","format":"standard","meta":{"_exactmetrics_skip_tracking":false,"_exactmetrics_sitenote_active":false,"_exactmetrics_sitenote_note":"","_exactmetrics_sitenote_category":0,"jnews-multi-image_gallery":[],"jnews_single_post":[],"jnews_primary_category":[],"jnews_social_meta":[],"jnews_review":[],"enable_review":"","type":"","name":"","summary":"","brand":"","sku":"","good":[],"bad":[],"score_override":"","override_value":"","rating":[],"price":[],"jnews_override_counter":[],"jnews_post_split":[],"footnotes":""},"categories":[18],"tags":[],"class_list":["post-2645","post","type-post","status-publish","format-standard","has-post-thumbnail","hentry","category-nacionales"],"jetpack_featured_media_url":"https:\/\/atecordoba.org\/wp-content\/uploads\/2020\/05\/logo-nuevochico-e1561581322808.png","_links":{"self":[{"href":"https:\/\/atecordoba.org\/index.php?rest_route=\/wp\/v2\/posts\/2645","targetHints":{"allow":["GET"]}}],"collection":[{"href":"https:\/\/atecordoba.org\/index.php?rest_route=\/wp\/v2\/posts"}],"about":[{"href":"https:\/\/atecordoba.org\/index.php?rest_route=\/wp\/v2\/types\/post"}],"author":[{"embeddable":true,"href":"https:\/\/atecordoba.org\/index.php?rest_route=\/wp\/v2\/users\/1"}],"replies":[{"embeddable":true,"href":"https:\/\/atecordoba.org\/index.php?rest_route=%2Fwp%2Fv2%2Fcomments&post=2645"}],"version-history":[{"count":0,"href":"https:\/\/atecordoba.org\/index.php?rest_route=\/wp\/v2\/posts\/2645\/revisions"}],"wp:featuredmedia":[{"embeddable":true,"href":"https:\/\/atecordoba.org\/index.php?rest_route=\/wp\/v2\/media\/19220"}],"wp:attachment":[{"href":"https:\/\/atecordoba.org\/index.php?rest_route=%2Fwp%2Fv2%2Fmedia&parent=2645"}],"wp:term":[{"taxonomy":"category","embeddable":true,"href":"https:\/\/atecordoba.org\/index.php?rest_route=%2Fwp%2Fv2%2Fcategories&post=2645"},{"taxonomy":"post_tag","embeddable":true,"href":"https:\/\/atecordoba.org\/index.php?rest_route=%2Fwp%2Fv2%2Ftags&post=2645"}],"curies":[{"name":"wp","href":"https:\/\/api.w.org\/{rel}","templated":true}]}}