{"id":26440,"date":"2021-06-25T09:37:39","date_gmt":"2021-06-25T12:37:39","guid":{"rendered":"https:\/\/atecordoba.org\/?p=26440"},"modified":"2021-06-25T09:46:53","modified_gmt":"2021-06-25T12:46:53","slug":"comenzo-el-trayecto-de-formacion-en-salud-sexual-ddhh-y-diversidad","status":"publish","type":"post","link":"https:\/\/atecordoba.org\/?p=26440","title":{"rendered":"Comenz\u00f3 el trayecto de formaci\u00f3n en salud sexual, DDHH y diversidad"},"content":{"rendered":"\n<figure class=\"wp-block-gallery columns-3 is-cropped wp-block-gallery-1 is-layout-flex wp-block-gallery-is-layout-flex\"><ul class=\"blocks-gallery-grid\"><li class=\"blocks-gallery-item\"><figure><img loading=\"lazy\" decoding=\"async\" width=\"300\" height=\"169\" src=\"https:\/\/atecordoba.org\/wp-content\/uploads\/2021\/06\/unnamed-300x169.png\" alt=\"\" data-id=\"26449\" data-full-url=\"https:\/\/atecordoba.org\/wp-content\/uploads\/2021\/06\/unnamed.png\" data-link=\"https:\/\/atecordoba.org\/?attachment_id=26449\" class=\"wp-image-26449\" srcset=\"https:\/\/atecordoba.org\/wp-content\/uploads\/2021\/06\/unnamed-300x169.png 300w, https:\/\/atecordoba.org\/wp-content\/uploads\/2021\/06\/unnamed-1024x576.png 1024w, https:\/\/atecordoba.org\/wp-content\/uploads\/2021\/06\/unnamed-768x432.png 768w, https:\/\/atecordoba.org\/wp-content\/uploads\/2021\/06\/unnamed-1536x864.png 1536w, https:\/\/atecordoba.org\/wp-content\/uploads\/2021\/06\/unnamed-750x422.png 750w, https:\/\/atecordoba.org\/wp-content\/uploads\/2021\/06\/unnamed-1140x641.png 1140w, https:\/\/atecordoba.org\/wp-content\/uploads\/2021\/06\/unnamed.png 1920w\" sizes=\"auto, (max-width: 300px) 100vw, 300px\" \/><\/figure><\/li><li class=\"blocks-gallery-item\"><figure><img loading=\"lazy\" decoding=\"async\" width=\"300\" height=\"169\" src=\"https:\/\/atecordoba.org\/wp-content\/uploads\/2021\/06\/image-7-300x169.png\" alt=\"\" data-id=\"26448\" data-full-url=\"https:\/\/atecordoba.org\/wp-content\/uploads\/2021\/06\/image-7.png\" data-link=\"https:\/\/atecordoba.org\/?attachment_id=26448\" class=\"wp-image-26448\" srcset=\"https:\/\/atecordoba.org\/wp-content\/uploads\/2021\/06\/image-7-300x169.png 300w, https:\/\/atecordoba.org\/wp-content\/uploads\/2021\/06\/image-7-1024x576.png 1024w, https:\/\/atecordoba.org\/wp-content\/uploads\/2021\/06\/image-7-768x432.png 768w, https:\/\/atecordoba.org\/wp-content\/uploads\/2021\/06\/image-7-1536x864.png 1536w, https:\/\/atecordoba.org\/wp-content\/uploads\/2021\/06\/image-7-750x422.png 750w, https:\/\/atecordoba.org\/wp-content\/uploads\/2021\/06\/image-7-1140x641.png 1140w, https:\/\/atecordoba.org\/wp-content\/uploads\/2021\/06\/image-7.png 1920w\" sizes=\"auto, (max-width: 300px) 100vw, 300px\" \/><\/figure><\/li><li class=\"blocks-gallery-item\"><figure><img loading=\"lazy\" decoding=\"async\" width=\"300\" height=\"169\" src=\"https:\/\/atecordoba.org\/wp-content\/uploads\/2021\/06\/image-6-300x169.png\" alt=\"\" data-id=\"26447\" data-full-url=\"https:\/\/atecordoba.org\/wp-content\/uploads\/2021\/06\/image-6.png\" data-link=\"https:\/\/atecordoba.org\/?attachment_id=26447\" class=\"wp-image-26447\" srcset=\"https:\/\/atecordoba.org\/wp-content\/uploads\/2021\/06\/image-6-300x169.png 300w, https:\/\/atecordoba.org\/wp-content\/uploads\/2021\/06\/image-6-1024x576.png 1024w, https:\/\/atecordoba.org\/wp-content\/uploads\/2021\/06\/image-6-768x432.png 768w, https:\/\/atecordoba.org\/wp-content\/uploads\/2021\/06\/image-6-1536x864.png 1536w, https:\/\/atecordoba.org\/wp-content\/uploads\/2021\/06\/image-6-750x422.png 750w, https:\/\/atecordoba.org\/wp-content\/uploads\/2021\/06\/image-6-1140x641.png 1140w, https:\/\/atecordoba.org\/wp-content\/uploads\/2021\/06\/image-6.png 1920w\" sizes=\"auto, (max-width: 300px) 100vw, 300px\" \/><\/figure><\/li><li class=\"blocks-gallery-item\"><figure><img loading=\"lazy\" decoding=\"async\" width=\"300\" height=\"169\" src=\"https:\/\/atecordoba.org\/wp-content\/uploads\/2021\/06\/image-5-300x169.png\" alt=\"\" data-id=\"26446\" data-full-url=\"https:\/\/atecordoba.org\/wp-content\/uploads\/2021\/06\/image-5.png\" data-link=\"https:\/\/atecordoba.org\/?attachment_id=26446\" class=\"wp-image-26446\" srcset=\"https:\/\/atecordoba.org\/wp-content\/uploads\/2021\/06\/image-5-300x169.png 300w, https:\/\/atecordoba.org\/wp-content\/uploads\/2021\/06\/image-5-1024x576.png 1024w, https:\/\/atecordoba.org\/wp-content\/uploads\/2021\/06\/image-5-768x432.png 768w, https:\/\/atecordoba.org\/wp-content\/uploads\/2021\/06\/image-5-1536x864.png 1536w, https:\/\/atecordoba.org\/wp-content\/uploads\/2021\/06\/image-5-750x422.png 750w, https:\/\/atecordoba.org\/wp-content\/uploads\/2021\/06\/image-5-1140x641.png 1140w, https:\/\/atecordoba.org\/wp-content\/uploads\/2021\/06\/image-5.png 1920w\" sizes=\"auto, (max-width: 300px) 100vw, 300px\" \/><\/figure><\/li><li class=\"blocks-gallery-item\"><figure><img loading=\"lazy\" decoding=\"async\" width=\"300\" height=\"169\" src=\"https:\/\/atecordoba.org\/wp-content\/uploads\/2021\/06\/image-4-300x169.png\" alt=\"\" data-id=\"26445\" data-full-url=\"https:\/\/atecordoba.org\/wp-content\/uploads\/2021\/06\/image-4.png\" data-link=\"https:\/\/atecordoba.org\/?attachment_id=26445\" class=\"wp-image-26445\" srcset=\"https:\/\/atecordoba.org\/wp-content\/uploads\/2021\/06\/image-4-300x169.png 300w, https:\/\/atecordoba.org\/wp-content\/uploads\/2021\/06\/image-4-1024x576.png 1024w, https:\/\/atecordoba.org\/wp-content\/uploads\/2021\/06\/image-4-768x432.png 768w, https:\/\/atecordoba.org\/wp-content\/uploads\/2021\/06\/image-4-1536x864.png 1536w, https:\/\/atecordoba.org\/wp-content\/uploads\/2021\/06\/image-4-750x422.png 750w, https:\/\/atecordoba.org\/wp-content\/uploads\/2021\/06\/image-4-1140x641.png 1140w, https:\/\/atecordoba.org\/wp-content\/uploads\/2021\/06\/image-4.png 1920w\" sizes=\"auto, (max-width: 300px) 100vw, 300px\" \/><\/figure><\/li><li class=\"blocks-gallery-item\"><figure><img loading=\"lazy\" decoding=\"async\" width=\"300\" height=\"169\" src=\"https:\/\/atecordoba.org\/wp-content\/uploads\/2021\/06\/image-3-300x169.png\" alt=\"\" data-id=\"26444\" data-full-url=\"https:\/\/atecordoba.org\/wp-content\/uploads\/2021\/06\/image-3.png\" data-link=\"https:\/\/atecordoba.org\/?attachment_id=26444\" class=\"wp-image-26444\" srcset=\"https:\/\/atecordoba.org\/wp-content\/uploads\/2021\/06\/image-3-300x169.png 300w, https:\/\/atecordoba.org\/wp-content\/uploads\/2021\/06\/image-3-1024x576.png 1024w, https:\/\/atecordoba.org\/wp-content\/uploads\/2021\/06\/image-3-768x432.png 768w, https:\/\/atecordoba.org\/wp-content\/uploads\/2021\/06\/image-3-1536x864.png 1536w, https:\/\/atecordoba.org\/wp-content\/uploads\/2021\/06\/image-3-750x422.png 750w, https:\/\/atecordoba.org\/wp-content\/uploads\/2021\/06\/image-3-1140x641.png 1140w, https:\/\/atecordoba.org\/wp-content\/uploads\/2021\/06\/image-3.png 1920w\" sizes=\"auto, (max-width: 300px) 100vw, 300px\" \/><\/figure><\/li><\/ul><\/figure>\n\n\n\n<p>El pasado 23 de junio el Departamento de G\u00e9neros y Diversidades del Consejo Directivo Provincial de ATE C\u00f3rdoba, junto a la Secretar\u00eda de Formaci\u00f3n, dieron comienzo a un trayecto de formaci\u00f3n sobre acceso a la salud p\u00fablica y DDHH para personas trans y travestis.<\/p>\n\n\n\n<p>La actividad dirigida al personal de salud y abierta a todo p\u00fablico constar\u00e1 de 8 encuentros donde se abordar\u00e1n distintas tem\u00e1ticas: desde nociones b\u00e1sicas sobre sexualidad, g\u00e9nero y diversidad, hasta normativa nacional e internacional, IVE, prevenci\u00f3n de ITS y VIH desde perspectiva de g\u00e9nero y diversidad sexual, atenci\u00f3n psicol\u00f3gica, etc. Las clases se llevar\u00e1n a cabo a trav\u00e9s del aula virtual que gestiona Mar\u00eda Sotti, integrante del CDP. <\/p>\n\n\n\n<p>La presentaci\u00f3n estuvo coordinada por la secretaria de Prensa de ATE C\u00f3rdoba, Julia Giuliani, que mostr\u00f3 la ilusi\u00f3n de todo el colectivo de ATE por esta iniciativa.<\/p>\n\n\n\n<p>En tal sentido,  , destac\u00f3 que &#8220;apostamos desde ATE a las construcciones colectivas, estamos con Eugenio Talbot, Santiago Orsi, Trinidad Trejo, con quienes empezamos a pensar esta posibilidad. Con muchas ganas de hacer y poder formarnos en un \u00e1rea que es materia pendiente&#8221;.<\/p>\n\n\n\n<p>A su turno, el secretario General de ATE C\u00f3rdoba, Federico Giuliani, dio la bienvenida a todas, todos y todes y se\u00f1al\u00f3 que &#8220;esta iniciativa que lleva adelante&nbsp; nuestra conducci\u00f3n nos llena de orgullo. Siempre decimos que ATE es mucho m\u00e1s que un sindicato, y nos parece importante que la instancia formativa tenga esta modalidad. Logramos el a\u00f1o pasado entender&nbsp;que la virtualidad, si bien no suplanta el cara a cara, es una herramienta importante para utilizar en tiempos&nbsp; de restricciones. Por eso logramos constituir nuestra aula virtual, eso nos da un salto&nbsp; de calidad. Esta escuela de formaci\u00f3n en g\u00e9nero tiene el nombre de Mar\u00eda Lila Garc\u00eda,&nbsp; una hist\u00f3rica dirigente de ATE en C\u00f3rdoba, protagonista del Cordobazo y de tantas luchas&#8221;.<\/p>\n\n\n\n<p>El dirigente afirm\u00f3 que &#8220;creemos que es importante que todo lo que el Estado no garantiza, lo logremos como dirigentes y activistas sindicales para hacer que se cumplan. Porque como dec\u00eda Evita los derechos no&nbsp; se mendigan sino que se conquistan&#8221;.<\/p>\n\n\n\n<p>Y agreg\u00f3 que &#8220;en aquellos lugares donde hay un derecho que no se cumple, la organizaci\u00f3n sindical, la lucha colectiva seguramente ser\u00e1n las que nos permitan conquistarlos. Para eso hay que conocer nuestros derechos&nbsp; y por eso es importante esta instancia formativa, que nos convierta en dirigentes integrales, que sepamos organizar una asamblea, llevar adelante una audiencia, pero tambi\u00e9n formarnos para tener m\u00e1s insumos para la hora de la pelea.  Y que tambi\u00e9n nos sirva como trabajadores y trabajadoras del Estado no solo&nbsp;estamos para pelear salarios y mejoras laborales, sino que queremos discutir cu\u00e1l es el rol del Estado y&nbsp; para eso vamos a coincidir que queremos un Estado fuerte para liberar a la naci\u00f3n&#8221;.<\/p>\n\n\n\n<p>Giuliani alent\u00f3 a los presentes a seguir &#8220;caminando juntos que la unidad&nbsp; dela organizaci\u00f3n, la lucha colectiva es la que nos va a&nbsp; permitir salir de la mejor manera de esta pandemia&#8221;. &nbsp;<\/p>\n\n\n\n<p><strong>M\u00e1s testimonios<\/strong><\/p>\n\n\n\n<p>Seguidamente, el secretario de Formaci\u00f3n del CDP,  Cesar Theaux, asegur\u00f3 que &#8220;pretendemos que la discusi\u00f3n y el debate pol\u00edtico no pasa por l\u00edneas prearmadas sino por la libertad de todas, todos y todes de hacer de este gremio&nbsp;lo que realmente creemos que genera mejores condiciones para representar a los estatales. Creemos que es&nbsp; responsabilidad de los trabajadores entender que si expectativa de vida de una persona es de 36 a\u00f1os y lamia de 80 algo tengo que hacer&nbsp; urgente&#8221;.<\/p>\n\n\n\n<p>Despu\u00e9s tom\u00f3 la palabra Eugenio Talbot, afiliado de ATE y uno de los encargados de dictar el curso. Talbot cont\u00f3 que &#8220;esto surge en parte por una situaci\u00f3n espec\u00edfica, de un compa\u00f1ero trans que estaba internado en el hospital y nadie lo atend\u00eda por su condici\u00f3n. Lo mandaban a un consultorio inclusivo o amigable para que lo atendiera un endocrin\u00f3logo cuando en realidad ten\u00eda un grave problema renal por el cual hoy&nbsp; est\u00e1 en di\u00e1lisis. Nadie lo atendi\u00f3 en la emergencia. El curso pretende que hablemos de estas cosas, las necesidades de la poblaci\u00f3n trans y travestis&#8221;.<\/p>\n\n\n\n<p>Talbot asegur\u00f3 que &#8220;es importante que la palabra la tengamos nosotros y nosotras, normalmente esa palabra la suelen usurpar otros que no pertenecen a nuestra poblaci\u00f3n. As\u00ed que es un gusto que Daniela, Jenifer y otros compa\u00f1eros y compa\u00f1eras que son trans y travestis y hoy est\u00e1n ac\u00e1 participando. Yo soy un var\u00f3n travesti que viv\u00ed los a\u00f1os 70, 80 y 90 que puede comunicarme con mis compa\u00f1eros y compa\u00f1eras que hoy no est\u00e1n porque tuvieron una expectativa de vida de 35 a\u00f1os y que algunos de nosotros la logramos pasar no s\u00e9 c\u00f3mo&#8221;.<\/p>\n\n\n\n<p>&#8220;Porque la cana nos detuvo y nos golpe\u00f3 muchas veces, porque la democracia no lleg\u00f3 para nosotros de la misma forma que para el conjunto de la poblaci\u00f3n, y prueba de esto es la la ley de cupo laboral que se aprueba esta semana en el Congreso. Este cupo alcanza solo al 1% del cupo laboral pero es un avance porque apostamos a poder transformar las estructuras del Estado y construir pol\u00edticas de Estado&#8221;, cont\u00f3 el compa\u00f1ero.<\/p>\n\n\n\n<p>Y finaliz\u00f3 su introducci\u00f3n apuntando que &#8220;estoy muy orgulloso de pertenecer a ATE, vengo de una familia de militantes, mis pap\u00e1s son desparecidos, mis t\u00edos son desaparecidos, mi abuela fue Madre de Plaza de Mayo y la lucha&nbsp; por los derechos de los trabajadores fue un eje fundamental en sus vidas. Yo no lo pude ejercer jam\u00e1s por ser una persona trans. Trabaj\u00e9 toda la vida pero&nbsp; no tuve empleo, como le pasa a muchas de las travestis y trans. Por primera vez, a los 50 a\u00f1os, tengo un puesto de trabajo firme y por primera vez puedo tener el gusto de afiliarme aun gremio y luchar por el derecho de todos y todas. Esto cambio nuestra realidad y en esa apuesta tambi\u00e9n est\u00e1 la salud&#8221;. &nbsp;&nbsp;<\/p>\n\n\n\n<p>Asu turno, la abogada Trinidad Trejo, que integra el equipo de formadores relat\u00f3 que &#8220;vengo de familia de ATE de Santiago del Estero. Como dice C\u00e9sar, conf\u00edo en el ejercicio del derecho en zapatillas, porque si uno no se calza c\u00f3modamente en las leyes y no las entiende, jam\u00e1s las puede ejercer como derechos. Esperamos bajar el lenguaje jur\u00eddico para que nos entendamos todos, todas y todes. No se trata de tolerar sino de respetarlos derechos entendiendo que el camino es hacer efectivos los derechos y acercarlos a las personas para que as\u00ed puedan gozarlos en plenitud&#8221;.<\/p>\n\n\n\n<p>Por \u00faltimo, Santiago Orsi, tambi\u00e9n afiliado de ATE y tercera pata del equipo de formaci\u00f3n del trayecto celebr\u00f3 que el curso se lance que &#8220;este mes el 28 de junio se celebra el D\u00eda del orgullo LGTBYQ+y creo que es un buen momento para poder empezar a escucharnos entre todes y empezar respetar a las personas que tienen que contar su historia&#8221;.<\/p>\n\n\n\n<p>Como ya anunciamos en su oportunidad, las y los interesados en inscribirse pueden ingresar <a href=\"https:\/\/docs.google.com\/forms\/d\/e\/1FAIpQLSdWFA7L75EQdjcttaGLnCUdWfepuZeTapEIuwBH2BB68DA4Ug\/viewform\">aqu\u00ed<\/a>. En tanto, para conocer detalles de la formaci\u00f3n, ingresar<a href=\"https:\/\/atecordoba.org\/?p=25700\"> ac\u00e1<\/a>. <\/p>\n","protected":false},"excerpt":{"rendered":"<p>El pasado 23 de junio el Departamento de G\u00e9neros y Diversidades del Consejo Directivo Provincial de ATE C\u00f3rdoba, junto a la Secretar\u00eda de Formaci\u00f3n, dieron comienzo a un trayecto de formaci\u00f3n sobre acceso a la salud p\u00fablica y DDHH para personas trans y travestis. La actividad dirigida al personal de salud y abierta a todo [&hellip;]<\/p>\n","protected":false},"author":7,"featured_media":26446,"comment_status":"open","ping_status":"open","sticky":false,"template":"","format":"standard","meta":{"_exactmetrics_skip_tracking":false,"_exactmetrics_sitenote_active":false,"_exactmetrics_sitenote_note":"","_exactmetrics_sitenote_category":0,"jnews-multi-image_gallery":[],"jnews_single_post":{"subtitle":"","format":"standard","video":"","gallery":"","source_name":"","source_url":"","via_name":"","via_url":"","override":[{"single_blog_custom":"","sidebar":"","second_sidebar":"","share_position":"","share_float_style":"","post_date_format":"","post_date_format_custom":"","post_reading_time_wpm":"","zoom_button_out_step":"1","zoom_button_in_step":"1","number_popup_post":"1"}],"image_override":[{"single_post_thumbnail_size":"","single_post_gallery_size":""}],"trending_post_position":"","trending_post_label":"","sponsored_post_label":"","sponsored_post_name":"","sponsored_post_url":"","sponsored_post_logo":"","sponsored_post_desc":""},"jnews_primary_category":{"id":""},"jnews_social_meta":{"fb_title":"","fb_description":"","fb_image":"","twitter_title":"","twitter_description":"","twitter_image":""},"jnews_review":[],"enable_review":"","type":"percentage","name":"","summary":"","brand":"","sku":"","good":[{"good_text":""}],"bad":[{"bad_text":""}],"score_override":"","override_value":"","rating":[{"rating_text":"","rating_number":"10"}],"price":[{"shop":"","price":"","link":"","icon":""}],"jnews_override_counter":{"view_counter_number":"0","share_counter_number":"0","like_counter_number":"0","dislike_counter_number":"0"},"jnews_post_split":{"post_split":[{"template":"1","tag":"h2","numbering":"asc","mode":"normal","toc_type":"normal"}]},"footnotes":""},"categories":[341,88,325],"tags":[],"class_list":["post-26440","post","type-post","status-publish","format-standard","has-post-thumbnail","hentry","category-cdp","category-formacion","category-generos-y-diversidades"],"jetpack_featured_media_url":"https:\/\/atecordoba.org\/wp-content\/uploads\/2021\/06\/image-5.png","_links":{"self":[{"href":"https:\/\/atecordoba.org\/index.php?rest_route=\/wp\/v2\/posts\/26440","targetHints":{"allow":["GET"]}}],"collection":[{"href":"https:\/\/atecordoba.org\/index.php?rest_route=\/wp\/v2\/posts"}],"about":[{"href":"https:\/\/atecordoba.org\/index.php?rest_route=\/wp\/v2\/types\/post"}],"author":[{"embeddable":true,"href":"https:\/\/atecordoba.org\/index.php?rest_route=\/wp\/v2\/users\/7"}],"replies":[{"embeddable":true,"href":"https:\/\/atecordoba.org\/index.php?rest_route=%2Fwp%2Fv2%2Fcomments&post=26440"}],"version-history":[{"count":5,"href":"https:\/\/atecordoba.org\/index.php?rest_route=\/wp\/v2\/posts\/26440\/revisions"}],"predecessor-version":[{"id":26457,"href":"https:\/\/atecordoba.org\/index.php?rest_route=\/wp\/v2\/posts\/26440\/revisions\/26457"}],"wp:featuredmedia":[{"embeddable":true,"href":"https:\/\/atecordoba.org\/index.php?rest_route=\/wp\/v2\/media\/26446"}],"wp:attachment":[{"href":"https:\/\/atecordoba.org\/index.php?rest_route=%2Fwp%2Fv2%2Fmedia&parent=26440"}],"wp:term":[{"taxonomy":"category","embeddable":true,"href":"https:\/\/atecordoba.org\/index.php?rest_route=%2Fwp%2Fv2%2Fcategories&post=26440"},{"taxonomy":"post_tag","embeddable":true,"href":"https:\/\/atecordoba.org\/index.php?rest_route=%2Fwp%2Fv2%2Ftags&post=26440"}],"curies":[{"name":"wp","href":"https:\/\/api.w.org\/{rel}","templated":true}]}}