{"id":26439,"date":"2021-06-25T09:32:20","date_gmt":"2021-06-25T12:32:20","guid":{"rendered":"https:\/\/atecordoba.org\/?p=26439"},"modified":"2021-06-25T11:35:37","modified_gmt":"2021-06-25T14:35:37","slug":"el-departamento-de-discapacidad-de-ate-cordoba-de-reunio-con-autoridades-de-la-agencia-nacional-de-discapacidad","status":"publish","type":"post","link":"https:\/\/atecordoba.org\/?p=26439","title":{"rendered":"El Departamento de Discapacidad de ATE C\u00f3rdoba de reuni\u00f3 con autoridades de la Agencia Nacional de Discapacidad"},"content":{"rendered":"\n<p>Franco Orsato, Director del Departamento mantuvo audiencias con Mar\u00eda Antonella Cozzi, Jefa Asesora de ANDIS y la Dra. Paula Mart\u00ednez Directora Nacional de Apoyos y Asignaciones Econ\u00f3micas.<\/p>\n\n\n\n<figure class=\"wp-block-image size-large\"><img loading=\"lazy\" decoding=\"async\" width=\"1024\" height=\"768\" src=\"https:\/\/atecordoba.org\/wp-content\/uploads\/2021\/06\/187346642_10215648840854476_391020732277363017_n-1-1024x768.jpg\" alt=\"\" class=\"wp-image-26441\" srcset=\"https:\/\/atecordoba.org\/wp-content\/uploads\/2021\/06\/187346642_10215648840854476_391020732277363017_n-1-1024x768.jpg 1024w, https:\/\/atecordoba.org\/wp-content\/uploads\/2021\/06\/187346642_10215648840854476_391020732277363017_n-1-300x225.jpg 300w, https:\/\/atecordoba.org\/wp-content\/uploads\/2021\/06\/187346642_10215648840854476_391020732277363017_n-1-768x576.jpg 768w, https:\/\/atecordoba.org\/wp-content\/uploads\/2021\/06\/187346642_10215648840854476_391020732277363017_n-1-750x563.jpg 750w, https:\/\/atecordoba.org\/wp-content\/uploads\/2021\/06\/187346642_10215648840854476_391020732277363017_n-1-1140x855.jpg 1140w, https:\/\/atecordoba.org\/wp-content\/uploads\/2021\/06\/187346642_10215648840854476_391020732277363017_n-1.jpg 1280w\" sizes=\"auto, (max-width: 1024px) 100vw, 1024px\" \/><\/figure>\n\n\n\n<p>El pasado jueves 24 de Junio, Franco Orsato, Director del Departamento de Discapacidad de ATE C\u00f3rdoba, mantuvo una audiencia en la ciudad de R\u00edo Cuarto con Mar\u00eda Antonella Cozzi Jefa Asesora de ANDIS (Agencia Nacional de Discapacidad). Esta reuni\u00f3n fue con el objetivo de delinear un trabajo articulado entre la oficina de ANDIS y el Departamento de Discapacidad a los fines de poder llegar al territorio y divulgar los programas que mantienen actualmente.<\/p>\n\n\n\n<p>Estos programas son diversos y muy variados, como por ejemplo el CUI, Impuesto al Cheque, Pensiones no contributivas, asistencia en medicamentos, una serie de medidas que son interesantes de divulgar y gestionar.<\/p>\n\n\n\n<p>Por la tarde, Orsato como delegado de Pensiones no contributivas de ATE junto al resto de las compa\u00f1eras, se reunieron con la Dra. Paula Mart\u00ednez quien es Directora Nacional de Apoyo de Asignaciones Econ\u00f3micas de ANDIS, a los fines de poder trabajar mancomunadamente en buscar una salida respecto al programa de pensiones no contributivas pero tambi\u00e9n modular el resto de los programas que mantiene la Agencia Nacional de Discapacidad y conseguir un lugar f\u00edsico para poder desarrollarlos.<\/p>\n\n\n\n<p>ATE elev\u00f3 un esquema de trabajo y un proyecto a los fines de empezar a encauzar los distintos programas para capacitar a las y los trabajadores, para de esa manera poder darle la seguridad a quienes trabajan en ANDIS de la estabilidad laboral y empezar a visualizar al final del t\u00fanel una luz respecto al compromiso que debe tener la Agencia de Discapacidad como empleadora respecto a las y los trabajadores de lo que era la Comisi\u00f3n Nacional de Pensiones y que hoy esta nucleado dentro de ANDIS.<\/p>\n\n\n\n<p>Se llegaron a puntos de acuerdo con el compromiso de Mart\u00ednez en capacitar a los agentes y que en un tiempo no muy lejano, se pongan en marcha el trabajo articulado y territorial b\u00e1sicamente, de todos los programas de la agencia poder llegar a la poblaci\u00f3n m\u00e1s vulnerable con los derechos que posee dicha agencia.<\/p>\n\n\n\n<p><\/p>\n","protected":false},"excerpt":{"rendered":"<p>Franco Orsato, Director del Departamento mantuvo audiencias con Mar\u00eda Antonella Cozzi, Jefa Asesora de ANDIS y la Dra. Paula Mart\u00ednez Directora Nacional de Apoyos y Asignaciones Econ\u00f3micas. El pasado jueves 24 de Junio, Franco Orsato, Director del Departamento de Discapacidad de ATE C\u00f3rdoba, mantuvo una audiencia en la ciudad de R\u00edo Cuarto con Mar\u00eda Antonella [&hellip;]<\/p>\n","protected":false},"author":3,"featured_media":26441,"comment_status":"open","ping_status":"open","sticky":false,"template":"","format":"standard","meta":{"_exactmetrics_skip_tracking":false,"_exactmetrics_sitenote_active":false,"_exactmetrics_sitenote_note":"","_exactmetrics_sitenote_category":0,"jnews-multi-image_gallery":[],"jnews_single_post":{"subtitle":"","format":"standard","video":"","gallery":"","source_name":"","source_url":"","via_name":"","via_url":"","override":[{"single_blog_custom":"","sidebar":"","second_sidebar":"","share_position":"","share_float_style":"","post_date_format":"","post_date_format_custom":"","post_reading_time_wpm":"","zoom_button_out_step":"1","zoom_button_in_step":"1","number_popup_post":"1"}],"image_override":[{"single_post_thumbnail_size":"","single_post_gallery_size":""}],"trending_post_position":"","trending_post_label":"","sponsored_post_label":"","sponsored_post_name":"","sponsored_post_url":"","sponsored_post_logo":"","sponsored_post_desc":""},"jnews_primary_category":{"id":""},"jnews_social_meta":{"fb_title":"","fb_description":"","fb_image":"","twitter_title":"","twitter_description":"","twitter_image":""},"jnews_review":[],"enable_review":"","type":"percentage","name":"","summary":"","brand":"","sku":"","good":[{"good_text":""}],"bad":[{"bad_text":""}],"score_override":"","override_value":"","rating":[{"rating_text":"","rating_number":"10"}],"price":[{"shop":"","price":"","link":"","icon":""}],"jnews_override_counter":{"view_counter_number":"0","share_counter_number":"0","like_counter_number":"0","dislike_counter_number":"0"},"jnews_post_split":{"post_split":[{"template":"1","tag":"h2","numbering":"asc","mode":"normal","toc_type":"normal"}]},"footnotes":""},"categories":[1],"tags":[680,545],"class_list":["post-26439","post","type-post","status-publish","format-standard","has-post-thumbnail","hentry","category-sin-categoria","tag-andis","tag-discapacidad"],"jetpack_featured_media_url":"https:\/\/atecordoba.org\/wp-content\/uploads\/2021\/06\/187346642_10215648840854476_391020732277363017_n-1.jpg","_links":{"self":[{"href":"https:\/\/atecordoba.org\/index.php?rest_route=\/wp\/v2\/posts\/26439","targetHints":{"allow":["GET"]}}],"collection":[{"href":"https:\/\/atecordoba.org\/index.php?rest_route=\/wp\/v2\/posts"}],"about":[{"href":"https:\/\/atecordoba.org\/index.php?rest_route=\/wp\/v2\/types\/post"}],"author":[{"embeddable":true,"href":"https:\/\/atecordoba.org\/index.php?rest_route=\/wp\/v2\/users\/3"}],"replies":[{"embeddable":true,"href":"https:\/\/atecordoba.org\/index.php?rest_route=%2Fwp%2Fv2%2Fcomments&post=26439"}],"version-history":[{"count":1,"href":"https:\/\/atecordoba.org\/index.php?rest_route=\/wp\/v2\/posts\/26439\/revisions"}],"predecessor-version":[{"id":26442,"href":"https:\/\/atecordoba.org\/index.php?rest_route=\/wp\/v2\/posts\/26439\/revisions\/26442"}],"wp:featuredmedia":[{"embeddable":true,"href":"https:\/\/atecordoba.org\/index.php?rest_route=\/wp\/v2\/media\/26441"}],"wp:attachment":[{"href":"https:\/\/atecordoba.org\/index.php?rest_route=%2Fwp%2Fv2%2Fmedia&parent=26439"}],"wp:term":[{"taxonomy":"category","embeddable":true,"href":"https:\/\/atecordoba.org\/index.php?rest_route=%2Fwp%2Fv2%2Fcategories&post=26439"},{"taxonomy":"post_tag","embeddable":true,"href":"https:\/\/atecordoba.org\/index.php?rest_route=%2Fwp%2Fv2%2Ftags&post=26439"}],"curies":[{"name":"wp","href":"https:\/\/api.w.org\/{rel}","templated":true}]}}