{"id":26435,"date":"2021-06-24T22:38:03","date_gmt":"2021-06-25T01:38:03","guid":{"rendered":"https:\/\/atecordoba.org\/?p=26435"},"modified":"2021-06-24T22:38:04","modified_gmt":"2021-06-25T01:38:04","slug":"el-cupo-laboral-travesti-trans-es-ley-la-importancia-del-estado-para-garantizar-mas-derechos","status":"publish","type":"post","link":"https:\/\/atecordoba.org\/?p=26435","title":{"rendered":"El cupo laboral travesti trans, es ley. La importancia del Estado para garantizar m\u00e1s derechos"},"content":{"rendered":"\n<p>La Asociaci\u00f3n de Trabajadores del Estado Provincia de C\u00f3rdoba, celebramos y festejamos que el cupo laboral travesti trans, sea ley.<\/p>\n\n\n\n<p class=\"has-text-align-left\">Por Lohana, por Diana, y por muchas y muchos otros. Este, es un acto de justicia.<\/p>\n\n\n\n<p>Desde que esta nueva conducci\u00f3n representada hoy en la figura de Federico Giuliani como Secretario General, asumi\u00f3 all\u00e1 a fines de 2019, se propuso trabajar fuertemente en la inclusi\u00f3n, en la inclusi\u00f3n con una perspectiva de derechos, de g\u00e9neros y diversidades. No en vano la primer resoluci\u00f3n fue crear el Departamento de G\u00e9neros y Diversidades, por esto Gabriela Alcoba una de las Directoras del Departamento se expres\u00f3 ante este momento hist\u00f3rico: \u201ces una reparaci\u00f3n hist\u00f3rica, tras a\u00f1os de discriminaci\u00f3n, violencia, falta de acceso al trabajo formal, esta ley viene a garantizar la vida. Porque en realidad cuando hablamos al acceso a un trabajo genuino y de calidad para las personas travesti trans, hablamos de vida, de extender la posibilidad de la vida a partir de la ampliaci\u00f3n de derechos. Estamos muy contentas por este logro que se viene hace muchos a\u00f1os debatiendo\u2026 hoy es ley, a festejar la vida\u201d, expres\u00f3 Gaby.<\/p>\n\n\n\n<p>Hace escasos meses Eugenio Talbot, var\u00f3n trans, militante del colectivo, defensor de causas justas, se afili\u00f3 a ATE. Trabajador del Ministerio de las Mujeres, G\u00e9neros y Diversidad de la Naci\u00f3n al fin con un trabajo formal a sus casi 50 a\u00f1os, decidi\u00f3 sindicalizarse, organizarse en ATE para aportar desde aqu\u00ed una mirada sumamente necesaria en los sindicatos.<\/p>\n\n\n\n<p>Eugenio se\u00f1ala que la ley que hoy se aprob\u00f3 es \u201cuna conquista de una lucha hist\u00f3rica de la poblaci\u00f3n trans travesti de la Rep\u00fablica Argentina. Desde que la patria fue fundada como patria, se constituy\u00f3 un Estado machista, h\u00e9teronormado y esta lucha, ha sido una lucha que se pag\u00f3 con sangre, con vida, se han criminalizado nuestras identidades y reci\u00e9n en 2012 hemos sido considerados como sujetos y sujetas con derechos a manifestar nuestra identidad, pero han pasado 10 a\u00f1os hasta que se nos han reconocido otros de los derechos fundamentales de la democracia, el derecho al trabajo\u201d.<\/p>\n\n\n\n<p>Esta ley tiene q ver con derechos humanos fundamentales, \u201cel trabajo como dijo Lohana (Berkins, referente y militante de la comunidad travesti trans) es un organizador para nuestras vidas, el trabajo nos permite acceder a una jubilaci\u00f3n, una obra social, estudios, preparaci\u00f3n, as\u00ed que festejamos esto porque ahora nuestro camino debe ampliarse y debe incluir a otros actores como son los <strong>sindicatos<\/strong>, es tiempo de que los sindicatos y aquellos que estamos afiliados y militando en los sindicatos, aseguremos que quienes contratan a personas trans y travesti lo hagan en blanco asegur\u00e1ndole los aportes\u00a0 sociales, asegur\u00e1ndole los derechos b\u00e1sicos de las y los trabajadores\u201d.<\/p>\n\n\n\n<p>Se nota a emoci\u00f3n en Eugenio al hablar, y no es para menos este es un hecho hist\u00f3rico, un acto de justicia que se llev\u00f3 la vida de miles que no pudieron ni siquiera atravesar la barrera de los 40 a\u00f1os. Cabe mencionar que la norma se aprob\u00f3 con 55 votos a favor, uno en contra y 6 abstenciones, un dato de color es el posicionamiento de las y los legisladores de C\u00f3rdoba que siempre van en detrimento de la ampliaci\u00f3n de derechos como Ernesto Mart\u00ednez el senador del Bloque del Pro, el \u00fanico que vot\u00f3 en contra. Aunque tiene sus antecedentes de haber votado en contra la paridad de g\u00e9nero en las listas electorales.<\/p>\n\n\n\n<p class=\"has-text-align-center\"><strong>\u00a0La norma fue aprobada con 55 votos a favor, uno en contra y seis abstenciones, entre las que se encuentra la de la cordobesa Laura Rodr\u00edguez Machado.<\/strong><\/p>\n\n\n\n<p>\u201cNecesitamos con urgencia esto porque no tenemos acceso a la vivienda, a la salud y a la educaci\u00f3n y la \u00fanica manera de tener ese acceso es trabajando por eso festejamos tambi\u00e9n la locuci\u00f3n de cada participante que reconoci\u00f3 la realidad de la poblaci\u00f3n trans travesti\u201d, destaca Eugenio. \u201cAdem\u00e1s debemos saber comunicar porqu\u00e9 fue necesario sancionar esta ley, que es lo que sucedi\u00f3 con nuestra poblaci\u00f3n, q sucedi\u00f3 durante la d\u00e9cada del 30 cuando se sancionaron los edictos policiales, los c\u00f3digos contravencionales que criminalizaron a las personas trans y travesti, qu\u00e9 es lo que sucedi\u00f3 en la \u00faltima dictadura c\u00edvico, eclesi\u00e1stico militar, qu\u00e9 es lo que sucedi\u00f3 en los 80\u00b4 y 90\u00b4 y porqu\u00e9 la poblaci\u00f3n travesti trans lleg\u00f3 a esta realidad que se intenta hoy con un promedio de vida de entre 35 y 40 a\u00f1os, esto es una luz de esperanza de que algunas y algunos podamos llegar a viejos, de que la lucha logre que todas y todos podamos llegar a viejas y viejos que la prostituci\u00f3n no sea el destino y que seamos ciudadanos con pleno acceso a derechos que nos garantiza la democracia\u201d, sentenci\u00f3 Talbot, trabajador del Estado Nacional.<\/p>\n\n\n\n<p>Esta ley va a garantizar que las personas que entren en empleo formal terminen su formaci\u00f3n educativa, adem\u00e1s brinda incentivos al sector privado para que contrate personas trans y travesti, poder acceder a cr\u00e9ditos con tasas preferenciales, \u201ces muy importante de rescatar esto que no es solo el 1% en el Estado sino que se invita al sector privado y que por primera vez las personas vamos a poder acceder a un cr\u00e9dito. Por eso destacar el empleo formal como gran organizador nos va a permitir cambiar la realidad de nuestras vidas\u201d, expresa Eugenio mientras piensa y al fin se acuerda de una frase que quer\u00eda remarcar: \u201cquiero rescatar las palabras una Senadora que dijo y define ideol\u00f3gicamente a los gobiernos populares y es que estamos pagando una deuda como los peronistas sabemos hacerlo, dando trabajo\u201d.<\/p>\n\n\n\n<p>Siete son las provincias que ya tienen aprobado su cupo y 50 los municipios, C\u00f3rdoba a\u00fan no tiene la propia y se vuelve urgente adhiera a la reciente ley para garantizar el acceso al trabajo formal.<\/p>\n\n\n\n<p>\u201cLa sociedad nos hab\u00eda expulsado a la calle antes de la ley de identidad y a\u00fan hoy nos empuja y el Estado no nos ha permitido estar en la calle porque hemos y somos criminalizados. Esta ley viene a cambiar un poco esta realidad, pero es necesario los sindicatos se hagan eco de esta lucha por mejorar la calidad de vida de la poblaci\u00f3n trans travesti, y ojal\u00e1 la pr\u00f3xima ley que se sancione en defensa de los derechos humanos de todas y todos en estas bancas en donde se tratan las leyes, est\u00e9n sentadas personas trans y travesti legislando en Argentina\u201d, finaliz\u00f3 Eugenio Talbot Wright.<\/p>\n\n\n\n<p>En un video que se viraliz\u00f3, Alba Rueda Subsecretaria de Pol\u00edticas de Diversidad de la Naci\u00f3n, expres\u00f3 ante la prensa: \u201cel orgullo de la comunidad travesti trans de este logro hist\u00f3rico por lograr esta ley es una reparaci\u00f3n que busca modificar las condiciones de vida que hacen al ser humano, esta ley es una ley que nos va a permitir salir de la extrema pobreza, tener oportunidades laborales, pero tambi\u00e9n fortalecer la democracia para cambiar nuestra sociedad y constituirnos en m\u00e1s iguales a trav\u00e9s de la diversidad\u201d.<\/p>\n\n\n\n<p>Con m\u00e1s derechos, con m\u00e1s igualdad es que lograremos una sociedad sin violencias. Por eso como dice el gran Silvio Rodr\u00edguez seamos un til\u00edn mejores y mucho menos eogistas.<\/p>\n\n\n\n<p><\/p>\n","protected":false},"excerpt":{"rendered":"<p>La Asociaci\u00f3n de Trabajadores del Estado Provincia de C\u00f3rdoba, celebramos y festejamos que el cupo laboral travesti trans, sea ley. Por Lohana, por Diana, y por muchas y muchos otros. Este, es un acto de justicia. Desde que esta nueva conducci\u00f3n representada hoy en la figura de Federico Giuliani como Secretario General, asumi\u00f3 all\u00e1 a [&hellip;]<\/p>\n","protected":false},"author":5,"featured_media":26436,"comment_status":"open","ping_status":"open","sticky":true,"template":"","format":"standard","meta":{"_exactmetrics_skip_tracking":false,"_exactmetrics_sitenote_active":false,"_exactmetrics_sitenote_note":"","_exactmetrics_sitenote_category":0,"jnews-multi-image_gallery":[],"jnews_single_post":{"subtitle":"","format":"standard","video":"","gallery":"","source_name":"","source_url":"","via_name":"","via_url":"","override":[{"single_blog_custom":"","sidebar":"","second_sidebar":"","share_position":"","share_float_style":"","post_date_format":"","post_date_format_custom":"","post_reading_time_wpm":"","zoom_button_out_step":"1","zoom_button_in_step":"1","number_popup_post":"1"}],"image_override":[{"single_post_thumbnail_size":"","single_post_gallery_size":""}],"trending_post_position":"","trending_post_label":"","sponsored_post_label":"","sponsored_post_name":"","sponsored_post_url":"","sponsored_post_logo":"","sponsored_post_desc":""},"jnews_primary_category":{"id":""},"jnews_social_meta":{"fb_title":"","fb_description":"","fb_image":"","twitter_title":"","twitter_description":"","twitter_image":""},"jnews_review":[],"enable_review":"","type":"percentage","name":"","summary":"","brand":"","sku":"","good":[{"good_text":""}],"bad":[{"bad_text":""}],"score_override":"","override_value":"","rating":[{"rating_text":"","rating_number":"10"}],"price":[{"shop":"","price":"","link":"","icon":""}],"jnews_override_counter":{"view_counter_number":"0","share_counter_number":"0","like_counter_number":"0","dislike_counter_number":"0"},"jnews_post_split":{"post_split":[{"template":"1","tag":"h2","numbering":"asc","mode":"normal","toc_type":"normal"}]},"footnotes":""},"categories":[122,325,18,346],"tags":[552,856,855,853,854],"class_list":["post-26435","post","type-post","status-publish","format-standard","has-post-thumbnail","hentry","category-ddhh","category-generos-y-diversidades","category-nacionales","category-prensa-y-comunicacion","tag-cupo-trans","tag-derechos","tag-diana","tag-ley","tag-lohana"],"jetpack_featured_media_url":"https:\/\/atecordoba.org\/wp-content\/uploads\/2021\/06\/unnamed.jpg","_links":{"self":[{"href":"https:\/\/atecordoba.org\/index.php?rest_route=\/wp\/v2\/posts\/26435","targetHints":{"allow":["GET"]}}],"collection":[{"href":"https:\/\/atecordoba.org\/index.php?rest_route=\/wp\/v2\/posts"}],"about":[{"href":"https:\/\/atecordoba.org\/index.php?rest_route=\/wp\/v2\/types\/post"}],"author":[{"embeddable":true,"href":"https:\/\/atecordoba.org\/index.php?rest_route=\/wp\/v2\/users\/5"}],"replies":[{"embeddable":true,"href":"https:\/\/atecordoba.org\/index.php?rest_route=%2Fwp%2Fv2%2Fcomments&post=26435"}],"version-history":[{"count":1,"href":"https:\/\/atecordoba.org\/index.php?rest_route=\/wp\/v2\/posts\/26435\/revisions"}],"predecessor-version":[{"id":26438,"href":"https:\/\/atecordoba.org\/index.php?rest_route=\/wp\/v2\/posts\/26435\/revisions\/26438"}],"wp:featuredmedia":[{"embeddable":true,"href":"https:\/\/atecordoba.org\/index.php?rest_route=\/wp\/v2\/media\/26436"}],"wp:attachment":[{"href":"https:\/\/atecordoba.org\/index.php?rest_route=%2Fwp%2Fv2%2Fmedia&parent=26435"}],"wp:term":[{"taxonomy":"category","embeddable":true,"href":"https:\/\/atecordoba.org\/index.php?rest_route=%2Fwp%2Fv2%2Fcategories&post=26435"},{"taxonomy":"post_tag","embeddable":true,"href":"https:\/\/atecordoba.org\/index.php?rest_route=%2Fwp%2Fv2%2Ftags&post=26435"}],"curies":[{"name":"wp","href":"https:\/\/api.w.org\/{rel}","templated":true}]}}