{"id":26421,"date":"2021-06-23T09:05:48","date_gmt":"2021-06-23T12:05:48","guid":{"rendered":"https:\/\/atecordoba.org\/?p=26421"},"modified":"2021-06-23T09:16:23","modified_gmt":"2021-06-23T12:16:23","slug":"alejandro-roca-avanza-la-puesta-en-marcha-del-salon-de-ate","status":"publish","type":"post","link":"https:\/\/atecordoba.org\/?p=26421","title":{"rendered":"Alejandro Roca: avanza la puesta en marcha de la nueva sede de ATE"},"content":{"rendered":"\n<div class=\"wp-block-image\"><figure class=\"aligncenter size-large is-resized\"><img loading=\"lazy\" decoding=\"async\" src=\"https:\/\/atecordoba.org\/wp-content\/uploads\/2021\/06\/WhatsApp-Image-2021-06-22-at-13.15.56-1024x768.jpeg\" alt=\"\" class=\"wp-image-26423\" width=\"880\" height=\"660\" srcset=\"https:\/\/atecordoba.org\/wp-content\/uploads\/2021\/06\/WhatsApp-Image-2021-06-22-at-13.15.56-1024x768.jpeg 1024w, https:\/\/atecordoba.org\/wp-content\/uploads\/2021\/06\/WhatsApp-Image-2021-06-22-at-13.15.56-300x225.jpeg 300w, https:\/\/atecordoba.org\/wp-content\/uploads\/2021\/06\/WhatsApp-Image-2021-06-22-at-13.15.56-768x576.jpeg 768w, https:\/\/atecordoba.org\/wp-content\/uploads\/2021\/06\/WhatsApp-Image-2021-06-22-at-13.15.56-750x563.jpeg 750w, https:\/\/atecordoba.org\/wp-content\/uploads\/2021\/06\/WhatsApp-Image-2021-06-22-at-13.15.56.jpeg 1040w\" sizes=\"auto, (max-width: 880px) 100vw, 880px\" \/><\/figure><\/div>\n\n\n\n<p>Tras un arduo trabajo solidario de las y los compa\u00f1eros de Alejandro Roca, ATE inaugurar\u00e1 en breve su sal\u00f3n de actividades m\u00faltiples en la localidad del sur provincial.<\/p>\n\n\n\n<p>Como explic\u00f3 el delegado municipal de ATE, Ariel Paez, recientemente se hicieron remodelaciones, pintura del local y una fuerte inversi\u00f3n en aberturas. Mientras la pintura fue aportada por el Consejo Directivo Provincial, fueron las y los afiliados de ATE quienes realizaron diversas actividades solidarias, para cubrir parte de los 170 mil pesos de costo. <\/p>\n\n\n\n<p>&#8220;Haremos una gran inauguraci\u00f3n con invitaciones a referentes de ATE de las seccionales y la provincia, estamos muy contentos&#8221;, dijo Paez.<\/p>\n\n\n\n<p>ATE contin\u00faa avanzando en territorialidad a lo largo y ancho de la provincia, ya con cinco seccionales conformadas, una a ser elegida ni bien la pandemia lo permita que es la de San Francisco, con las prontas delegaciones en Punilla y Traslasierra, se suma esta sede de ATE en Alejandro Roca a la lista de locales en Sampacho y Alcira Gigena.<\/p>\n\n\n\n<p>ATE crece, ATE avanza. Es con ATE.<\/p>\n","protected":false},"excerpt":{"rendered":"<p>Tras un arduo trabajo solidario de las y los compa\u00f1eros de Alejandro Roca, ATE inaugurar\u00e1 en breve su sal\u00f3n de actividades m\u00faltiples en la localidad del sur provincial. Como explic\u00f3 el delegado municipal de ATE, Ariel Paez, recientemente se hicieron remodelaciones, pintura del local y una fuerte inversi\u00f3n en aberturas. Mientras la pintura fue aportada [&hellip;]<\/p>\n","protected":false},"author":7,"featured_media":26423,"comment_status":"open","ping_status":"open","sticky":false,"template":"","format":"standard","meta":{"_exactmetrics_skip_tracking":false,"_exactmetrics_sitenote_active":false,"_exactmetrics_sitenote_note":"","_exactmetrics_sitenote_category":0,"jnews-multi-image_gallery":[],"jnews_single_post":{"subtitle":"","format":"standard","video":"","gallery":"","source_name":"","source_url":"","via_name":"","via_url":"","override":[{"single_blog_custom":"","sidebar":"","second_sidebar":"","share_position":"","share_float_style":"","post_date_format":"","post_date_format_custom":"","post_reading_time_wpm":"","zoom_button_out_step":"1","zoom_button_in_step":"1","number_popup_post":"1"}],"image_override":[{"single_post_thumbnail_size":"","single_post_gallery_size":""}],"trending_post_position":"","trending_post_label":"","sponsored_post_label":"","sponsored_post_name":"","sponsored_post_url":"","sponsored_post_logo":"","sponsored_post_desc":""},"jnews_primary_category":{"id":""},"jnews_social_meta":{"fb_title":"","fb_description":"","fb_image":"","twitter_title":"","twitter_description":"","twitter_image":""},"jnews_review":[],"enable_review":"","type":"percentage","name":"","summary":"","brand":"","sku":"","good":[{"good_text":""}],"bad":[{"bad_text":""}],"score_override":"","override_value":"","rating":[{"rating_text":"","rating_number":"10"}],"price":[{"shop":"","price":"","link":"","icon":""}],"jnews_override_counter":{"view_counter_number":"0","share_counter_number":"0","like_counter_number":"0","dislike_counter_number":"0"},"jnews_post_split":{"post_split":[{"template":"1","tag":"h2","numbering":"asc","mode":"normal","toc_type":"normal"}]},"footnotes":""},"categories":[20],"tags":[665],"class_list":["post-26421","post","type-post","status-publish","format-standard","has-post-thumbnail","hentry","category-municipales","tag-alejandro-roca"],"jetpack_featured_media_url":"https:\/\/atecordoba.org\/wp-content\/uploads\/2021\/06\/WhatsApp-Image-2021-06-22-at-13.15.56.jpeg","_links":{"self":[{"href":"https:\/\/atecordoba.org\/index.php?rest_route=\/wp\/v2\/posts\/26421","targetHints":{"allow":["GET"]}}],"collection":[{"href":"https:\/\/atecordoba.org\/index.php?rest_route=\/wp\/v2\/posts"}],"about":[{"href":"https:\/\/atecordoba.org\/index.php?rest_route=\/wp\/v2\/types\/post"}],"author":[{"embeddable":true,"href":"https:\/\/atecordoba.org\/index.php?rest_route=\/wp\/v2\/users\/7"}],"replies":[{"embeddable":true,"href":"https:\/\/atecordoba.org\/index.php?rest_route=%2Fwp%2Fv2%2Fcomments&post=26421"}],"version-history":[{"count":3,"href":"https:\/\/atecordoba.org\/index.php?rest_route=\/wp\/v2\/posts\/26421\/revisions"}],"predecessor-version":[{"id":26428,"href":"https:\/\/atecordoba.org\/index.php?rest_route=\/wp\/v2\/posts\/26421\/revisions\/26428"}],"wp:featuredmedia":[{"embeddable":true,"href":"https:\/\/atecordoba.org\/index.php?rest_route=\/wp\/v2\/media\/26423"}],"wp:attachment":[{"href":"https:\/\/atecordoba.org\/index.php?rest_route=%2Fwp%2Fv2%2Fmedia&parent=26421"}],"wp:term":[{"taxonomy":"category","embeddable":true,"href":"https:\/\/atecordoba.org\/index.php?rest_route=%2Fwp%2Fv2%2Fcategories&post=26421"},{"taxonomy":"post_tag","embeddable":true,"href":"https:\/\/atecordoba.org\/index.php?rest_route=%2Fwp%2Fv2%2Ftags&post=26421"}],"curies":[{"name":"wp","href":"https:\/\/api.w.org\/{rel}","templated":true}]}}