{"id":26410,"date":"2021-06-22T14:25:42","date_gmt":"2021-06-22T17:25:42","guid":{"rendered":"https:\/\/atecordoba.org\/?p=26410"},"modified":"2021-06-22T16:37:40","modified_gmt":"2021-06-22T19:37:40","slug":"ate-anac-en-estado-de-alerta-y-movilizacion","status":"publish","type":"post","link":"https:\/\/atecordoba.org\/?p=26410","title":{"rendered":"ATE ANAC en estado de alerta y movilizaci\u00f3n"},"content":{"rendered":"\n<div class=\"wp-block-image\"><figure class=\"aligncenter size-large\"><img loading=\"lazy\" decoding=\"async\" width=\"995\" height=\"512\" src=\"https:\/\/atecordoba.org\/wp-content\/uploads\/2021\/06\/anac-cordoba.png\" alt=\"\" class=\"wp-image-26412\" srcset=\"https:\/\/atecordoba.org\/wp-content\/uploads\/2021\/06\/anac-cordoba.png 995w, https:\/\/atecordoba.org\/wp-content\/uploads\/2021\/06\/anac-cordoba-300x154.png 300w, https:\/\/atecordoba.org\/wp-content\/uploads\/2021\/06\/anac-cordoba-768x395.png 768w, https:\/\/atecordoba.org\/wp-content\/uploads\/2021\/06\/anac-cordoba-750x386.png 750w\" sizes=\"auto, (max-width: 995px) 100vw, 995px\" \/><\/figure><\/div>\n\n\n\n<p>ATE ANAC se declar\u00f3 en estado de alerta y movilizaci\u00f3n ante el incumplimiento de los acuerdos existentes y los despidos producidos en los Aeropuertos de Aeroparque y San Fernando.<\/p>\n\n\n\n<p>\u00abAdem\u00e1s de la falta de vocaci\u00f3n pol\u00edtica para resolver temas acordados como la equiparaci\u00f3n salarial de lxs compa\u00f1erxs bajo Contrato OACI y trabajar en conjunto la implementaci\u00f3n de horas mixtas, aparecen despidos injustificados de compa\u00f1erxs precarizadxs. No hay paz social y di\u00e1logo con despidos\u00bb, indicaron las y los trabajadores a trav\u00e9s de un comunicado.<\/p>\n\n\n\n<p>Adem\u00e1s, se\u00f1alaron que la situaci\u00f3n se agrava ante la falta de soluciones de infraestructura, la falta de personal y elementos de trabajo en Sanidad Aeron\u00e1utica y que a\u00fan no se comience a trabajar en un nuevo plan de carrera para el sector.<\/p>\n\n\n\n<div class=\"wp-block-image\"><figure class=\"aligncenter size-large is-resized\"><img loading=\"lazy\" decoding=\"async\" src=\"https:\/\/atecordoba.org\/wp-content\/uploads\/2021\/06\/anac-22-6.jpg\" alt=\"\" class=\"wp-image-26411\" width=\"442\" height=\"625\" srcset=\"https:\/\/atecordoba.org\/wp-content\/uploads\/2021\/06\/anac-22-6.jpg 724w, https:\/\/atecordoba.org\/wp-content\/uploads\/2021\/06\/anac-22-6-212x300.jpg 212w\" sizes=\"auto, (max-width: 442px) 100vw, 442px\" \/><\/figure><\/div>\n\n\n\n<p>\u00abNuevamente apostamos al di\u00e1logo y somos defraudados. Somos claros: La paz social rota por la ANAC se materializa con estos despidos que desde ATE no vamos a avalar\u00bb, se\u00f1alaron.<\/p>\n\n\n\n<p>En este sentido, indicaron que desde la coordinaci\u00f3n se har\u00e1 lo que sea necesario para retrotraer esta situaci\u00f3n y generar de una vez por todas, los \u00e1mbitos necesarios para resolver los problemas de nuestro organismo.<\/p>\n","protected":false},"excerpt":{"rendered":"<p>ATE ANAC se declar\u00f3 en estado de alerta y movilizaci\u00f3n ante el incumplimiento de los acuerdos existentes y los despidos producidos en los Aeropuertos de Aeroparque y San Fernando. \u00abAdem\u00e1s de la falta de vocaci\u00f3n pol\u00edtica para resolver temas acordados como la equiparaci\u00f3n salarial de lxs compa\u00f1erxs bajo Contrato OACI y trabajar en conjunto la [&hellip;]<\/p>\n","protected":false},"author":7,"featured_media":26417,"comment_status":"open","ping_status":"open","sticky":false,"template":"","format":"standard","meta":{"_exactmetrics_skip_tracking":false,"_exactmetrics_sitenote_active":false,"_exactmetrics_sitenote_note":"","_exactmetrics_sitenote_category":0,"jnews-multi-image_gallery":[],"jnews_single_post":{"subtitle":"ATE ANAC se declar\u00f3 en estado de alerta y movilizaci\u00f3n ante el incumplimiento de los acuerdos existentes y los despidos producidos en los Aeropuertos de Aeroparque y San Fernando.","format":"standard","video":"","gallery":"","source_name":"","source_url":"","via_name":"","via_url":"","override":[{"single_blog_custom":"","sidebar":"","second_sidebar":"","share_position":"","share_float_style":"","post_date_format":"","post_date_format_custom":"","post_reading_time_wpm":"","zoom_button_out_step":"1","zoom_button_in_step":"1","number_popup_post":"1"}],"image_override":[{"single_post_thumbnail_size":"","single_post_gallery_size":""}],"trending_post_position":"","trending_post_label":"","sponsored_post_label":"","sponsored_post_name":"","sponsored_post_url":"","sponsored_post_logo":"","sponsored_post_desc":""},"jnews_primary_category":{"id":""},"jnews_social_meta":{"fb_title":"","fb_description":"","fb_image":"","twitter_title":"","twitter_description":"","twitter_image":""},"jnews_review":[],"enable_review":"","type":"percentage","name":"","summary":"","brand":"","sku":"","good":[{"good_text":""}],"bad":[{"bad_text":""}],"score_override":"","override_value":"","rating":[{"rating_text":"","rating_number":"10"}],"price":[{"shop":"","price":"","link":"","icon":""}],"jnews_override_counter":{"view_counter_number":"0","share_counter_number":"0","like_counter_number":"0","dislike_counter_number":"0"},"jnews_post_split":{"post_split":[{"template":"1","tag":"h2","numbering":"asc","mode":"normal","toc_type":"normal"}]},"footnotes":""},"categories":[18],"tags":[33],"class_list":["post-26410","post","type-post","status-publish","format-standard","has-post-thumbnail","hentry","category-nacionales","tag-anac"],"jetpack_featured_media_url":"https:\/\/atecordoba.org\/wp-content\/uploads\/2021\/06\/anac_cordoba.jpg","_links":{"self":[{"href":"https:\/\/atecordoba.org\/index.php?rest_route=\/wp\/v2\/posts\/26410","targetHints":{"allow":["GET"]}}],"collection":[{"href":"https:\/\/atecordoba.org\/index.php?rest_route=\/wp\/v2\/posts"}],"about":[{"href":"https:\/\/atecordoba.org\/index.php?rest_route=\/wp\/v2\/types\/post"}],"author":[{"embeddable":true,"href":"https:\/\/atecordoba.org\/index.php?rest_route=\/wp\/v2\/users\/7"}],"replies":[{"embeddable":true,"href":"https:\/\/atecordoba.org\/index.php?rest_route=%2Fwp%2Fv2%2Fcomments&post=26410"}],"version-history":[{"count":2,"href":"https:\/\/atecordoba.org\/index.php?rest_route=\/wp\/v2\/posts\/26410\/revisions"}],"predecessor-version":[{"id":26416,"href":"https:\/\/atecordoba.org\/index.php?rest_route=\/wp\/v2\/posts\/26410\/revisions\/26416"}],"wp:featuredmedia":[{"embeddable":true,"href":"https:\/\/atecordoba.org\/index.php?rest_route=\/wp\/v2\/media\/26417"}],"wp:attachment":[{"href":"https:\/\/atecordoba.org\/index.php?rest_route=%2Fwp%2Fv2%2Fmedia&parent=26410"}],"wp:term":[{"taxonomy":"category","embeddable":true,"href":"https:\/\/atecordoba.org\/index.php?rest_route=%2Fwp%2Fv2%2Fcategories&post=26410"},{"taxonomy":"post_tag","embeddable":true,"href":"https:\/\/atecordoba.org\/index.php?rest_route=%2Fwp%2Fv2%2Ftags&post=26410"}],"curies":[{"name":"wp","href":"https:\/\/api.w.org\/{rel}","templated":true}]}}