{"id":26405,"date":"2021-06-22T11:53:52","date_gmt":"2021-06-22T14:53:52","guid":{"rendered":"https:\/\/atecordoba.org\/?p=26405"},"modified":"2021-06-22T12:15:47","modified_gmt":"2021-06-22T15:15:47","slug":"san-francisco-ate-repudia-la-agresion-a-un-trabajador-del-estacionamiento-medido","status":"publish","type":"post","link":"https:\/\/atecordoba.org\/?p=26405","title":{"rendered":"San Francisco: ATE repudia la agresi\u00f3n a un trabajador del estacionamiento medido"},"content":{"rendered":"\n<div class=\"wp-block-image\"><figure class=\"aligncenter size-large is-resized\"><img loading=\"lazy\" decoding=\"async\" src=\"https:\/\/atecordoba.org\/wp-content\/uploads\/2021\/06\/205929288_197874462338024_575652673363265072_n.jpg\" alt=\"\" class=\"wp-image-26406\" width=\"808\" height=\"606\" srcset=\"https:\/\/atecordoba.org\/wp-content\/uploads\/2021\/06\/205929288_197874462338024_575652673363265072_n.jpg 960w, https:\/\/atecordoba.org\/wp-content\/uploads\/2021\/06\/205929288_197874462338024_575652673363265072_n-300x225.jpg 300w, https:\/\/atecordoba.org\/wp-content\/uploads\/2021\/06\/205929288_197874462338024_575652673363265072_n-768x576.jpg 768w, https:\/\/atecordoba.org\/wp-content\/uploads\/2021\/06\/205929288_197874462338024_575652673363265072_n-750x563.jpg 750w\" sizes=\"auto, (max-width: 808px) 100vw, 808px\" \/><\/figure><\/div>\n\n\n\n<p>El un hecho de brutal gravedad, el jueves pasado result\u00f3 agredido un trabajador municipal del sector de &#8216;estacionamiento medido&#8217; de la ciudad de San Francisco. Seg\u00fan denunci\u00f3 el compa\u00f1ero, que es hipoac\u00fasico, la agresi\u00f3n de parte de un vecino fue primero verbal y luego f\u00edsica, propin\u00e1ndole golpes de pu\u00f1o. <\/p>\n\n\n\n<p>Inmediatamente ATE repudi\u00f3 lo sucedido y hoy se hizo presente una asamblea en la oficina del \u00e1rea el secretario General de ATE San Francisco, Dar\u00edo Paredes, que puso a disposici\u00f3n del compa\u00f1ero, as\u00ed como de cualquier afiliado municipal, el departamento de legales de ATE.<\/p>\n\n\n\n<div class=\"wp-block-image\"><figure class=\"aligncenter size-large is-resized\"><img loading=\"lazy\" decoding=\"async\" src=\"https:\/\/atecordoba.org\/wp-content\/uploads\/2021\/06\/205375903_197874565671347_3996733903402210136_n.jpg\" alt=\"\" class=\"wp-image-26407\" width=\"596\" height=\"794\" srcset=\"https:\/\/atecordoba.org\/wp-content\/uploads\/2021\/06\/205375903_197874565671347_3996733903402210136_n.jpg 720w, https:\/\/atecordoba.org\/wp-content\/uploads\/2021\/06\/205375903_197874565671347_3996733903402210136_n-225x300.jpg 225w\" sizes=\"auto, (max-width: 596px) 100vw, 596px\" \/><\/figure><\/div>\n","protected":false},"excerpt":{"rendered":"<p>El un hecho de brutal gravedad, el jueves pasado result\u00f3 agredido un trabajador municipal del sector de &#8216;estacionamiento medido&#8217; de la ciudad de San Francisco. Seg\u00fan denunci\u00f3 el compa\u00f1ero, que es hipoac\u00fasico, la agresi\u00f3n de parte de un vecino fue primero verbal y luego f\u00edsica, propin\u00e1ndole golpes de pu\u00f1o. Inmediatamente ATE repudi\u00f3 lo sucedido y [&hellip;]<\/p>\n","protected":false},"author":7,"featured_media":26406,"comment_status":"open","ping_status":"open","sticky":false,"template":"","format":"standard","meta":{"_exactmetrics_skip_tracking":false,"_exactmetrics_sitenote_active":false,"_exactmetrics_sitenote_note":"","_exactmetrics_sitenote_category":0,"jnews-multi-image_gallery":[],"jnews_single_post":{"subtitle":"","format":"standard","video":"","gallery":"","source_name":"","source_url":"","via_name":"","via_url":"","override":[{"single_blog_custom":"","sidebar":"","second_sidebar":"","share_position":"","share_float_style":"","post_date_format":"","post_date_format_custom":"","post_reading_time_wpm":"","zoom_button_out_step":"1","zoom_button_in_step":"1","number_popup_post":"1"}],"image_override":[{"single_post_thumbnail_size":"","single_post_gallery_size":""}],"trending_post_position":"","trending_post_label":"","sponsored_post_label":"","sponsored_post_name":"","sponsored_post_url":"","sponsored_post_logo":"","sponsored_post_desc":""},"jnews_primary_category":{"id":""},"jnews_social_meta":{"fb_title":"","fb_description":"","fb_image":"","twitter_title":"","twitter_description":"","twitter_image":""},"jnews_review":[],"enable_review":"","type":"percentage","name":"","summary":"","brand":"","sku":"","good":[{"good_text":""}],"bad":[{"bad_text":""}],"score_override":"","override_value":"","rating":[{"rating_text":"","rating_number":"10"}],"price":[{"shop":"","price":"","link":"","icon":""}],"jnews_override_counter":{"view_counter_number":"0","share_counter_number":"0","like_counter_number":"0","dislike_counter_number":"0"},"jnews_post_split":{"post_split":[{"template":"1","tag":"h2","numbering":"asc","mode":"normal","toc_type":"normal"}]},"footnotes":""},"categories":[20,148],"tags":[482],"class_list":["post-26405","post","type-post","status-publish","format-standard","has-post-thumbnail","hentry","category-municipales","category-san-justo","tag-municipalidad-de-san-francisco"],"jetpack_featured_media_url":"https:\/\/atecordoba.org\/wp-content\/uploads\/2021\/06\/205929288_197874462338024_575652673363265072_n.jpg","_links":{"self":[{"href":"https:\/\/atecordoba.org\/index.php?rest_route=\/wp\/v2\/posts\/26405","targetHints":{"allow":["GET"]}}],"collection":[{"href":"https:\/\/atecordoba.org\/index.php?rest_route=\/wp\/v2\/posts"}],"about":[{"href":"https:\/\/atecordoba.org\/index.php?rest_route=\/wp\/v2\/types\/post"}],"author":[{"embeddable":true,"href":"https:\/\/atecordoba.org\/index.php?rest_route=\/wp\/v2\/users\/7"}],"replies":[{"embeddable":true,"href":"https:\/\/atecordoba.org\/index.php?rest_route=%2Fwp%2Fv2%2Fcomments&post=26405"}],"version-history":[{"count":2,"href":"https:\/\/atecordoba.org\/index.php?rest_route=\/wp\/v2\/posts\/26405\/revisions"}],"predecessor-version":[{"id":26409,"href":"https:\/\/atecordoba.org\/index.php?rest_route=\/wp\/v2\/posts\/26405\/revisions\/26409"}],"wp:featuredmedia":[{"embeddable":true,"href":"https:\/\/atecordoba.org\/index.php?rest_route=\/wp\/v2\/media\/26406"}],"wp:attachment":[{"href":"https:\/\/atecordoba.org\/index.php?rest_route=%2Fwp%2Fv2%2Fmedia&parent=26405"}],"wp:term":[{"taxonomy":"category","embeddable":true,"href":"https:\/\/atecordoba.org\/index.php?rest_route=%2Fwp%2Fv2%2Fcategories&post=26405"},{"taxonomy":"post_tag","embeddable":true,"href":"https:\/\/atecordoba.org\/index.php?rest_route=%2Fwp%2Fv2%2Ftags&post=26405"}],"curies":[{"name":"wp","href":"https:\/\/api.w.org\/{rel}","templated":true}]}}