{"id":2639,"date":"2013-04-25T18:04:38","date_gmt":"2013-04-25T21:04:38","guid":{"rendered":"http:\/\/www.atecordoba.org\/?p=2639"},"modified":"2013-04-25T18:04:38","modified_gmt":"2013-04-25T21:04:38","slug":"jubilados-de-rio-ceballos-protestaron-frente-a-pami","status":"publish","type":"post","link":"https:\/\/atecordoba.org\/?p=2639","title":{"rendered":"Jubilados de R\u00edo Ceballos protestaron frente a PAMI"},"content":{"rendered":"<p><em>Un grupo de 40 jubilados de la ciudad de Sierras Chicas se moviliz\u00f3 a la sede de PAMI para reclamar los malos tratos de la responsable de la agencia, Claudia Palloto. Esta funcionaria ya cuenta con antecedentes por el autoritarismo y la prepotencia que tiene con los trabajadores.<\/em><\/p>\n<p><a href=\"http:\/\/www.atecordoba.org\/wp-content\/uploads\/2013\/04\/web12.jpg\"><img loading=\"lazy\" decoding=\"async\" class=\"aligncenter size-full wp-image-2640\" title=\"web1\" src=\"http:\/\/www.atecordoba.org\/wp-content\/uploads\/2013\/04\/web12.jpg\" alt=\"\" width=\"768\" height=\"576\" \/><\/a><\/p>\n<p>&nbsp;<\/p>\n<p>Unos 40 jubilados de R\u00edo Ceballos se manifestaron esta ma\u00f1ana frente a la sede de central del PAMI en C\u00f3rdoba, para repudiar la gesti\u00f3n de la directora del organismo en la ciudad serrana, Claudia Palloto. Los jubilados denuncian permanentes malos tratos y discriminaciones de parte de esta funcionaria, y as\u00ed se lo hicieron saber al director del organismo en nuestra provincia, mediante un petitorio donde reclamaron una audiencia para expresar su malestar.<\/p>\n<p>Primero, ingresaron al edificio, a pesar de la reticencia del personal policial presente de consigna. All\u00ed lograron que un grupo entregase un nota al director, que se comprometi\u00f3 a recibirlos la semana que viene.<\/p>\n<p>Posteriormente, realizaron un corte de calle frente al edificio, mostrando carteles donde reclamaron que &#8216;PAMI escuche&#8217;, en clara iron\u00eda sobre el\u00a0eslogan\u00a0que promueve la entidad.<\/p>\n<p>Seg\u00fan los presentes, Palloto act\u00faa de forma autoritaria y prepotente \u00a0con los afiliados de PAMI, escud\u00e1ndose en &#8220;los contactos pol\u00edticos que la protegen&#8221;. Tambi\u00e9n sostienen que la funcionaria cajonea los tr\u00e1mites de quienes no le caen en gracia, generando serias discriminaciones. Incluso se supieron algunos \u00a0casos donde se les neg\u00f3 los bolsones alimentarios a algunos jubilados. &#8220;Queremso que nos traten como personas y no como despojos sociales&#8221;, gritaron a coro, dando muestras de la dignidad y justeza de su reclamo.<\/p>\n<p>Palloto ya cuenta con antecedentes de maltrato a trabajadores del organismo, que motivaron oportunas denuncias de nuestro gremio.<\/p>\n<p>&nbsp;<\/p>\n","protected":false},"excerpt":{"rendered":"<p>Un grupo de 40 jubilados de la ciudad de Sierras Chicas se moviliz\u00f3 a la sede de PAMI para reclamar los malos tratos de la responsable de la agencia, Claudia Palloto. Esta funcionaria ya cuenta con antecedentes por el autoritarismo y la prepotencia que tiene con los trabajadores. &nbsp; Unos 40 jubilados de R\u00edo Ceballos [&hellip;]<\/p>\n","protected":false},"author":1,"featured_media":19220,"comment_status":"open","ping_status":"open","sticky":false,"template":"","format":"standard","meta":{"_exactmetrics_skip_tracking":false,"_exactmetrics_sitenote_active":false,"_exactmetrics_sitenote_note":"","_exactmetrics_sitenote_category":0,"jnews-multi-image_gallery":[],"jnews_single_post":[],"jnews_primary_category":[],"jnews_social_meta":[],"jnews_review":[],"enable_review":"","type":"","name":"","summary":"","brand":"","sku":"","good":[],"bad":[],"score_override":"","override_value":"","rating":[],"price":[],"jnews_override_counter":[],"jnews_post_split":[],"footnotes":""},"categories":[22,18],"tags":[],"class_list":["post-2639","post","type-post","status-publish","format-standard","has-post-thumbnail","hentry","category-jubilados","category-nacionales"],"jetpack_featured_media_url":"https:\/\/atecordoba.org\/wp-content\/uploads\/2020\/05\/logo-nuevochico-e1561581322808.png","_links":{"self":[{"href":"https:\/\/atecordoba.org\/index.php?rest_route=\/wp\/v2\/posts\/2639","targetHints":{"allow":["GET"]}}],"collection":[{"href":"https:\/\/atecordoba.org\/index.php?rest_route=\/wp\/v2\/posts"}],"about":[{"href":"https:\/\/atecordoba.org\/index.php?rest_route=\/wp\/v2\/types\/post"}],"author":[{"embeddable":true,"href":"https:\/\/atecordoba.org\/index.php?rest_route=\/wp\/v2\/users\/1"}],"replies":[{"embeddable":true,"href":"https:\/\/atecordoba.org\/index.php?rest_route=%2Fwp%2Fv2%2Fcomments&post=2639"}],"version-history":[{"count":0,"href":"https:\/\/atecordoba.org\/index.php?rest_route=\/wp\/v2\/posts\/2639\/revisions"}],"wp:featuredmedia":[{"embeddable":true,"href":"https:\/\/atecordoba.org\/index.php?rest_route=\/wp\/v2\/media\/19220"}],"wp:attachment":[{"href":"https:\/\/atecordoba.org\/index.php?rest_route=%2Fwp%2Fv2%2Fmedia&parent=2639"}],"wp:term":[{"taxonomy":"category","embeddable":true,"href":"https:\/\/atecordoba.org\/index.php?rest_route=%2Fwp%2Fv2%2Fcategories&post=2639"},{"taxonomy":"post_tag","embeddable":true,"href":"https:\/\/atecordoba.org\/index.php?rest_route=%2Fwp%2Fv2%2Ftags&post=2639"}],"curies":[{"name":"wp","href":"https:\/\/api.w.org\/{rel}","templated":true}]}}