{"id":26366,"date":"2021-06-17T15:06:25","date_gmt":"2021-06-17T18:06:25","guid":{"rendered":"https:\/\/atecordoba.org\/?p=26366"},"modified":"2021-06-17T15:55:06","modified_gmt":"2021-06-17T18:55:06","slug":"curso-sobre-ddhh-de-personas-travestis-y-trans-y-acceso-a-la-salud-publica","status":"publish","type":"post","link":"https:\/\/atecordoba.org\/?p=26366","title":{"rendered":"Curso sobre DDHH de personas travestis y trans y acceso a la salud p\u00fablica"},"content":{"rendered":"\n<div class=\"wp-block-image\"><figure class=\"aligncenter size-large is-resized\"><img loading=\"lazy\" decoding=\"async\" src=\"https:\/\/atecordoba.org\/wp-content\/uploads\/2021\/06\/15-06-Eugenio-Talbot-Entre-Todos-y-Todas-1024x640.jpeg\" alt=\"\" class=\"wp-image-26373\" width=\"489\" height=\"306\" srcset=\"https:\/\/atecordoba.org\/wp-content\/uploads\/2021\/06\/15-06-Eugenio-Talbot-Entre-Todos-y-Todas-1024x640.jpeg 1024w, https:\/\/atecordoba.org\/wp-content\/uploads\/2021\/06\/15-06-Eugenio-Talbot-Entre-Todos-y-Todas-300x188.jpeg 300w, https:\/\/atecordoba.org\/wp-content\/uploads\/2021\/06\/15-06-Eugenio-Talbot-Entre-Todos-y-Todas-768x480.jpeg 768w, https:\/\/atecordoba.org\/wp-content\/uploads\/2021\/06\/15-06-Eugenio-Talbot-Entre-Todos-y-Todas-750x469.jpeg 750w, https:\/\/atecordoba.org\/wp-content\/uploads\/2021\/06\/15-06-Eugenio-Talbot-Entre-Todos-y-Todas-1140x713.jpeg 1140w, https:\/\/atecordoba.org\/wp-content\/uploads\/2021\/06\/15-06-Eugenio-Talbot-Entre-Todos-y-Todas.jpeg 1280w\" sizes=\"auto, (max-width: 489px) 100vw, 489px\" \/><figcaption>Eugenio Talbot, uno delos encargados de la actividad, durante la entrevista.<\/figcaption><\/figure><\/div>\n\n\n\n<p>El pr\u00f3ximo 23 de junio el Departamento de G\u00e9neros y Diversidades del Consejo Directivo Provincial de ATE C\u00f3rdoba dar\u00e1 comienzo a un trayecto de formaci\u00f3n sobre acceso a la salud p\u00fablica y DDHH para personas trans y travestis.<\/p>\n\n\n\n<p>La actividad de formaci\u00f3n consta de 8 encuentros donde se abordar\u00e1n distintas tem\u00e1ticas: desde nociones b\u00e1sicas sobre sexualidad, g\u00e9nero y diversidad, hasta normativa nacional e internacional, IVE, prevenci\u00f3n de ITS y VIH desde perspectiva de g\u00e9nero y diversidad sexual, atenci\u00f3n psicol\u00f3gica, etc.<\/p>\n\n\n\n<p>Uno de los encargados de dictar el trayecto es Eugenio Talbot, afiliado de ATE y referente del Departamento, que explic\u00f3 al programa Entre Todos y Todas que el trayecto \u201ces la posibilidad que tenemos personas trans y travestis de contar con un real acceso a la salud. La idea es desarrollar ese eje a partir de la voz de las trans y travestis, y de las integrantes del sistema de salud, para dar a conocer nuestras realidades\u201d.<\/p>\n\n\n\n<p>Talbot dijo que \u201ccuando se aborda este tema se piensa que nosotros solo necesitamos hormonas o cirug\u00edas pl\u00e1sticas pero lo que hace falta es un sistema de salud integral para nosotros\u201d.<\/p>\n\n\n\n<p>Y agreg\u00f3 que \u201ccuando algunas organizaciones hicieron consultorios espec\u00edficos para trans y travestis en general lograron apartarnos del sistema de salud p\u00fablico. En cambio ATE ha sabido escuchar este reclamo y se hizo eco al instante, para hablar de DDHH con nosotros. En general no sucede: hablan por nosotros pero no con nosotros. Ahora va a ser diferente porque vamos a hablar directamente con las y los compa\u00f1eros de salud\u201d.<\/p>\n\n\n\n<p>Las y los interesados en inscribirse pueden realizarse <a href=\"https:\/\/forms.gle\/nQtUK9H3MuUdzFR89\">aqu\u00ed<\/a>.<\/p>\n\n\n\n<p>En tanto, el detalle completo del curso puede consultarse <a href=\"https:\/\/atecordoba.org\/?p=25700\">aqu\u00ed<\/a>. <\/p>\n","protected":false},"excerpt":{"rendered":"<p>El pr\u00f3ximo 23 de junio el Departamento de G\u00e9neros y Diversidades del Consejo Directivo Provincial de ATE C\u00f3rdoba dar\u00e1 comienzo a un trayecto de formaci\u00f3n sobre acceso a la salud p\u00fablica y DDHH para personas trans y travestis. La actividad de formaci\u00f3n consta de 8 encuentros donde se abordar\u00e1n distintas tem\u00e1ticas: desde nociones b\u00e1sicas sobre [&hellip;]<\/p>\n","protected":false},"author":7,"featured_media":26373,"comment_status":"open","ping_status":"open","sticky":false,"template":"","format":"standard","meta":{"_exactmetrics_skip_tracking":false,"_exactmetrics_sitenote_active":false,"_exactmetrics_sitenote_note":"","_exactmetrics_sitenote_category":0,"jnews-multi-image_gallery":[],"jnews_single_post":{"subtitle":"El pr\u00f3ximo 23 de junio el Departamento de G\u00e9neros y Diversidades del Consejo Directivo Provincial de ATE C\u00f3rdoba dar\u00e1 comienzo a un trayecto de formaci\u00f3n sobre acceso a la salud p\u00fablica y DDHH para personas trans y travestis.","format":"standard","video":"","gallery":"","source_name":"","source_url":"","via_name":"","via_url":"","override":[{"single_blog_custom":"","sidebar":"","second_sidebar":"","share_position":"","share_float_style":"","post_date_format":"","post_date_format_custom":"","post_reading_time_wpm":"","zoom_button_out_step":"1","zoom_button_in_step":"1","number_popup_post":"1"}],"image_override":[{"single_post_thumbnail_size":"","single_post_gallery_size":""}],"trending_post_position":"","trending_post_label":"","sponsored_post_label":"","sponsored_post_name":"","sponsored_post_url":"","sponsored_post_logo":"","sponsored_post_desc":""},"jnews_primary_category":{"id":""},"jnews_social_meta":{"fb_title":"","fb_description":"","fb_image":"","twitter_title":"","twitter_description":"","twitter_image":""},"jnews_review":[],"enable_review":"","type":"percentage","name":"","summary":"","brand":"","sku":"","good":[{"good_text":""}],"bad":[{"bad_text":""}],"score_override":"","override_value":"","rating":[{"rating_text":"","rating_number":"10"}],"price":[{"shop":"","price":"","link":"","icon":""}],"jnews_override_counter":{"view_counter_number":"0","share_counter_number":"0","like_counter_number":"0","dislike_counter_number":"0"},"jnews_post_split":{"post_split":[{"template":"1","tag":"h2","numbering":"asc","mode":"normal","toc_type":"normal"}]},"footnotes":""},"categories":[325],"tags":[849],"class_list":["post-26366","post","type-post","status-publish","format-standard","has-post-thumbnail","hentry","category-generos-y-diversidades","tag-salud-trans-y-travestis"],"jetpack_featured_media_url":"https:\/\/atecordoba.org\/wp-content\/uploads\/2021\/06\/15-06-Eugenio-Talbot-Entre-Todos-y-Todas.jpeg","_links":{"self":[{"href":"https:\/\/atecordoba.org\/index.php?rest_route=\/wp\/v2\/posts\/26366","targetHints":{"allow":["GET"]}}],"collection":[{"href":"https:\/\/atecordoba.org\/index.php?rest_route=\/wp\/v2\/posts"}],"about":[{"href":"https:\/\/atecordoba.org\/index.php?rest_route=\/wp\/v2\/types\/post"}],"author":[{"embeddable":true,"href":"https:\/\/atecordoba.org\/index.php?rest_route=\/wp\/v2\/users\/7"}],"replies":[{"embeddable":true,"href":"https:\/\/atecordoba.org\/index.php?rest_route=%2Fwp%2Fv2%2Fcomments&post=26366"}],"version-history":[{"count":2,"href":"https:\/\/atecordoba.org\/index.php?rest_route=\/wp\/v2\/posts\/26366\/revisions"}],"predecessor-version":[{"id":26382,"href":"https:\/\/atecordoba.org\/index.php?rest_route=\/wp\/v2\/posts\/26366\/revisions\/26382"}],"wp:featuredmedia":[{"embeddable":true,"href":"https:\/\/atecordoba.org\/index.php?rest_route=\/wp\/v2\/media\/26373"}],"wp:attachment":[{"href":"https:\/\/atecordoba.org\/index.php?rest_route=%2Fwp%2Fv2%2Fmedia&parent=26366"}],"wp:term":[{"taxonomy":"category","embeddable":true,"href":"https:\/\/atecordoba.org\/index.php?rest_route=%2Fwp%2Fv2%2Fcategories&post=26366"},{"taxonomy":"post_tag","embeddable":true,"href":"https:\/\/atecordoba.org\/index.php?rest_route=%2Fwp%2Fv2%2Ftags&post=26366"}],"curies":[{"name":"wp","href":"https:\/\/api.w.org\/{rel}","templated":true}]}}