{"id":26358,"date":"2021-06-17T14:43:16","date_gmt":"2021-06-17T17:43:16","guid":{"rendered":"https:\/\/atecordoba.org\/?p=26358"},"modified":"2021-06-17T15:50:23","modified_gmt":"2021-06-17T18:50:23","slug":"recategorizaciones-en-freyre-y-pase-a-planta-en-devoto","status":"publish","type":"post","link":"https:\/\/atecordoba.org\/?p=26358","title":{"rendered":"Recategorizaciones en Freyre y pase a planta en Devoto"},"content":{"rendered":"\n<div class=\"wp-block-image\"><figure class=\"alignleft size-large is-resized\"><img loading=\"lazy\" decoding=\"async\" src=\"https:\/\/atecordoba.org\/wp-content\/uploads\/2021\/06\/199073271_193766379415499_3703675521253029557_n.jpg\" alt=\"\" class=\"wp-image-26359\" width=\"214\" height=\"286\" srcset=\"https:\/\/atecordoba.org\/wp-content\/uploads\/2021\/06\/199073271_193766379415499_3703675521253029557_n.jpg 720w, https:\/\/atecordoba.org\/wp-content\/uploads\/2021\/06\/199073271_193766379415499_3703675521253029557_n-225x300.jpg 225w\" sizes=\"auto, (max-width: 214px) 100vw, 214px\" \/><figcaption>Reuni\u00f3n en Freyre.<\/figcaption><\/figure><\/div>\n\n\n\n<p>La seccional ATE San Francisco despleg\u00f3 hoy una amplia actividad en el Departamento San Justo, visitando afiliados y manteniendo reuniones con los departamentos ejecutivos de Freyre y Devoto.<\/p>\n\n\n\n<p>En Freyre, el secretario General, Dar\u00edo Paredes, mantuvo una reuni\u00f3n con las autoridades municipales donde se concret\u00f3 la recategorizaci\u00f3n para los empleados municipales. <\/p>\n\n\n\n<p>La comitiva de ATE recorri\u00f3 tambi\u00e9n el Corral\u00f3n municipal para ver el avance de la obra de ba\u00f1os individuales con ducha para el personal del sector. Por \u00faltimo, se present\u00f3 formalmente por mesa de entrada la nota que solicita la vacunaci\u00f3n de todo el plantel de empleados en general.<\/p>\n\n\n\n<div class=\"wp-block-image\"><figure class=\"aligncenter size-large is-resized\"><img loading=\"lazy\" decoding=\"async\" src=\"https:\/\/atecordoba.org\/wp-content\/uploads\/2021\/06\/202834394_194247346034069_6278533245357761540_n-1.jpg\" alt=\"\" class=\"wp-image-26364\" width=\"349\" height=\"262\" srcset=\"https:\/\/atecordoba.org\/wp-content\/uploads\/2021\/06\/202834394_194247346034069_6278533245357761540_n-1.jpg 960w, https:\/\/atecordoba.org\/wp-content\/uploads\/2021\/06\/202834394_194247346034069_6278533245357761540_n-1-300x225.jpg 300w, https:\/\/atecordoba.org\/wp-content\/uploads\/2021\/06\/202834394_194247346034069_6278533245357761540_n-1-768x576.jpg 768w, https:\/\/atecordoba.org\/wp-content\/uploads\/2021\/06\/202834394_194247346034069_6278533245357761540_n-1-750x563.jpg 750w\" sizes=\"auto, (max-width: 349px) 100vw, 349px\" \/><figcaption>Reuni\u00f3n en Devoto.<\/figcaption><\/figure><\/div>\n\n\n\n<p>Por otro lado, la Seccional visit\u00f3 la localidad de Devoto. En la oportunidad, reunido con el Departamento Ejecutivo, Paredes y delegados municipales Adri\u00e1n Zamudio y Rub\u00e9n G\u00f3mez presentaron el Estatuto Actualizado 2021, un gran avance para ganar institucionalidad y derechos en la Municipalidad. Adem\u00e1s, se logr\u00f3 el ingreso a planta permanente y pase a contrato del personal precarizado, as\u00ed como el cumplimiento de vacaciones los d\u00edas h\u00e1biles y plus vacacional. <\/p>\n\n\n\n<figure class=\"wp-block-gallery columns-4 is-cropped wp-block-gallery-1 is-layout-flex wp-block-gallery-is-layout-flex\"><ul class=\"blocks-gallery-grid\"><li class=\"blocks-gallery-item\"><figure><img loading=\"lazy\" decoding=\"async\" width=\"960\" height=\"720\" src=\"https:\/\/atecordoba.org\/wp-content\/uploads\/2021\/06\/203176213_194247576034046_4885301362560984412_n.jpg\" alt=\"\" data-id=\"26371\" data-full-url=\"https:\/\/atecordoba.org\/wp-content\/uploads\/2021\/06\/203176213_194247576034046_4885301362560984412_n.jpg\" data-link=\"https:\/\/atecordoba.org\/?attachment_id=26371\" class=\"wp-image-26371\" srcset=\"https:\/\/atecordoba.org\/wp-content\/uploads\/2021\/06\/203176213_194247576034046_4885301362560984412_n.jpg 960w, https:\/\/atecordoba.org\/wp-content\/uploads\/2021\/06\/203176213_194247576034046_4885301362560984412_n-300x225.jpg 300w, https:\/\/atecordoba.org\/wp-content\/uploads\/2021\/06\/203176213_194247576034046_4885301362560984412_n-768x576.jpg 768w, https:\/\/atecordoba.org\/wp-content\/uploads\/2021\/06\/203176213_194247576034046_4885301362560984412_n-750x563.jpg 750w\" sizes=\"auto, (max-width: 960px) 100vw, 960px\" \/><\/figure><\/li><li class=\"blocks-gallery-item\"><figure><img loading=\"lazy\" decoding=\"async\" width=\"960\" height=\"720\" src=\"https:\/\/atecordoba.org\/wp-content\/uploads\/2021\/06\/202693212_194247686034035_52665471702615447_n.jpg\" alt=\"\" data-id=\"26370\" data-full-url=\"https:\/\/atecordoba.org\/wp-content\/uploads\/2021\/06\/202693212_194247686034035_52665471702615447_n.jpg\" data-link=\"https:\/\/atecordoba.org\/?attachment_id=26370\" class=\"wp-image-26370\" srcset=\"https:\/\/atecordoba.org\/wp-content\/uploads\/2021\/06\/202693212_194247686034035_52665471702615447_n.jpg 960w, https:\/\/atecordoba.org\/wp-content\/uploads\/2021\/06\/202693212_194247686034035_52665471702615447_n-300x225.jpg 300w, https:\/\/atecordoba.org\/wp-content\/uploads\/2021\/06\/202693212_194247686034035_52665471702615447_n-768x576.jpg 768w, https:\/\/atecordoba.org\/wp-content\/uploads\/2021\/06\/202693212_194247686034035_52665471702615447_n-750x563.jpg 750w\" sizes=\"auto, (max-width: 960px) 100vw, 960px\" \/><\/figure><\/li><li class=\"blocks-gallery-item\"><figure><img loading=\"lazy\" decoding=\"async\" width=\"960\" height=\"720\" src=\"https:\/\/atecordoba.org\/wp-content\/uploads\/2021\/06\/202222072_194247632700707_47427327910715336_n.jpg\" alt=\"\" data-id=\"26369\" data-full-url=\"https:\/\/atecordoba.org\/wp-content\/uploads\/2021\/06\/202222072_194247632700707_47427327910715336_n.jpg\" data-link=\"https:\/\/atecordoba.org\/?attachment_id=26369\" class=\"wp-image-26369\" srcset=\"https:\/\/atecordoba.org\/wp-content\/uploads\/2021\/06\/202222072_194247632700707_47427327910715336_n.jpg 960w, https:\/\/atecordoba.org\/wp-content\/uploads\/2021\/06\/202222072_194247632700707_47427327910715336_n-300x225.jpg 300w, https:\/\/atecordoba.org\/wp-content\/uploads\/2021\/06\/202222072_194247632700707_47427327910715336_n-768x576.jpg 768w, https:\/\/atecordoba.org\/wp-content\/uploads\/2021\/06\/202222072_194247632700707_47427327910715336_n-750x563.jpg 750w\" sizes=\"auto, (max-width: 960px) 100vw, 960px\" \/><\/figure><\/li><li class=\"blocks-gallery-item\"><figure><img loading=\"lazy\" decoding=\"async\" width=\"960\" height=\"720\" src=\"https:\/\/atecordoba.org\/wp-content\/uploads\/2021\/06\/203263480_194247532700717_9129104413347264517_n.jpg\" alt=\"\" data-id=\"26368\" data-full-url=\"https:\/\/atecordoba.org\/wp-content\/uploads\/2021\/06\/203263480_194247532700717_9129104413347264517_n.jpg\" data-link=\"https:\/\/atecordoba.org\/?attachment_id=26368\" class=\"wp-image-26368\" srcset=\"https:\/\/atecordoba.org\/wp-content\/uploads\/2021\/06\/203263480_194247532700717_9129104413347264517_n.jpg 960w, https:\/\/atecordoba.org\/wp-content\/uploads\/2021\/06\/203263480_194247532700717_9129104413347264517_n-300x225.jpg 300w, https:\/\/atecordoba.org\/wp-content\/uploads\/2021\/06\/203263480_194247532700717_9129104413347264517_n-768x576.jpg 768w, https:\/\/atecordoba.org\/wp-content\/uploads\/2021\/06\/203263480_194247532700717_9129104413347264517_n-750x563.jpg 750w\" sizes=\"auto, (max-width: 960px) 100vw, 960px\" \/><\/figure><\/li><li class=\"blocks-gallery-item\"><figure><img loading=\"lazy\" decoding=\"async\" width=\"960\" height=\"720\" src=\"https:\/\/atecordoba.org\/wp-content\/uploads\/2021\/06\/202834394_194247346034069_6278533245357761540_n-1.jpg\" alt=\"\" data-id=\"26364\" data-full-url=\"https:\/\/atecordoba.org\/wp-content\/uploads\/2021\/06\/202834394_194247346034069_6278533245357761540_n-1.jpg\" data-link=\"https:\/\/atecordoba.org\/?attachment_id=26364\" class=\"wp-image-26364\" srcset=\"https:\/\/atecordoba.org\/wp-content\/uploads\/2021\/06\/202834394_194247346034069_6278533245357761540_n-1.jpg 960w, https:\/\/atecordoba.org\/wp-content\/uploads\/2021\/06\/202834394_194247346034069_6278533245357761540_n-1-300x225.jpg 300w, https:\/\/atecordoba.org\/wp-content\/uploads\/2021\/06\/202834394_194247346034069_6278533245357761540_n-1-768x576.jpg 768w, https:\/\/atecordoba.org\/wp-content\/uploads\/2021\/06\/202834394_194247346034069_6278533245357761540_n-1-750x563.jpg 750w\" sizes=\"auto, (max-width: 960px) 100vw, 960px\" \/><\/figure><\/li><li class=\"blocks-gallery-item\"><figure><img loading=\"lazy\" decoding=\"async\" width=\"960\" height=\"720\" src=\"https:\/\/atecordoba.org\/wp-content\/uploads\/2021\/06\/202834394_194247346034069_6278533245357761540_n.jpg\" alt=\"\" data-id=\"26363\" data-full-url=\"https:\/\/atecordoba.org\/wp-content\/uploads\/2021\/06\/202834394_194247346034069_6278533245357761540_n.jpg\" data-link=\"https:\/\/atecordoba.org\/?attachment_id=26363\" class=\"wp-image-26363\" srcset=\"https:\/\/atecordoba.org\/wp-content\/uploads\/2021\/06\/202834394_194247346034069_6278533245357761540_n.jpg 960w, https:\/\/atecordoba.org\/wp-content\/uploads\/2021\/06\/202834394_194247346034069_6278533245357761540_n-300x225.jpg 300w, https:\/\/atecordoba.org\/wp-content\/uploads\/2021\/06\/202834394_194247346034069_6278533245357761540_n-768x576.jpg 768w, https:\/\/atecordoba.org\/wp-content\/uploads\/2021\/06\/202834394_194247346034069_6278533245357761540_n-750x563.jpg 750w\" sizes=\"auto, (max-width: 960px) 100vw, 960px\" \/><\/figure><\/li><li class=\"blocks-gallery-item\"><figure><img loading=\"lazy\" decoding=\"async\" width=\"720\" height=\"960\" src=\"https:\/\/atecordoba.org\/wp-content\/uploads\/2021\/06\/202100629_193766422748828_3797898539222832601_n-1.jpg\" alt=\"\" data-id=\"26362\" data-full-url=\"https:\/\/atecordoba.org\/wp-content\/uploads\/2021\/06\/202100629_193766422748828_3797898539222832601_n-1.jpg\" data-link=\"https:\/\/atecordoba.org\/?attachment_id=26362\" class=\"wp-image-26362\" srcset=\"https:\/\/atecordoba.org\/wp-content\/uploads\/2021\/06\/202100629_193766422748828_3797898539222832601_n-1.jpg 720w, https:\/\/atecordoba.org\/wp-content\/uploads\/2021\/06\/202100629_193766422748828_3797898539222832601_n-1-225x300.jpg 225w\" sizes=\"auto, (max-width: 720px) 100vw, 720px\" \/><\/figure><\/li><li class=\"blocks-gallery-item\"><figure><img loading=\"lazy\" decoding=\"async\" width=\"720\" height=\"960\" src=\"https:\/\/atecordoba.org\/wp-content\/uploads\/2021\/06\/199073271_193766379415499_3703675521253029557_n-1.jpg\" alt=\"\" data-id=\"26361\" data-full-url=\"https:\/\/atecordoba.org\/wp-content\/uploads\/2021\/06\/199073271_193766379415499_3703675521253029557_n-1.jpg\" data-link=\"https:\/\/atecordoba.org\/?attachment_id=26361\" class=\"wp-image-26361\" srcset=\"https:\/\/atecordoba.org\/wp-content\/uploads\/2021\/06\/199073271_193766379415499_3703675521253029557_n-1.jpg 720w, https:\/\/atecordoba.org\/wp-content\/uploads\/2021\/06\/199073271_193766379415499_3703675521253029557_n-1-225x300.jpg 225w\" sizes=\"auto, (max-width: 720px) 100vw, 720px\" \/><\/figure><\/li><\/ul><\/figure>\n\n\n\n<div class=\"wp-block-columns alignfull is-layout-flex wp-container-core-columns-is-layout-9d6595d7 wp-block-columns-is-layout-flex\">\n<div class=\"wp-block-column is-layout-flow wp-block-column-is-layout-flow\" style=\"flex-basis:100%\">\n<figure class=\"wp-block-gallery columns-3 is-cropped\"><ul class=\"blocks-gallery-grid\"><li><figure><img loading=\"lazy\" decoding=\"async\" width=\"960\" height=\"720\" src=\"https:\/\/atecordoba.org\/wp-content\/uploads\/2021\/06\/203263480_194247532700717_9129104413347264517_n.jpg\" alt=\"\" class=\"wp-image-26368\" srcset=\"https:\/\/atecordoba.org\/wp-content\/uploads\/2021\/06\/203263480_194247532700717_9129104413347264517_n.jpg 960w, https:\/\/atecordoba.org\/wp-content\/uploads\/2021\/06\/203263480_194247532700717_9129104413347264517_n-300x225.jpg 300w, https:\/\/atecordoba.org\/wp-content\/uploads\/2021\/06\/203263480_194247532700717_9129104413347264517_n-768x576.jpg 768w, https:\/\/atecordoba.org\/wp-content\/uploads\/2021\/06\/203263480_194247532700717_9129104413347264517_n-750x563.jpg 750w\" sizes=\"auto, (max-width: 960px) 100vw, 960px\" \/><\/figure><\/li><li><figure><img loading=\"lazy\" decoding=\"async\" width=\"960\" height=\"720\" src=\"https:\/\/atecordoba.org\/wp-content\/uploads\/2021\/06\/202222072_194247632700707_47427327910715336_n.jpg\" alt=\"\" class=\"wp-image-26369\" srcset=\"https:\/\/atecordoba.org\/wp-content\/uploads\/2021\/06\/202222072_194247632700707_47427327910715336_n.jpg 960w, https:\/\/atecordoba.org\/wp-content\/uploads\/2021\/06\/202222072_194247632700707_47427327910715336_n-300x225.jpg 300w, https:\/\/atecordoba.org\/wp-content\/uploads\/2021\/06\/202222072_194247632700707_47427327910715336_n-768x576.jpg 768w, https:\/\/atecordoba.org\/wp-content\/uploads\/2021\/06\/202222072_194247632700707_47427327910715336_n-750x563.jpg 750w\" sizes=\"auto, (max-width: 960px) 100vw, 960px\" \/><\/figure><\/li><li><figure><img loading=\"lazy\" decoding=\"async\" width=\"960\" height=\"720\" src=\"https:\/\/atecordoba.org\/wp-content\/uploads\/2021\/06\/202693212_194247686034035_52665471702615447_n.jpg\" alt=\"\" class=\"wp-image-26370\" srcset=\"https:\/\/atecordoba.org\/wp-content\/uploads\/2021\/06\/202693212_194247686034035_52665471702615447_n.jpg 960w, https:\/\/atecordoba.org\/wp-content\/uploads\/2021\/06\/202693212_194247686034035_52665471702615447_n-300x225.jpg 300w, https:\/\/atecordoba.org\/wp-content\/uploads\/2021\/06\/202693212_194247686034035_52665471702615447_n-768x576.jpg 768w, https:\/\/atecordoba.org\/wp-content\/uploads\/2021\/06\/202693212_194247686034035_52665471702615447_n-750x563.jpg 750w\" sizes=\"auto, (max-width: 960px) 100vw, 960px\" \/><\/figure><\/li><li><figure><img loading=\"lazy\" decoding=\"async\" width=\"960\" height=\"720\" src=\"https:\/\/atecordoba.org\/wp-content\/uploads\/2021\/06\/203176213_194247576034046_4885301362560984412_n.jpg\" alt=\"\" class=\"wp-image-26371\" srcset=\"https:\/\/atecordoba.org\/wp-content\/uploads\/2021\/06\/203176213_194247576034046_4885301362560984412_n.jpg 960w, https:\/\/atecordoba.org\/wp-content\/uploads\/2021\/06\/203176213_194247576034046_4885301362560984412_n-300x225.jpg 300w, https:\/\/atecordoba.org\/wp-content\/uploads\/2021\/06\/203176213_194247576034046_4885301362560984412_n-768x576.jpg 768w, https:\/\/atecordoba.org\/wp-content\/uploads\/2021\/06\/203176213_194247576034046_4885301362560984412_n-750x563.jpg 750w\" sizes=\"auto, (max-width: 960px) 100vw, 960px\" \/><figcaption class=\"blocks-gallery-item__caption\">Asamblea informativa en el Corral\u00f3n de Devoto. <\/figcaption><\/figure><\/li><\/ul><\/figure>\n<\/div>\n<\/div>\n","protected":false},"excerpt":{"rendered":"<p>La seccional ATE San Francisco despleg\u00f3 hoy una amplia actividad en el Departamento San Justo, visitando afiliados y manteniendo reuniones con los departamentos ejecutivos de Freyre y Devoto. En Freyre, el secretario General, Dar\u00edo Paredes, mantuvo una reuni\u00f3n con las autoridades municipales donde se concret\u00f3 la recategorizaci\u00f3n para los empleados municipales. La comitiva de ATE [&hellip;]<\/p>\n","protected":false},"author":7,"featured_media":26361,"comment_status":"open","ping_status":"open","sticky":false,"template":"","format":"standard","meta":{"_exactmetrics_skip_tracking":false,"_exactmetrics_sitenote_active":false,"_exactmetrics_sitenote_note":"","_exactmetrics_sitenote_category":0,"jnews-multi-image_gallery":[],"jnews_single_post":{"subtitle":"La seccional ATE San Francisco despleg\u00f3 hoy una amplia actividad en el Departamento San Justo, visitando afiliados y manteniendo reuniones con los departamentos ejecutivos de Freyre y Devoto.","format":"standard","video":"","gallery":"","source_name":"","source_url":"","via_name":"","via_url":"","override":[{"single_blog_custom":"","sidebar":"","second_sidebar":"","share_position":"","share_float_style":"","post_date_format":"","post_date_format_custom":"","post_reading_time_wpm":"","zoom_button_out_step":"1","zoom_button_in_step":"1","number_popup_post":"1"}],"image_override":[{"single_post_thumbnail_size":"","single_post_gallery_size":""}],"trending_post_position":"","trending_post_label":"","sponsored_post_label":"","sponsored_post_name":"","sponsored_post_url":"","sponsored_post_logo":"","sponsored_post_desc":""},"jnews_primary_category":{"id":""},"jnews_social_meta":{"fb_title":"","fb_description":"","fb_image":"","twitter_title":"","twitter_description":"","twitter_image":""},"jnews_review":[],"enable_review":"","type":"percentage","name":"","summary":"","brand":"","sku":"","good":[{"good_text":""}],"bad":[{"bad_text":""}],"score_override":"","override_value":"","rating":[{"rating_text":"","rating_number":"10"}],"price":[{"shop":"","price":"","link":"","icon":""}],"jnews_override_counter":{"view_counter_number":"0","share_counter_number":"0","like_counter_number":"0","dislike_counter_number":"0"},"jnews_post_split":{"post_split":[{"template":"1","tag":"h2","numbering":"asc","mode":"normal","toc_type":"normal"}]},"footnotes":""},"categories":[20],"tags":[705,770],"class_list":["post-26358","post","type-post","status-publish","format-standard","has-post-thumbnail","hentry","category-municipales","tag-devoto","tag-freyre"],"jetpack_featured_media_url":"https:\/\/atecordoba.org\/wp-content\/uploads\/2021\/06\/199073271_193766379415499_3703675521253029557_n-1.jpg","_links":{"self":[{"href":"https:\/\/atecordoba.org\/index.php?rest_route=\/wp\/v2\/posts\/26358","targetHints":{"allow":["GET"]}}],"collection":[{"href":"https:\/\/atecordoba.org\/index.php?rest_route=\/wp\/v2\/posts"}],"about":[{"href":"https:\/\/atecordoba.org\/index.php?rest_route=\/wp\/v2\/types\/post"}],"author":[{"embeddable":true,"href":"https:\/\/atecordoba.org\/index.php?rest_route=\/wp\/v2\/users\/7"}],"replies":[{"embeddable":true,"href":"https:\/\/atecordoba.org\/index.php?rest_route=%2Fwp%2Fv2%2Fcomments&post=26358"}],"version-history":[{"count":6,"href":"https:\/\/atecordoba.org\/index.php?rest_route=\/wp\/v2\/posts\/26358\/revisions"}],"predecessor-version":[{"id":26381,"href":"https:\/\/atecordoba.org\/index.php?rest_route=\/wp\/v2\/posts\/26358\/revisions\/26381"}],"wp:featuredmedia":[{"embeddable":true,"href":"https:\/\/atecordoba.org\/index.php?rest_route=\/wp\/v2\/media\/26361"}],"wp:attachment":[{"href":"https:\/\/atecordoba.org\/index.php?rest_route=%2Fwp%2Fv2%2Fmedia&parent=26358"}],"wp:term":[{"taxonomy":"category","embeddable":true,"href":"https:\/\/atecordoba.org\/index.php?rest_route=%2Fwp%2Fv2%2Fcategories&post=26358"},{"taxonomy":"post_tag","embeddable":true,"href":"https:\/\/atecordoba.org\/index.php?rest_route=%2Fwp%2Fv2%2Ftags&post=26358"}],"curies":[{"name":"wp","href":"https:\/\/api.w.org\/{rel}","templated":true}]}}