{"id":26334,"date":"2021-06-17T11:07:24","date_gmt":"2021-06-17T14:07:24","guid":{"rendered":"https:\/\/atecordoba.org\/?p=26334"},"modified":"2021-06-17T11:42:23","modified_gmt":"2021-06-17T14:42:23","slug":"se-reorganiza-la-juventud-de-la-cta-autonoma","status":"publish","type":"post","link":"https:\/\/atecordoba.org\/?p=26334","title":{"rendered":"Se reorganiza la Juventud de la CTA Aut\u00f3noma"},"content":{"rendered":"\n<div class=\"wp-block-image\"><figure class=\"aligncenter size-large is-resized\"><img loading=\"lazy\" decoding=\"async\" src=\"https:\/\/atecordoba.org\/wp-content\/uploads\/2021\/06\/15-06-Veronica-Franco-Entre-Todos-y-Todas-1024x591.jpeg\" alt=\"\" class=\"wp-image-26336\" width=\"660\" height=\"381\" srcset=\"https:\/\/atecordoba.org\/wp-content\/uploads\/2021\/06\/15-06-Veronica-Franco-Entre-Todos-y-Todas-1024x591.jpeg 1024w, https:\/\/atecordoba.org\/wp-content\/uploads\/2021\/06\/15-06-Veronica-Franco-Entre-Todos-y-Todas-300x173.jpeg 300w, https:\/\/atecordoba.org\/wp-content\/uploads\/2021\/06\/15-06-Veronica-Franco-Entre-Todos-y-Todas-768x443.jpeg 768w, https:\/\/atecordoba.org\/wp-content\/uploads\/2021\/06\/15-06-Veronica-Franco-Entre-Todos-y-Todas-750x433.jpeg 750w, https:\/\/atecordoba.org\/wp-content\/uploads\/2021\/06\/15-06-Veronica-Franco-Entre-Todos-y-Todas-1140x658.jpeg 1140w, https:\/\/atecordoba.org\/wp-content\/uploads\/2021\/06\/15-06-Veronica-Franco-Entre-Todos-y-Todas.jpeg 1280w\" sizes=\"auto, (max-width: 660px) 100vw, 660px\" \/><figcaption>Ver\u00f3nica Franco, de la Juventud de la CTAA, entrevistada por el programa radial de ATE C\u00f3rdoba.<\/figcaption><\/figure><\/div>\n\n\n\n<p>Para mostrar otras realidades de compromiso militante que se reproducen aun en medio de las dificultades que supone la pandemia, el programa radial de ATE C\u00f3rdoba &#8220;Entre Todos y Todas&#8221; entrevist\u00f3 a Ver\u00f3nica Franco, responsable del Espacio de Juventud de la CTA Aut\u00f3noma de C\u00f3rdoba.<\/p>\n\n\n\n<p>La dirigente cont\u00f3 que &#8221; as\u00ed como desde la juventud de la CTA salieron dirigentes&nbsp;de la Central, de ATE, lo retomamos hoy con pibes que acompa\u00f1an la CTA, encontr\u00e1ndonos con otra gente, debatiendo en torno a las necesidades juveniles&#8221;.<\/p>\n\n\n\n<p>En tal sentido, Franco relat\u00f3 que &#8220;estuvimos participando en un espacio con juventudes &nbsp;de otros espacios, con juventudes universitarias, repensando el C\u00f3rdobazo. Son canales que nos sirven para conectar en tiempos de pandemia donde vincularse es tan dif\u00edcil. Queremos juntarnos y acompa\u00f1arnos, ese primer encuentro fue muy positivo&#8221;.<\/p>\n\n\n\n<p>En esa misma l\u00ednea, a un a\u00f1o de la ley de alquileres la Juventud de la CTAA va a tomar la problem\u00e1tica &#8220;para porque est\u00e1 relacionado con el acceso a la vivienda y a la tierra&#8221;, que es uno de los aspectos de la realidad que m\u00e1s afectan a los j\u00f3venes.<\/p>\n\n\n\n<p>Adem\u00e1s, la dirigente anunci\u00f3 que est\u00e1n desarrollando una campa\u00f1a de afiliaciones y paralelamente se suma la realizaci\u00f3n de una colecta para aportar recursos para merenderos y comedores populares. Los interesados en aportar y sumarse a la iniciativa pueden comunicarse a trav\u00e9s de https:\/\/www.facebook.com\/fenat.riocuarto <\/p>\n","protected":false},"excerpt":{"rendered":"<p>Para mostrar otras realidades de compromiso militante que se reproducen aun en medio de las dificultades que supone la pandemia, el programa radial de ATE C\u00f3rdoba &#8220;Entre Todos y Todas&#8221; entrevist\u00f3 a Ver\u00f3nica Franco, responsable del Espacio de Juventud de la CTA Aut\u00f3noma de C\u00f3rdoba. La dirigente cont\u00f3 que &#8221; as\u00ed como desde la juventud [&hellip;]<\/p>\n","protected":false},"author":7,"featured_media":26336,"comment_status":"open","ping_status":"open","sticky":false,"template":"","format":"standard","meta":{"_exactmetrics_skip_tracking":false,"_exactmetrics_sitenote_active":false,"_exactmetrics_sitenote_note":"","_exactmetrics_sitenote_category":0,"jnews-multi-image_gallery":[],"jnews_single_post":{"subtitle":"Entrevista a Ver\u00f3nica Franco, una de las responsables del espacio de Juventudes de la CTA Aut\u00f3noma de la Provincia de C\u00f3rdoba, en el programa radial \"Entre Todos y Todas\".","format":"standard","video":"","gallery":"","source_name":"","source_url":"","via_name":"","via_url":"","override":[{"single_blog_custom":"","sidebar":"","second_sidebar":"","share_position":"","share_float_style":"","post_date_format":"","post_date_format_custom":"","post_reading_time_wpm":"","zoom_button_out_step":"1","zoom_button_in_step":"1","number_popup_post":"1"}],"image_override":[{"single_post_thumbnail_size":"","single_post_gallery_size":""}],"trending_post_position":"","trending_post_label":"","sponsored_post_label":"","sponsored_post_name":"","sponsored_post_url":"","sponsored_post_logo":"","sponsored_post_desc":""},"jnews_primary_category":{"id":""},"jnews_social_meta":{"fb_title":"","fb_description":"","fb_image":"","twitter_title":"","twitter_description":"","twitter_image":""},"jnews_review":[],"enable_review":"","type":"percentage","name":"","summary":"","brand":"","sku":"","good":[{"good_text":""}],"bad":[{"bad_text":""}],"score_override":"","override_value":"","rating":[{"rating_text":"","rating_number":"10"}],"price":[{"shop":"","price":"","link":"","icon":""}],"jnews_override_counter":{"view_counter_number":"0","share_counter_number":"0","like_counter_number":"0","dislike_counter_number":"0"},"jnews_post_split":{"post_split":[{"template":"1","tag":"h2","numbering":"asc","mode":"normal","toc_type":"normal"}]},"footnotes":""},"categories":[10],"tags":[847],"class_list":["post-26334","post","type-post","status-publish","format-standard","has-post-thumbnail","hentry","category-accion-politica","tag-juventud-ctaa"],"jetpack_featured_media_url":"https:\/\/atecordoba.org\/wp-content\/uploads\/2021\/06\/15-06-Veronica-Franco-Entre-Todos-y-Todas.jpeg","_links":{"self":[{"href":"https:\/\/atecordoba.org\/index.php?rest_route=\/wp\/v2\/posts\/26334","targetHints":{"allow":["GET"]}}],"collection":[{"href":"https:\/\/atecordoba.org\/index.php?rest_route=\/wp\/v2\/posts"}],"about":[{"href":"https:\/\/atecordoba.org\/index.php?rest_route=\/wp\/v2\/types\/post"}],"author":[{"embeddable":true,"href":"https:\/\/atecordoba.org\/index.php?rest_route=\/wp\/v2\/users\/7"}],"replies":[{"embeddable":true,"href":"https:\/\/atecordoba.org\/index.php?rest_route=%2Fwp%2Fv2%2Fcomments&post=26334"}],"version-history":[{"count":3,"href":"https:\/\/atecordoba.org\/index.php?rest_route=\/wp\/v2\/posts\/26334\/revisions"}],"predecessor-version":[{"id":26342,"href":"https:\/\/atecordoba.org\/index.php?rest_route=\/wp\/v2\/posts\/26334\/revisions\/26342"}],"wp:featuredmedia":[{"embeddable":true,"href":"https:\/\/atecordoba.org\/index.php?rest_route=\/wp\/v2\/media\/26336"}],"wp:attachment":[{"href":"https:\/\/atecordoba.org\/index.php?rest_route=%2Fwp%2Fv2%2Fmedia&parent=26334"}],"wp:term":[{"taxonomy":"category","embeddable":true,"href":"https:\/\/atecordoba.org\/index.php?rest_route=%2Fwp%2Fv2%2Fcategories&post=26334"},{"taxonomy":"post_tag","embeddable":true,"href":"https:\/\/atecordoba.org\/index.php?rest_route=%2Fwp%2Fv2%2Ftags&post=26334"}],"curies":[{"name":"wp","href":"https:\/\/api.w.org\/{rel}","templated":true}]}}