{"id":26307,"date":"2021-06-16T14:14:22","date_gmt":"2021-06-16T17:14:22","guid":{"rendered":"https:\/\/atecordoba.org\/?p=26307"},"modified":"2021-06-16T14:26:19","modified_gmt":"2021-06-16T17:26:19","slug":"gran-sorteo-por-el-dia-del-padre","status":"publish","type":"post","link":"https:\/\/atecordoba.org\/?p=26307","title":{"rendered":"\u00a1Gran sorteo por el D\u00eda del Padre!"},"content":{"rendered":"\n<div class=\"wp-block-image\"><figure class=\"alignright size-large is-resized\"><img loading=\"lazy\" decoding=\"async\" src=\"https:\/\/atecordoba.org\/wp-content\/uploads\/2021\/06\/tabla-fiambres-1024x658.jpg\" alt=\"\" class=\"wp-image-26309\" width=\"394\" height=\"253\" srcset=\"https:\/\/atecordoba.org\/wp-content\/uploads\/2021\/06\/tabla-fiambres-1024x658.jpg 1024w, https:\/\/atecordoba.org\/wp-content\/uploads\/2021\/06\/tabla-fiambres-300x193.jpg 300w, https:\/\/atecordoba.org\/wp-content\/uploads\/2021\/06\/tabla-fiambres-768x493.jpg 768w, https:\/\/atecordoba.org\/wp-content\/uploads\/2021\/06\/tabla-fiambres-750x482.jpg 750w, https:\/\/atecordoba.org\/wp-content\/uploads\/2021\/06\/tabla-fiambres.jpg 1090w\" sizes=\"auto, (max-width: 394px) 100vw, 394px\" \/><figcaption>Imagen ilustrativa.<\/figcaption><\/figure><\/div>\n\n\n\n<p>En el marco de las actividades de Acci\u00f3n Social que viene desarrollando el Consejo Directivo Provincial, el secretario del \u00e1rea, Ivan Contreras, anunci\u00f3 ayer, en una <a href=\"https:\/\/ar.radiocut.fm\/audiocut\/sorteo-dia-del-padre-y-politica-accion-social-del-cdp-ate-cordoba-entrevista-a-ivan-contreras\/\">entrevista <\/a>concedida  al programa &#8216;Entre Todos y Todas&#8217; de GEN FM 107.5, que est\u00e1n abiertas las inscripciones para participar del sorteo organizado para agasajar a nuestros afiliados por el D\u00eda del Padre.<\/p>\n\n\n\n<p>&#8220;Queremos estar presentes de alguna forma en esa fecha tan importante. Por eso organizamos un sorteo que tiene como premio una tabla de fiambres y un asado&#8221;, explic\u00f3 Contreras. <\/p>\n\n\n\n<p>Cabe se\u00f1alar que dicho sorteo se realizar\u00e1 el pr\u00f3ximo martes, en el programa \u2018Entre Todos y Todas\u2019, de 18 a 20 horas.<\/p>\n\n\n\n<p>Los interesados deben inscribirse <a href=\"https:\/\/forms.gle\/B9JaGyqVpqTof1m88\">aqu\u00ed<\/a>. <\/p>\n\n\n\n<figure class=\"wp-block-image alignwide size-large\"><img loading=\"lazy\" decoding=\"async\" width=\"1024\" height=\"576\" src=\"https:\/\/atecordoba.org\/wp-content\/uploads\/2021\/06\/16-06-Dia-del-Padre-80-1024x576.jpg\" alt=\"\" class=\"wp-image-26312\" srcset=\"https:\/\/atecordoba.org\/wp-content\/uploads\/2021\/06\/16-06-Dia-del-Padre-80-1024x576.jpg 1024w, https:\/\/atecordoba.org\/wp-content\/uploads\/2021\/06\/16-06-Dia-del-Padre-80-300x169.jpg 300w, https:\/\/atecordoba.org\/wp-content\/uploads\/2021\/06\/16-06-Dia-del-Padre-80-768x432.jpg 768w, https:\/\/atecordoba.org\/wp-content\/uploads\/2021\/06\/16-06-Dia-del-Padre-80-1536x864.jpg 1536w, https:\/\/atecordoba.org\/wp-content\/uploads\/2021\/06\/16-06-Dia-del-Padre-80-750x422.jpg 750w, https:\/\/atecordoba.org\/wp-content\/uploads\/2021\/06\/16-06-Dia-del-Padre-80-1140x642.jpg 1140w, https:\/\/atecordoba.org\/wp-content\/uploads\/2021\/06\/16-06-Dia-del-Padre-80.jpg 1921w\" sizes=\"auto, (max-width: 1024px) 100vw, 1024px\" \/><\/figure>\n\n\n\n<p><\/p>\n","protected":false},"excerpt":{"rendered":"<p>En el marco de las actividades de Acci\u00f3n Social que viene desarrollando el Consejo Directivo Provincial, el secretario del \u00e1rea, Ivan Contreras, anunci\u00f3 ayer, en una entrevista concedida al programa &#8216;Entre Todos y Todas&#8217; de GEN FM 107.5, que est\u00e1n abiertas las inscripciones para participar del sorteo organizado para agasajar a nuestros afiliados por el [&hellip;]<\/p>\n","protected":false},"author":7,"featured_media":26309,"comment_status":"open","ping_status":"open","sticky":false,"template":"","format":"standard","meta":{"_exactmetrics_skip_tracking":false,"_exactmetrics_sitenote_active":false,"_exactmetrics_sitenote_note":"","_exactmetrics_sitenote_category":0,"jnews-multi-image_gallery":[],"jnews_single_post":{"subtitle":"","format":"standard","video":"","gallery":"","source_name":"","source_url":"","via_name":"","via_url":"","override":[{"single_blog_custom":"","sidebar":"","second_sidebar":"","share_position":"","share_float_style":"","post_date_format":"","post_date_format_custom":"","post_reading_time_wpm":"","zoom_button_out_step":"1","zoom_button_in_step":"1","number_popup_post":"1"}],"image_override":[{"single_post_thumbnail_size":"","single_post_gallery_size":""}],"trending_post_position":"","trending_post_label":"","sponsored_post_label":"","sponsored_post_name":"","sponsored_post_url":"","sponsored_post_logo":"","sponsored_post_desc":""},"jnews_primary_category":{"id":""},"jnews_social_meta":{"fb_title":"","fb_description":"","fb_image":"","twitter_title":"","twitter_description":"","twitter_image":""},"jnews_review":[],"enable_review":"","type":"percentage","name":"","summary":"","brand":"","sku":"","good":[{"good_text":""}],"bad":[{"bad_text":""}],"score_override":"","override_value":"","rating":[{"rating_text":"","rating_number":"10"}],"price":[{"shop":"","price":"","link":"","icon":""}],"jnews_override_counter":{"view_counter_number":"0","share_counter_number":"0","like_counter_number":"0","dislike_counter_number":"0"},"jnews_post_split":{"post_split":[{"template":"1","tag":"h2","numbering":"asc","mode":"normal","toc_type":"normal"}]},"footnotes":""},"categories":[75],"tags":[845],"class_list":["post-26307","post","type-post","status-publish","format-standard","has-post-thumbnail","hentry","category-accion-social","tag-sorteo-dia-del-padre"],"jetpack_featured_media_url":"https:\/\/atecordoba.org\/wp-content\/uploads\/2021\/06\/tabla-fiambres.jpg","_links":{"self":[{"href":"https:\/\/atecordoba.org\/index.php?rest_route=\/wp\/v2\/posts\/26307","targetHints":{"allow":["GET"]}}],"collection":[{"href":"https:\/\/atecordoba.org\/index.php?rest_route=\/wp\/v2\/posts"}],"about":[{"href":"https:\/\/atecordoba.org\/index.php?rest_route=\/wp\/v2\/types\/post"}],"author":[{"embeddable":true,"href":"https:\/\/atecordoba.org\/index.php?rest_route=\/wp\/v2\/users\/7"}],"replies":[{"embeddable":true,"href":"https:\/\/atecordoba.org\/index.php?rest_route=%2Fwp%2Fv2%2Fcomments&post=26307"}],"version-history":[{"count":3,"href":"https:\/\/atecordoba.org\/index.php?rest_route=\/wp\/v2\/posts\/26307\/revisions"}],"predecessor-version":[{"id":26313,"href":"https:\/\/atecordoba.org\/index.php?rest_route=\/wp\/v2\/posts\/26307\/revisions\/26313"}],"wp:featuredmedia":[{"embeddable":true,"href":"https:\/\/atecordoba.org\/index.php?rest_route=\/wp\/v2\/media\/26309"}],"wp:attachment":[{"href":"https:\/\/atecordoba.org\/index.php?rest_route=%2Fwp%2Fv2%2Fmedia&parent=26307"}],"wp:term":[{"taxonomy":"category","embeddable":true,"href":"https:\/\/atecordoba.org\/index.php?rest_route=%2Fwp%2Fv2%2Fcategories&post=26307"},{"taxonomy":"post_tag","embeddable":true,"href":"https:\/\/atecordoba.org\/index.php?rest_route=%2Fwp%2Fv2%2Ftags&post=26307"}],"curies":[{"name":"wp","href":"https:\/\/api.w.org\/{rel}","templated":true}]}}