{"id":2628,"date":"2013-04-25T16:37:49","date_gmt":"2013-04-25T19:37:49","guid":{"rendered":"http:\/\/www.atecordoba.org\/?p=2628"},"modified":"2013-04-25T16:37:49","modified_gmt":"2013-04-25T19:37:49","slug":"segundo-modulo-de-formacion-en-rio-tercero","status":"publish","type":"post","link":"https:\/\/atecordoba.org\/?p=2628","title":{"rendered":"Segundo m\u00f3dulo de formaci\u00f3n en R\u00edo Tercero"},"content":{"rendered":"<p style=\"text-align: left;\" align=\"center\"><em>Organizado por el equipo de la Secretaria de Formaci\u00f3n del Consejo Directivo Provincial, el s\u00e1bado 20 de abril \u00a0se organiz\u00f3 el 2\u00ba m\u00f3dulo de formaci\u00f3n en la seccional de R\u00edo Tercero. Participaron alrededor de 20 compa\u00f1eros y compa\u00f1eras , perteneciente al estado municipal, provincial y nacional.\u00a0<\/em><\/p>\n<p style=\"text-align: left;\" align=\"center\"><a href=\"http:\/\/www.atecordoba.org\/wp-content\/uploads\/2013\/04\/web14.jpg\"><img loading=\"lazy\" decoding=\"async\" class=\"aligncenter size-full wp-image-2653\" title=\"OLYMPUS DIGITAL CAMERA\" src=\"http:\/\/www.atecordoba.org\/wp-content\/uploads\/2013\/04\/web14.jpg\" alt=\"\" width=\"704\" height=\"528\" \/><\/a><\/p>\n<p style=\"text-align: left;\" align=\"center\">\n<p style=\"text-align: left;\" align=\"center\">\n<p>El encuentro gir\u00f3 en torno a la problem\u00e1tica de la comunicaci\u00f3n en los conflictos gremiales y tuvo como objetivos:<\/p>\n<ul>\n<li>Reflexionar sobre c\u00f3mo se manifiestan las demandas y conflictos<\/li>\n<li>Detectar como se comunica al interior de la organizaci\u00f3n<\/li>\n<li>Vincular formas de protesta y demandas para la visibilidad social<\/li>\n<li>Observar las disputas por la visibilidad y la construcci\u00f3n de la legitimidad en el reclamo<\/li>\n<\/ul>\n<p>Asimismo se desarrollaron t\u00e9cnicas de redacci\u00f3n de gacetillas de prensa y medios de comunicaci\u00f3n interna hacia dentro de los sectores en conflicto.<\/p>\n<p>La tem\u00e1tica fue de sumo inter\u00e9s para los compa\u00f1eros y compa\u00f1eras presentes, lo demuestra as\u00ed la participaci\u00f3n en cada instancia de discusi\u00f3n e intercambio de experiencias que se propusieron desde los coordinadores del curso.<\/p>\n<p>Los contenidos se organizaron entorno a los insumos elaborados\u00a0\u00a0 con las compa\u00f1eras del observatorio de conflictos sociales de la CTA C\u00f3rdoba y en base a las experiencias de los otros m\u00f3dulos realizados desde la Secretar\u00eda de Formaci\u00f3n del CDP C\u00f3rdoba, en donde la comunicaci\u00f3n es considerada una parte esencial en la construcci\u00f3n\u00a0 del conflicto.<\/p>\n<p>A su vez se analiz\u00f3 la importancia de generar estrategias y alianzas comunicacionales ya que muchas veces los medios de comunicaci\u00f3n, especialmente los hegem\u00f3nicos, responden a intereses contrarios a los de la clase trabajadora. Por ello es necesaria la generaci\u00f3n de canales de comunicaci\u00f3n y estrategias que legitimen y visualicen los conflictos y su visi\u00f3n desde las y los trabajadores.<\/p>\n<p>Como s\u00edntesis final transcribimos las palabras de Rodolfo Walsh cuan las cuales cerramos este m\u00f3dulo.<\/p>\n<p><em>\u201cCadena informativa puede ser usted mismo [&#8230;]. Reproduzca esta informaci\u00f3n, h\u00e1gala circular por los medios a su alcance: a mano, a m\u00e1quina, a mime\u00f3grafo. [&#8230;] Vuelva a sentir la satisfacci\u00f3n moral de un acto de libertad. Derrote al Terror.\u201d Rodolfo Walsh (1976)<\/em><\/p>\n<p>&nbsp;<\/p>\n<p>&nbsp;<\/p>\n<p><a href=\"http:\/\/www.atecordoba.org\/wp-content\/uploads\/2013\/04\/web22.jpg\"><img loading=\"lazy\" decoding=\"async\" class=\"aligncenter size-full wp-image-2654\" title=\"OLYMPUS DIGITAL CAMERA\" src=\"http:\/\/www.atecordoba.org\/wp-content\/uploads\/2013\/04\/web22.jpg\" alt=\"\" width=\"704\" height=\"528\" \/><\/a><\/p>\n<p><a href=\"http:\/\/www.atecordoba.org\/wp-content\/uploads\/2013\/04\/web32.jpg\"><img loading=\"lazy\" decoding=\"async\" class=\"aligncenter size-full wp-image-2655\" title=\"OLYMPUS DIGITAL CAMERA\" src=\"http:\/\/www.atecordoba.org\/wp-content\/uploads\/2013\/04\/web32.jpg\" alt=\"\" width=\"704\" height=\"528\" \/><\/a><\/p>\n","protected":false},"excerpt":{"rendered":"<p>Organizado por el equipo de la Secretaria de Formaci\u00f3n del Consejo Directivo Provincial, el s\u00e1bado 20 de abril \u00a0se organiz\u00f3 el 2\u00ba m\u00f3dulo de formaci\u00f3n en la seccional de R\u00edo Tercero. Participaron alrededor de 20 compa\u00f1eros y compa\u00f1eras , perteneciente al estado municipal, provincial y nacional.\u00a0 El encuentro gir\u00f3 en torno a la problem\u00e1tica de [&hellip;]<\/p>\n","protected":false},"author":1,"featured_media":19220,"comment_status":"open","ping_status":"open","sticky":false,"template":"","format":"standard","meta":{"_exactmetrics_skip_tracking":false,"_exactmetrics_sitenote_active":false,"_exactmetrics_sitenote_note":"","_exactmetrics_sitenote_category":0,"jnews-multi-image_gallery":[],"jnews_single_post":[],"jnews_primary_category":[],"jnews_social_meta":[],"jnews_review":[],"enable_review":"","type":"","name":"","summary":"","brand":"","sku":"","good":[],"bad":[],"score_override":"","override_value":"","rating":[],"price":[],"jnews_override_counter":[],"jnews_post_split":[],"footnotes":""},"categories":[1],"tags":[],"class_list":["post-2628","post","type-post","status-publish","format-standard","has-post-thumbnail","hentry","category-sin-categoria"],"jetpack_featured_media_url":"https:\/\/atecordoba.org\/wp-content\/uploads\/2020\/05\/logo-nuevochico-e1561581322808.png","_links":{"self":[{"href":"https:\/\/atecordoba.org\/index.php?rest_route=\/wp\/v2\/posts\/2628","targetHints":{"allow":["GET"]}}],"collection":[{"href":"https:\/\/atecordoba.org\/index.php?rest_route=\/wp\/v2\/posts"}],"about":[{"href":"https:\/\/atecordoba.org\/index.php?rest_route=\/wp\/v2\/types\/post"}],"author":[{"embeddable":true,"href":"https:\/\/atecordoba.org\/index.php?rest_route=\/wp\/v2\/users\/1"}],"replies":[{"embeddable":true,"href":"https:\/\/atecordoba.org\/index.php?rest_route=%2Fwp%2Fv2%2Fcomments&post=2628"}],"version-history":[{"count":0,"href":"https:\/\/atecordoba.org\/index.php?rest_route=\/wp\/v2\/posts\/2628\/revisions"}],"wp:featuredmedia":[{"embeddable":true,"href":"https:\/\/atecordoba.org\/index.php?rest_route=\/wp\/v2\/media\/19220"}],"wp:attachment":[{"href":"https:\/\/atecordoba.org\/index.php?rest_route=%2Fwp%2Fv2%2Fmedia&parent=2628"}],"wp:term":[{"taxonomy":"category","embeddable":true,"href":"https:\/\/atecordoba.org\/index.php?rest_route=%2Fwp%2Fv2%2Fcategories&post=2628"},{"taxonomy":"post_tag","embeddable":true,"href":"https:\/\/atecordoba.org\/index.php?rest_route=%2Fwp%2Fv2%2Ftags&post=2628"}],"curies":[{"name":"wp","href":"https:\/\/api.w.org\/{rel}","templated":true}]}}