{"id":26276,"date":"2021-06-16T10:27:10","date_gmt":"2021-06-16T13:27:10","guid":{"rendered":"https:\/\/atecordoba.org\/?p=26276"},"modified":"2021-06-16T11:16:14","modified_gmt":"2021-06-16T14:16:14","slug":"conversatorio-internacional-sobre-juventud-y-trabajo","status":"publish","type":"post","link":"https:\/\/atecordoba.org\/?p=26276","title":{"rendered":"Conversatorio internacional sobre juventud y trabajo"},"content":{"rendered":"\n<div class=\"wp-block-image\"><figure class=\"alignleft size-large is-resized\"><img loading=\"lazy\" decoding=\"async\" src=\"https:\/\/atecordoba.org\/wp-content\/uploads\/2021\/06\/Afiche-Juventud-trabajadora-en-Pandemia-1.jpeg\" alt=\"\" class=\"wp-image-26278\" width=\"469\" height=\"532\" srcset=\"https:\/\/atecordoba.org\/wp-content\/uploads\/2021\/06\/Afiche-Juventud-trabajadora-en-Pandemia-1.jpeg 750w, https:\/\/atecordoba.org\/wp-content\/uploads\/2021\/06\/Afiche-Juventud-trabajadora-en-Pandemia-1-265x300.jpeg 265w\" sizes=\"auto, (max-width: 469px) 100vw, 469px\" \/><\/figure><\/div>\n\n\n\n<p>La semana pasada se llev\u00f3 a cabo un conversatorio virtual titulado &#8220;La juventud trabajadora en pandemia, precariedad y oportunidades&#8221;, organizado en formato de coloquio por la Universidad Bernardo O&#8217;Higgins, de Chile, que cont\u00f3 con la participaci\u00f3n de la secretaria de Actas del Consejo Directivo Provincial de ATE C\u00f3rdoba, Maria Sotti.<\/p>\n\n\n\n<p>En la oportunidad, Sotti realiz\u00f3 una ponencia titulada &#8220;Las juventudes frente a la pandemia del Covid-19, una mirada desde los y las trabajadores estatales&#8221;. <\/p>\n\n\n\n<p>La dirigente expuso que su objetivo fue hacer foco en el mercado laboral en tres ejes: contexto econ\u00f3mico y social de la Argentina y C\u00f3rdoba y su impacto en las juventudes, situaci\u00f3n y condiciones labor4ales de los j\u00f3venes trabajadores del Estado y reflexiones sobre los horizontes y oportunidades de las juventudes en el contexto de crisis.<\/p>\n\n\n\n<p>En primer t\u00e9rmino, Sotti afirm\u00f3 que en 2020 &#8220;en la Argentina que ya se encontraba con una grave crisis econ\u00f3mica y social, la pandemia ha agudizado el cuadro social de pobreza, indigencia y la afecci\u00f3n en provisi\u00f3n de servicios b\u00e1sicos para atender el hambre de vastos sectores de la poblaci\u00f3n, sumada la alarmante inestabilidad y precariedad laboral que resulta dif\u00edcil revertir luego de cuatro a\u00f1os de desguace del Estado por el gobierno macrista (2015- 2019). Estas condiciones son propias del capitalismo global, neoliberal, patriarcal, colonialista y racista que sumerge a la inmensa mayor\u00eda de la poblaci\u00f3n a condiciones de vida incompatibles con pleno ejercicio de los derechos humanos&#8221;. <\/p>\n\n\n\n<p>As\u00ed destac\u00f3 que en el encuentro &#8220;la idea centrarse en las juventudes del pa\u00eds y como se han transformado sus condiciones de vida, empleo y trayectorias laboral en un marco de pandemia, atento que las juventudes se enfrentan a m\u00faltiples desigualdades condicionadas por: la edad, g\u00e9nero, el nivel socioecon\u00f3mico, el entorno sociocultural y familiar, la zona de residencia, el nivel educativo alcanzado, condiciones de discapacidad y migraci\u00f3n&#8221;.<\/p>\n\n\n\n<p>Para Sotti, teniendo en cuenta que la inserci\u00f3n al mercado de trabajo por parte de los j\u00f3venes resulta vital para lograr la emancipaci\u00f3n econ\u00f3mica y familiar, &#8220;la construcci\u00f3n de proyectos de vida propios y lograr la integraci\u00f3n social en su comunidad, resulta sumamente necesario indagar en c\u00f3mo operan algunos factores mencionados anteriormente en el ingreso al mercado laboral de los j\u00f3venes argentinos&#8221;.<\/p>\n\n\n\n<div class=\"wp-block-image\"><figure class=\"alignright size-large\"><img loading=\"lazy\" decoding=\"async\" width=\"589\" height=\"321\" src=\"https:\/\/atecordoba.org\/wp-content\/uploads\/2021\/06\/JyP-2.jpg\" alt=\"\" class=\"wp-image-26279\" srcset=\"https:\/\/atecordoba.org\/wp-content\/uploads\/2021\/06\/JyP-2.jpg 589w, https:\/\/atecordoba.org\/wp-content\/uploads\/2021\/06\/JyP-2-300x163.jpg 300w\" sizes=\"auto, (max-width: 589px) 100vw, 589px\" \/><\/figure><\/div>\n\n\n\n<p>&#8220;Siguiendo un informe presentado por el BID (2020), la dificultad en la inserci\u00f3n laboral de los j\u00f3venes ha sido una problem\u00e1tica persistente en Am\u00e9rica Latina y el Caribe. La tasa de desempleo juvenil es tres veces m\u00e1s alta que la de los adultos, la tasa de informalidad es 1,5 veces m\u00e1s alta, y la inactividad es elevada: del 21% de los j\u00f3venes no estudian ni trabajan. En el caso de Argentina siguiendo el informe del INDEC la tasa general de desempleo para el 4to trimestre del 2020 fue del 11% pero para la poblaci\u00f3n joven (14 a 29 a\u00f1os) para el 4to trimestre la tasa ascendi\u00f3 a 22,5%. Si se desglosa por g\u00e9nero, la tasa de desocupaci\u00f3n de las mujeres j\u00f3venes es llamativamente mayor que la de los hombres del mismo rango de edad, siendo del 26%, la desocupaci\u00f3n para el conjunto de mujeres j\u00f3venes en tanto los hombres j\u00f3venes fue de 19%. Una diferencia de 7 puntos porcentuales&#8221;, inform\u00f3 la dirigente, que tiene a su cargo el Observatorio Laboral y Social del CDP.<\/p>\n\n\n\n<p>Por eso se pregunt\u00f3 c\u00f3mo &#8220;en la provincia de C\u00f3rdoba, una de las regiones m\u00e1s ricas y productivas del pa\u00eds por gran producci\u00f3n de materias primas, parad\u00f3jicamente la desocupaci\u00f3n juvenil llamativamente alta. Para el periodo m\u00e1s cerrado de la ASPO (Abril-Mayo-Junio), el Gran C\u00f3rdoba registro un tasa de desempleo del 19,1% y el desempleo juvenil alcanz\u00f3 el 19,5%. Una tasa que no se registraba desde la crisis de comienzos de siglo (2001). Si estas cifras las leemos con perspectiva de g\u00e9neros, se observa que en el Gran C\u00f3rdoba la poblaci\u00f3n de mujeres j\u00f3venes desocupadas en el periodo de mayor impacto del aislamiento fue del 22,1%, en tanto la proporci\u00f3n de hombres j\u00f3venes desocupados 16,4%&#8221;.<\/p>\n\n\n\n<p>Ante la atenta mirada del auditorio presente, donde se destacaron cientistas sociales de larga trayectoria y expositores como Miguel Urrutia, de la Universidad de Chile, y Dasten Juli\u00e1n-Vejar, de la Universidad Austral, Sotti arremeti\u00f3 tambi\u00e9n apuntando que &#8220;si estas cifras las leemos con perspectiva de g\u00e9neros, se observa que en el Gran C\u00f3rdoba la poblaci\u00f3n de mujeres j\u00f3venes desocupadas en el periodo de mayor impacto del aislamiento fue del 22,1%, en tanto la proporci\u00f3n de hombres j\u00f3venes desocupados 16,4%. En este punto me quiero detener para resaltar que los niveles de desocupaci\u00f3n dejan en evidencia la desventaja que tienen las mujeres j\u00f3venes respecto de los hombres en el terreno laboral. Un dato muy interesante es que se cree que j\u00f3venes que habitualmente son encasillados en la categor\u00eda \u201cni-ni\u201d (porque no estudian ni trabajan), en realidad se encuentran desempe\u00f1ando tareas en su hogar. Como se\u00f1ala Carranza (2021) seg\u00fan los datos arrogados por la Encuesta Permanente de Hogares (INDEC) &#8216;la feminizaci\u00f3n del fen\u00f3meno esconde una deficiencia en la conceptualizaci\u00f3n del problema (\u2026) en el caso de las j\u00f3venes, no se trata de personas que no trabajan ni estudian, sino que se observa una mayor participaci\u00f3n en tareas no remuneradas en el hogar&#8217;. Seg\u00fan datos de la EPH del primer trimestre de 2020, en la ciudad de C\u00f3rdoba y alrededores, de las 21.865 j\u00f3venes cordobesas que no trabajaban ni estudiaban, el 50,8 por ciento estaba dedicada a la realizaci\u00f3n de tareas no remuneradas en su hogar, mientras que ninguno, cero, de los 9.875 j\u00f3venes \u201cni-ni\u201d varones participaba de este tipo de tareas&#8221;.<\/p>\n\n\n\n<figure class=\"wp-block-gallery columns-3 is-cropped wp-block-gallery-1 is-layout-flex wp-block-gallery-is-layout-flex\"><ul class=\"blocks-gallery-grid\"><li><figure><img loading=\"lazy\" decoding=\"async\" width=\"463\" height=\"281\" src=\"https:\/\/atecordoba.org\/wp-content\/uploads\/2021\/06\/cuadro-2.png\" alt=\"\" class=\"wp-image-26280\" srcset=\"https:\/\/atecordoba.org\/wp-content\/uploads\/2021\/06\/cuadro-2.png 463w, https:\/\/atecordoba.org\/wp-content\/uploads\/2021\/06\/cuadro-2-300x182.png 300w\" sizes=\"auto, (max-width: 463px) 100vw, 463px\" \/><\/figure><\/li><li><figure><img loading=\"lazy\" decoding=\"async\" width=\"475\" height=\"291\" src=\"https:\/\/atecordoba.org\/wp-content\/uploads\/2021\/06\/cuadro-3.png\" alt=\"\" class=\"wp-image-26281\" srcset=\"https:\/\/atecordoba.org\/wp-content\/uploads\/2021\/06\/cuadro-3.png 475w, https:\/\/atecordoba.org\/wp-content\/uploads\/2021\/06\/cuadro-3-300x184.png 300w\" sizes=\"auto, (max-width: 475px) 100vw, 475px\" \/><\/figure><\/li><li><figure><img loading=\"lazy\" decoding=\"async\" width=\"444\" height=\"270\" src=\"https:\/\/atecordoba.org\/wp-content\/uploads\/2021\/06\/cuadro-4.png\" alt=\"\" class=\"wp-image-26282\" srcset=\"https:\/\/atecordoba.org\/wp-content\/uploads\/2021\/06\/cuadro-4.png 444w, https:\/\/atecordoba.org\/wp-content\/uploads\/2021\/06\/cuadro-4-300x182.png 300w\" sizes=\"auto, (max-width: 444px) 100vw, 444px\" \/><\/figure><\/li><li><figure><img loading=\"lazy\" decoding=\"async\" width=\"621\" height=\"390\" src=\"https:\/\/atecordoba.org\/wp-content\/uploads\/2021\/06\/cuadro.png\" alt=\"\" class=\"wp-image-26283\" srcset=\"https:\/\/atecordoba.org\/wp-content\/uploads\/2021\/06\/cuadro.png 621w, https:\/\/atecordoba.org\/wp-content\/uploads\/2021\/06\/cuadro-300x188.png 300w\" sizes=\"auto, (max-width: 621px) 100vw, 621px\" \/><\/figure><\/li><\/ul><\/figure>\n\n\n\n<p>Adem\u00e1s, Sotti dijo que &#8220;si nos detenemos en la tasa de ocupaci\u00f3n de Argentina, observamos que el empleo estatal representa el 18,5% en el 4to trimestre del 2020 en tanto el sector privado el 80,6% seg\u00fan el informe del INDEC (2021). Seg\u00fan el informe presentado en diciembre 2021 por el Observatorio Laboral y Social de ATE C\u00f3rdoba (\u201cEl impacto de la pandemia del COVID-19 en lxs trabajadorxs del Estado de la provincia de C\u00f3rdoba\u201d) pudimos conocer que la proporci\u00f3n de j\u00f3venes entre 18 a 35 a\u00f1os con trabajo en el Estado (Nacional, Provincial y Municipal) es relativamente baja, es decir representan el 21% de los trabajadores&#8221;.<\/p>\n\n\n\n<p>Por \u00faltimo, Sotti llam\u00f3 a &#8220;reivindicar la identidad de la clase trabajadora (en sentido amplio: ocupados, desocupados, invisibilizados), incentivar modelos innovadores de organizaci\u00f3n sindical que permitan adaptarse a las transformaciones de la sociedad y el mundo del trabajo (uso de redes sociales, app para llegar a los trabajadores). Sabemos que hay una descolectivizaci\u00f3n muy fuerte de lo que es el mercado laboral, adem\u00e1s de la precariedad laboral y los altos \u00edndices de informalidad como se se\u00f1alaron pero el sindicalismo, debe dar una repuesta m\u00e1s s\u00f3lida, haciendo unidad con otros sindicatos (en el C\u00f3rdoba se logr\u00f3 articular mesa de Salud provincial), para interpelar al Estado como empleador para el cumplimiento de los compromisos asumidos (m\u00e1s presupuestos para las juventudes en programas de inserci\u00f3n laboral y educativa) porque con lo que hay no alcanza; avanzar en incorporar a las Juventudes como sujeto pol\u00edtico para la transformaci\u00f3n de las instituciones, incluida la sindical&#8221;.<\/p>\n\n\n\n<p><\/p>\n","protected":false},"excerpt":{"rendered":"<p>La semana pasada se llev\u00f3 a cabo un conversatorio virtual titulado &#8220;La juventud trabajadora en pandemia, precariedad y oportunidades&#8221;, organizado en formato de coloquio por la Universidad Bernardo O&#8217;Higgins, de Chile, que cont\u00f3 con la participaci\u00f3n de la secretaria de Actas del Consejo Directivo Provincial de ATE C\u00f3rdoba, Maria Sotti. En la oportunidad, Sotti realiz\u00f3 [&hellip;]<\/p>\n","protected":false},"author":7,"featured_media":26278,"comment_status":"open","ping_status":"open","sticky":false,"template":"","format":"standard","meta":{"_exactmetrics_skip_tracking":false,"_exactmetrics_sitenote_active":false,"_exactmetrics_sitenote_note":"","_exactmetrics_sitenote_category":0,"jnews-multi-image_gallery":[],"jnews_single_post":{"subtitle":"La semana pasada se llev\u00f3 a cabo un conversatorio virtual titulado \u201cLa juventud trabajadora en pandemia, precariedad y oportunidades\u201d, organizado por la Universidad Bernardo O\u2019Higgins de Chile, que cont\u00f3 con la participaci\u00f3n de la secretaria de Actas del Consejo Directivo Provincial de ATE C\u00f3rdoba, Maria Sotti.","format":"standard","video":"","gallery":"","source_name":"","source_url":"","via_name":"","via_url":"","override":[{"single_blog_custom":"","sidebar":"","second_sidebar":"","share_position":"","share_float_style":"","post_date_format":"","post_date_format_custom":"","post_reading_time_wpm":"","zoom_button_out_step":"1","zoom_button_in_step":"1","number_popup_post":"1"}],"image_override":[{"single_post_thumbnail_size":"","single_post_gallery_size":""}],"trending_post_position":"","trending_post_label":"","sponsored_post_label":"","sponsored_post_name":"","sponsored_post_url":"","sponsored_post_logo":"","sponsored_post_desc":""},"jnews_primary_category":{"id":""},"jnews_social_meta":{"fb_title":"","fb_description":"","fb_image":"","twitter_title":"","twitter_description":"","twitter_image":""},"jnews_review":[],"enable_review":"","type":"percentage","name":"","summary":"","brand":"","sku":"","good":[{"good_text":""}],"bad":[{"bad_text":""}],"score_override":"","override_value":"","rating":[{"rating_text":"","rating_number":"10"}],"price":[{"shop":"","price":"","link":"","icon":""}],"jnews_override_counter":{"view_counter_number":"0","share_counter_number":"0","like_counter_number":"0","dislike_counter_number":"0"},"jnews_post_split":{"post_split":[{"template":"1","tag":"h2","numbering":"asc","mode":"normal","toc_type":"normal"}]},"footnotes":""},"categories":[741],"tags":[843],"class_list":["post-26276","post","type-post","status-publish","format-standard","has-post-thumbnail","hentry","category-observatorio-laboral-y-social","tag-juvetud-y-trabajo"],"jetpack_featured_media_url":"https:\/\/atecordoba.org\/wp-content\/uploads\/2021\/06\/Afiche-Juventud-trabajadora-en-Pandemia-1.jpeg","_links":{"self":[{"href":"https:\/\/atecordoba.org\/index.php?rest_route=\/wp\/v2\/posts\/26276","targetHints":{"allow":["GET"]}}],"collection":[{"href":"https:\/\/atecordoba.org\/index.php?rest_route=\/wp\/v2\/posts"}],"about":[{"href":"https:\/\/atecordoba.org\/index.php?rest_route=\/wp\/v2\/types\/post"}],"author":[{"embeddable":true,"href":"https:\/\/atecordoba.org\/index.php?rest_route=\/wp\/v2\/users\/7"}],"replies":[{"embeddable":true,"href":"https:\/\/atecordoba.org\/index.php?rest_route=%2Fwp%2Fv2%2Fcomments&post=26276"}],"version-history":[{"count":2,"href":"https:\/\/atecordoba.org\/index.php?rest_route=\/wp\/v2\/posts\/26276\/revisions"}],"predecessor-version":[{"id":26285,"href":"https:\/\/atecordoba.org\/index.php?rest_route=\/wp\/v2\/posts\/26276\/revisions\/26285"}],"wp:featuredmedia":[{"embeddable":true,"href":"https:\/\/atecordoba.org\/index.php?rest_route=\/wp\/v2\/media\/26278"}],"wp:attachment":[{"href":"https:\/\/atecordoba.org\/index.php?rest_route=%2Fwp%2Fv2%2Fmedia&parent=26276"}],"wp:term":[{"taxonomy":"category","embeddable":true,"href":"https:\/\/atecordoba.org\/index.php?rest_route=%2Fwp%2Fv2%2Fcategories&post=26276"},{"taxonomy":"post_tag","embeddable":true,"href":"https:\/\/atecordoba.org\/index.php?rest_route=%2Fwp%2Fv2%2Ftags&post=26276"}],"curies":[{"name":"wp","href":"https:\/\/api.w.org\/{rel}","templated":true}]}}