{"id":26259,"date":"2021-06-15T09:20:19","date_gmt":"2021-06-15T12:20:19","guid":{"rendered":"https:\/\/atecordoba.org\/?p=26259"},"modified":"2021-06-15T14:27:48","modified_gmt":"2021-06-15T17:27:48","slug":"quilino-ate-profundiza-el-reclamo-por-la-reincorporacion-de-una-delegada-despedida-y-el-planta-a-permanente-de-otra-trabajadora","status":"publish","type":"post","link":"https:\/\/atecordoba.org\/?p=26259","title":{"rendered":"Quilino: ATE profundiza el reclamo por la reincorporaci\u00f3n de una delegada despedida y por el pase a planta permanente de otra trabajadora"},"content":{"rendered":"\n<div class=\"wp-block-image\"><figure class=\"aligncenter size-large\"><img loading=\"lazy\" decoding=\"async\" width=\"1024\" height=\"645\" src=\"https:\/\/atecordoba.org\/wp-content\/uploads\/2021\/06\/quilino-bandera-1024x645.jpg\" alt=\"\" class=\"wp-image-26263\" srcset=\"https:\/\/atecordoba.org\/wp-content\/uploads\/2021\/06\/quilino-bandera-1024x645.jpg 1024w, https:\/\/atecordoba.org\/wp-content\/uploads\/2021\/06\/quilino-bandera-300x189.jpg 300w, https:\/\/atecordoba.org\/wp-content\/uploads\/2021\/06\/quilino-bandera-768x484.jpg 768w, https:\/\/atecordoba.org\/wp-content\/uploads\/2021\/06\/quilino-bandera-750x472.jpg 750w, https:\/\/atecordoba.org\/wp-content\/uploads\/2021\/06\/quilino-bandera-1140x718.jpg 1140w, https:\/\/atecordoba.org\/wp-content\/uploads\/2021\/06\/quilino-bandera.jpg 1280w\" sizes=\"auto, (max-width: 1024px) 100vw, 1024px\" \/><figcaption>Imagen de archivo de afiliados y afiliadas municipales de Quilino, junto a dirigentes del CDP.<\/figcaption><\/figure><\/div>\n\n\n\n<p>A principios de junio, la representaci\u00f3n de ATE en la localidad de Quilino elev\u00f3 al Ejecutivo municipal el tr\u00e1mite correspondiente para que se emita &#8211; con caracter de &#8220;pronto despacho&#8221;- ante el reclamo de reincorporaci\u00f3n de una delegada municipal de nuestra organizaci\u00f3n que fuera despedida de manera ilegal en virtud a que, por su car\u00e1cter de delegada, la protege la legislaci\u00f3n nacional en funci\u00f3n de la denominada &#8220;tutela gremial&#8221;.<\/p>\n\n\n\n<p>Esta situaci\u00f3n -absolutamente irregular- fue planteada de manera inmediata tras producirse el hecho en diciembre pasado. La actuaci\u00f3n podr\u00eda tener grav\u00edsimas consecuencias, ya que podr\u00eda derivar en una denuncia penal contra la intendente, Mabel Godoy, y su cuerpo de funcionarios. A la reincorporaci\u00f3n  se suma tambi\u00e9n el reclamo por los salarios ca\u00eddos desde el despido a la fecha. <\/p>\n\n\n\n<p>De esta forma, y ante los plazos cumplidos para devolver a la delegada su puesto de trabajo ATE agot\u00f3 la v\u00eda administrativa del reclamo. De no tener una respuesta favorable, el equipo letrado de nuestro gremio iniciar\u00e1 la via judicial.<\/p>\n\n\n\n<p>A su vez, en otro hecho que da cuenta de falta de cumplimiento de la administraci\u00f3n municipal de la legislaci\u00f3n vigente, ATE present\u00f3 otro pronto despacho para que el Ejecutivo cumpla con el pase a planta permanente de una compa\u00f1era municipal que lleva 20 a\u00f1os precarizada bajo figuras como &#8220;pasant\u00edas&#8221; y &#8220;becas&#8221; que encubren su relaci\u00f3n laboral plena con la Municipalidad de Quilino.<\/p>\n\n\n\n<p>Tambi\u00e9n iniciado el tr\u00e1mite correspondiente, ahora ATE present\u00f3 por mesa de entradas un pronto despacho con el prop\u00f3sito de no dilatar m\u00e1s la situaci\u00f3n y que se le otorgue el pase a planta permanente a la compa\u00f1era, que a la fecha prosigue como becaria.<\/p>\n\n\n\n<figure class=\"wp-block-gallery columns-2 is-cropped wp-block-gallery-1 is-layout-flex wp-block-gallery-is-layout-flex\"><ul class=\"blocks-gallery-grid\"><li><figure><img loading=\"lazy\" decoding=\"async\" width=\"461\" height=\"660\" src=\"https:\/\/atecordoba.org\/wp-content\/uploads\/2021\/06\/FB_IMG_1623607466364-1-1.jpg\" alt=\"\" class=\"wp-image-26262\" srcset=\"https:\/\/atecordoba.org\/wp-content\/uploads\/2021\/06\/FB_IMG_1623607466364-1-1.jpg 461w, https:\/\/atecordoba.org\/wp-content\/uploads\/2021\/06\/FB_IMG_1623607466364-1-1-210x300.jpg 210w\" sizes=\"auto, (max-width: 461px) 100vw, 461px\" \/><\/figure><\/li><li><figure><img loading=\"lazy\" decoding=\"async\" width=\"671\" height=\"960\" src=\"https:\/\/atecordoba.org\/wp-content\/uploads\/2021\/06\/FB_IMG_1623607463364-1.jpg\" alt=\"\" class=\"wp-image-26261\" srcset=\"https:\/\/atecordoba.org\/wp-content\/uploads\/2021\/06\/FB_IMG_1623607463364-1.jpg 671w, https:\/\/atecordoba.org\/wp-content\/uploads\/2021\/06\/FB_IMG_1623607463364-1-210x300.jpg 210w\" sizes=\"auto, (max-width: 671px) 100vw, 671px\" \/><\/figure><\/li><\/ul><\/figure>\n","protected":false},"excerpt":{"rendered":"<p>A principios de junio, la representaci\u00f3n de ATE en la localidad de Quilino elev\u00f3 al Ejecutivo municipal el tr\u00e1mite correspondiente para que se emita &#8211; con caracter de &#8220;pronto despacho&#8221;- ante el reclamo de reincorporaci\u00f3n de una delegada municipal de nuestra organizaci\u00f3n que fuera despedida de manera ilegal en virtud a que, por su car\u00e1cter [&hellip;]<\/p>\n","protected":false},"author":5,"featured_media":26261,"comment_status":"open","ping_status":"open","sticky":false,"template":"","format":"standard","meta":{"_exactmetrics_skip_tracking":false,"_exactmetrics_sitenote_active":false,"_exactmetrics_sitenote_note":"","_exactmetrics_sitenote_category":0,"jnews-multi-image_gallery":[],"jnews_single_post":{"subtitle":"El Sindicato solicit\u00f3 el \"pronto despacho\" ante el pedido de reincorporaci\u00f3n de una delegada despedida, alcanzada por la protecci\u00f3n de la \"tutela sindical\", y advirti\u00f3 que, de no mediar respuesta, el sindicato se reservar\u00eda el derecho de iniciar acciones legales -de car\u00e1cter civil y penal- contra el municipio y sus responsables, la intendenta Mabel Godoy y funcionarios. Adem\u00e1s intimaron a la patronal a efectivizar el pase a planta de una trabajadora precarizada con m\u00e1s de 20 a\u00f1os de trabajo como \"pasante\" y \"becaria\".","format":"standard","video":"","gallery":"","source_name":"","source_url":"","via_name":"","via_url":"","override":[{"single_blog_custom":"","sidebar":"","second_sidebar":"","share_position":"","share_float_style":"","post_date_format":"","post_date_format_custom":"","post_reading_time_wpm":"","zoom_button_out_step":"1","zoom_button_in_step":"1","number_popup_post":"1"}],"image_override":[{"single_post_thumbnail_size":"","single_post_gallery_size":""}],"trending_post_position":"","trending_post_label":"","sponsored_post_label":"","sponsored_post_name":"","sponsored_post_url":"","sponsored_post_logo":"","sponsored_post_desc":""},"jnews_primary_category":{"id":""},"jnews_social_meta":{"fb_title":"","fb_description":"","fb_image":"","twitter_title":"","twitter_description":"","twitter_image":""},"jnews_review":[],"enable_review":"","type":"percentage","name":"","summary":"","brand":"","sku":"","good":[{"good_text":""}],"bad":[{"bad_text":""}],"score_override":"","override_value":"","rating":[{"rating_text":"","rating_number":"10"}],"price":[{"shop":"","price":"","link":"","icon":""}],"jnews_override_counter":{"view_counter_number":"0","share_counter_number":"0","like_counter_number":"0","dislike_counter_number":"0"},"jnews_post_split":{"post_split":[{"template":"1","tag":"h2","numbering":"asc","mode":"normal","toc_type":"normal"}]},"footnotes":""},"categories":[20],"tags":[655],"class_list":["post-26259","post","type-post","status-publish","format-standard","has-post-thumbnail","hentry","category-municipales","tag-quilino"],"jetpack_featured_media_url":"https:\/\/atecordoba.org\/wp-content\/uploads\/2021\/06\/FB_IMG_1623607463364-1.jpg","_links":{"self":[{"href":"https:\/\/atecordoba.org\/index.php?rest_route=\/wp\/v2\/posts\/26259","targetHints":{"allow":["GET"]}}],"collection":[{"href":"https:\/\/atecordoba.org\/index.php?rest_route=\/wp\/v2\/posts"}],"about":[{"href":"https:\/\/atecordoba.org\/index.php?rest_route=\/wp\/v2\/types\/post"}],"author":[{"embeddable":true,"href":"https:\/\/atecordoba.org\/index.php?rest_route=\/wp\/v2\/users\/5"}],"replies":[{"embeddable":true,"href":"https:\/\/atecordoba.org\/index.php?rest_route=%2Fwp%2Fv2%2Fcomments&post=26259"}],"version-history":[{"count":2,"href":"https:\/\/atecordoba.org\/index.php?rest_route=\/wp\/v2\/posts\/26259\/revisions"}],"predecessor-version":[{"id":26267,"href":"https:\/\/atecordoba.org\/index.php?rest_route=\/wp\/v2\/posts\/26259\/revisions\/26267"}],"wp:featuredmedia":[{"embeddable":true,"href":"https:\/\/atecordoba.org\/index.php?rest_route=\/wp\/v2\/media\/26261"}],"wp:attachment":[{"href":"https:\/\/atecordoba.org\/index.php?rest_route=%2Fwp%2Fv2%2Fmedia&parent=26259"}],"wp:term":[{"taxonomy":"category","embeddable":true,"href":"https:\/\/atecordoba.org\/index.php?rest_route=%2Fwp%2Fv2%2Fcategories&post=26259"},{"taxonomy":"post_tag","embeddable":true,"href":"https:\/\/atecordoba.org\/index.php?rest_route=%2Fwp%2Fv2%2Ftags&post=26259"}],"curies":[{"name":"wp","href":"https:\/\/api.w.org\/{rel}","templated":true}]}}