{"id":2625,"date":"2013-04-23T17:04:45","date_gmt":"2013-04-23T20:04:45","guid":{"rendered":"http:\/\/www.atecordoba.org\/?p=2625"},"modified":"2013-04-23T17:04:45","modified_gmt":"2013-04-23T20:04:45","slug":"ate-eligio-otro-delegado-en-la-unc","status":"publish","type":"post","link":"https:\/\/atecordoba.org\/?p=2625","title":{"rendered":"ATE eligi\u00f3 otro delegado en la UNC"},"content":{"rendered":"<p><em>La compa\u00f1era Dolores Hern\u00e1ndez result\u00f3 electa la semana pasada como representante de los trabajadores no docentes de la Prosecretar\u00eda de Relaciones Internacionales. De esta forma, nuestra organizaci\u00f3n alcanza cinco delegados en la UNC.<\/em><\/p>\n<p><a href=\"http:\/\/www.atecordoba.org\/wp-content\/uploads\/2013\/04\/IMG_2499-Medium-1.jpg\"><img loading=\"lazy\" decoding=\"async\" class=\"aligncenter size-medium wp-image-2626\" title=\"IMG_2499 (Medium) (1)\" src=\"http:\/\/www.atecordoba.org\/wp-content\/uploads\/2013\/04\/IMG_2499-Medium-1-300x225.jpg\" alt=\"\" width=\"300\" height=\"225\" \/><\/a><\/p>\n<p>Hern\u00e1ndez fue elegida por el 100% de los compa\u00f1eros del sector y expresa el crecimiento de ATE en la casa de estudios. La representante, con \u00a0dos a\u00f1os de mandato, pone sobre la mesa una de las principales demandas de los trabajadores: &#8220;somos muchos contratados. En el sector donde trabajo el 60% se encuentra en esa condici\u00f3n. Entendemos que participar es parte de la soluci\u00f3n y ATE es el espacio donde canalizar nuestras expectativas colectivas, para mejorar nuestras condiciones de trabajo en el \u00e1rea y en solidaridad con los compa\u00f1eros de otros sectores de la UNC&#8221;.<\/p>\n<p>La precarizaci\u00f3n laboral es uno de los puntos de mayor relevancia en la agenda gremial que ATE viene impulsando desde su instalaci\u00f3n en la UNC, que motiv\u00f3 la incorporaci\u00f3n progresiva de afiliados.<\/p>\n","protected":false},"excerpt":{"rendered":"<p>La compa\u00f1era Dolores Hern\u00e1ndez result\u00f3 electa la semana pasada como representante de los trabajadores no docentes de la Prosecretar\u00eda de Relaciones Internacionales. De esta forma, nuestra organizaci\u00f3n alcanza cinco delegados en la UNC. Hern\u00e1ndez fue elegida por el 100% de los compa\u00f1eros del sector y expresa el crecimiento de ATE en la casa de estudios. [&hellip;]<\/p>\n","protected":false},"author":1,"featured_media":19220,"comment_status":"open","ping_status":"open","sticky":false,"template":"","format":"standard","meta":{"_exactmetrics_skip_tracking":false,"_exactmetrics_sitenote_active":false,"_exactmetrics_sitenote_note":"","_exactmetrics_sitenote_category":0,"jnews-multi-image_gallery":[],"jnews_single_post":[],"jnews_primary_category":[],"jnews_social_meta":[],"jnews_review":[],"enable_review":"","type":"","name":"","summary":"","brand":"","sku":"","good":[],"bad":[],"score_override":"","override_value":"","rating":[],"price":[],"jnews_override_counter":[],"jnews_post_split":[],"footnotes":""},"categories":[18],"tags":[],"class_list":["post-2625","post","type-post","status-publish","format-standard","has-post-thumbnail","hentry","category-nacionales"],"jetpack_featured_media_url":"https:\/\/atecordoba.org\/wp-content\/uploads\/2020\/05\/logo-nuevochico-e1561581322808.png","_links":{"self":[{"href":"https:\/\/atecordoba.org\/index.php?rest_route=\/wp\/v2\/posts\/2625","targetHints":{"allow":["GET"]}}],"collection":[{"href":"https:\/\/atecordoba.org\/index.php?rest_route=\/wp\/v2\/posts"}],"about":[{"href":"https:\/\/atecordoba.org\/index.php?rest_route=\/wp\/v2\/types\/post"}],"author":[{"embeddable":true,"href":"https:\/\/atecordoba.org\/index.php?rest_route=\/wp\/v2\/users\/1"}],"replies":[{"embeddable":true,"href":"https:\/\/atecordoba.org\/index.php?rest_route=%2Fwp%2Fv2%2Fcomments&post=2625"}],"version-history":[{"count":0,"href":"https:\/\/atecordoba.org\/index.php?rest_route=\/wp\/v2\/posts\/2625\/revisions"}],"wp:featuredmedia":[{"embeddable":true,"href":"https:\/\/atecordoba.org\/index.php?rest_route=\/wp\/v2\/media\/19220"}],"wp:attachment":[{"href":"https:\/\/atecordoba.org\/index.php?rest_route=%2Fwp%2Fv2%2Fmedia&parent=2625"}],"wp:term":[{"taxonomy":"category","embeddable":true,"href":"https:\/\/atecordoba.org\/index.php?rest_route=%2Fwp%2Fv2%2Fcategories&post=2625"},{"taxonomy":"post_tag","embeddable":true,"href":"https:\/\/atecordoba.org\/index.php?rest_route=%2Fwp%2Fv2%2Ftags&post=2625"}],"curies":[{"name":"wp","href":"https:\/\/api.w.org\/{rel}","templated":true}]}}