{"id":26232,"date":"2021-06-14T13:19:25","date_gmt":"2021-06-14T16:19:25","guid":{"rendered":"https:\/\/atecordoba.org\/?p=26232"},"modified":"2021-06-14T14:45:25","modified_gmt":"2021-06-14T17:45:25","slug":"ate-pidio-la-absolucion-de-los-estudiantes-procesadxs-de-la-unc","status":"publish","type":"post","link":"https:\/\/atecordoba.org\/?p=26232","title":{"rendered":"ATE pidi\u00f3 la absoluci\u00f3n de los estudiantes procesadxs de la UNC"},"content":{"rendered":"\n<div class=\"wp-block-image\"><figure class=\"aligncenter size-large\"><img loading=\"lazy\" decoding=\"async\" width=\"720\" height=\"960\" src=\"https:\/\/atecordoba.org\/wp-content\/uploads\/2021\/06\/200426288_172764754809219_1470659815446590040_n.jpg\" alt=\"\" class=\"wp-image-26238\" srcset=\"https:\/\/atecordoba.org\/wp-content\/uploads\/2021\/06\/200426288_172764754809219_1470659815446590040_n.jpg 720w, https:\/\/atecordoba.org\/wp-content\/uploads\/2021\/06\/200426288_172764754809219_1470659815446590040_n-225x300.jpg 225w\" sizes=\"auto, (max-width: 720px) 100vw, 720px\" \/><\/figure><\/div>\n\n\n\n<p>Durante una actividad de protesta llevada a cabo en la Plaza Agust\u00edn Tosco, las y los compa\u00f1eros de ATE Educaci\u00f3n reclamaron la absoluci\u00f3n de las y los estudiantes procesados por la toma del Pabell\u00f3n Argentina de la Ciudad Universitaria en 2018, cuya causa ya fue elevada a juicio.<\/p>\n\n\n\n<p>El espacio gremial se\u00f1al\u00f3 que &#8220;la rebeli\u00f3n universitaria del 2018 nos mostr\u00f3 como el movimiento estudiantil sigue levantando las banderas de los reformistas que 100 a\u00f1os antes defendieron el acceso del pueblo trabajador a la educaci\u00f3n superior. Esta lucha recorri\u00f3 todo el pa\u00eds y tuvo represalias muy graves en nuestra provincia y en R\u00edo Negro, donde tambi\u00e9n hay compa\u00f1eras docentes y estudiantes que han sido castigadxs y por los que exigimos tambi\u00e9n total absoluci\u00f3n&#8221;.<\/p>\n\n\n\n<p>En tal sentido, ATE Educaci\u00f3n tom\u00f3 como propias las palabras de la Asamblea Interfacultades UNC, que manifest\u00f3 que \u201cel juicio va tomando forma luego de la conformaci\u00f3n la semana pasada del Tribunal unipersonal, a cargo del Juez S\u00e1nchez Freytes. A la Justicia Federal no le tiembla el pulso para acelerar los tiempos judiciales en medio del rebrote pand\u00e9mico y el protagonismo de la provincia como epicentro. En este contexto, la educaci\u00f3n superior ha quedado en el olvido y vivimos una crisis hist\u00f3rica de la educaci\u00f3n p\u00fablica en todos sus niveles.\u201d<\/p>\n\n\n\n<p>Por eso desde ATE EDUCACI\u00d3N se sumaron al conjunto de personas y organizaciones que se ponen a disposici\u00f3n para resistir esta calamitosa injusticia y reclamaron: <\/p>\n\n\n\n<p>&#8211; absoluci\u00f3n ya de lxs 27 estudiantes de la UNC<\/p>\n\n\n\n<p>&#8211; en defensa de la educaci\u00f3n p\u00fablica<\/p>\n\n\n\n<p>&#8211; contra la criminalizaci\u00f3n de la protesta<\/p>\n\n\n\n<figure class=\"wp-block-gallery columns-3 is-cropped wp-block-gallery-1 is-layout-flex wp-block-gallery-is-layout-flex\"><ul class=\"blocks-gallery-grid\"><li><figure><img loading=\"lazy\" decoding=\"async\" width=\"960\" height=\"720\" src=\"https:\/\/atecordoba.org\/wp-content\/uploads\/2021\/06\/199920872_172765021475859_7888163657947320058_n.jpg\" alt=\"\" class=\"wp-image-26239\" srcset=\"https:\/\/atecordoba.org\/wp-content\/uploads\/2021\/06\/199920872_172765021475859_7888163657947320058_n.jpg 960w, https:\/\/atecordoba.org\/wp-content\/uploads\/2021\/06\/199920872_172765021475859_7888163657947320058_n-300x225.jpg 300w, https:\/\/atecordoba.org\/wp-content\/uploads\/2021\/06\/199920872_172765021475859_7888163657947320058_n-768x576.jpg 768w, https:\/\/atecordoba.org\/wp-content\/uploads\/2021\/06\/199920872_172765021475859_7888163657947320058_n-750x563.jpg 750w\" sizes=\"auto, (max-width: 960px) 100vw, 960px\" \/><\/figure><\/li><li><figure><img loading=\"lazy\" decoding=\"async\" width=\"960\" height=\"720\" src=\"https:\/\/atecordoba.org\/wp-content\/uploads\/2021\/06\/200117364_172764861475875_1766379811058616407_n.jpg\" alt=\"\" class=\"wp-image-26237\" srcset=\"https:\/\/atecordoba.org\/wp-content\/uploads\/2021\/06\/200117364_172764861475875_1766379811058616407_n.jpg 960w, https:\/\/atecordoba.org\/wp-content\/uploads\/2021\/06\/200117364_172764861475875_1766379811058616407_n-300x225.jpg 300w, https:\/\/atecordoba.org\/wp-content\/uploads\/2021\/06\/200117364_172764861475875_1766379811058616407_n-768x576.jpg 768w, https:\/\/atecordoba.org\/wp-content\/uploads\/2021\/06\/200117364_172764861475875_1766379811058616407_n-750x563.jpg 750w\" sizes=\"auto, (max-width: 960px) 100vw, 960px\" \/><\/figure><\/li><li><figure><img loading=\"lazy\" decoding=\"async\" width=\"720\" height=\"960\" src=\"https:\/\/atecordoba.org\/wp-content\/uploads\/2021\/06\/200078143_172764924809202_8367243580181910020_n.jpg\" alt=\"\" class=\"wp-image-26236\" srcset=\"https:\/\/atecordoba.org\/wp-content\/uploads\/2021\/06\/200078143_172764924809202_8367243580181910020_n.jpg 720w, https:\/\/atecordoba.org\/wp-content\/uploads\/2021\/06\/200078143_172764924809202_8367243580181910020_n-225x300.jpg 225w\" sizes=\"auto, (max-width: 720px) 100vw, 720px\" \/><\/figure><\/li><\/ul><\/figure>\n","protected":false},"excerpt":{"rendered":"<p>Durante una actividad de protesta llevada a cabo en la Plaza Agust\u00edn Tosco, las y los compa\u00f1eros de ATE Educaci\u00f3n reclamaron la absoluci\u00f3n de las y los estudiantes procesados por la toma del Pabell\u00f3n Argentina de la Ciudad Universitaria en 2018, cuya causa ya fue elevada a juicio. El espacio gremial se\u00f1al\u00f3 que &#8220;la rebeli\u00f3n [&hellip;]<\/p>\n","protected":false},"author":7,"featured_media":26236,"comment_status":"open","ping_status":"open","sticky":true,"template":"","format":"standard","meta":{"_exactmetrics_skip_tracking":false,"_exactmetrics_sitenote_active":false,"_exactmetrics_sitenote_note":"","_exactmetrics_sitenote_category":0,"jnews-multi-image_gallery":[],"jnews_single_post":{"subtitle":"Durante una actividad de protesta llevada a cabo en la Plaza Agust\u00edn Tosco, las y los compa\u00f1eros de ATE Educaci\u00f3n reclamaron la absoluci\u00f3n de las y los estudiantes procesados por la toma del Pabell\u00f3n Argentina de la Ciudad Universitaria en 2018, cuya causa ya fue elevada a juicio.","format":"standard","video":"","gallery":"","source_name":"","source_url":"","via_name":"","via_url":"","override":[{"single_blog_custom":"","sidebar":"","second_sidebar":"","share_position":"","share_float_style":"","post_date_format":"","post_date_format_custom":"","post_reading_time_wpm":"","zoom_button_out_step":"1","zoom_button_in_step":"1","number_popup_post":"1"}],"image_override":[{"single_post_thumbnail_size":"","single_post_gallery_size":""}],"trending_post_position":"","trending_post_label":"","sponsored_post_label":"","sponsored_post_name":"","sponsored_post_url":"","sponsored_post_logo":"","sponsored_post_desc":""},"jnews_primary_category":{"id":""},"jnews_social_meta":{"fb_title":"","fb_description":"","fb_image":"","twitter_title":"","twitter_description":"","twitter_image":""},"jnews_review":[],"enable_review":"","type":"percentage","name":"","summary":"","brand":"","sku":"","good":[{"good_text":""}],"bad":[{"bad_text":""}],"score_override":"","override_value":"","rating":[{"rating_text":"","rating_number":"10"}],"price":[{"shop":"","price":"","link":"","icon":""}],"jnews_override_counter":{"view_counter_number":"0","share_counter_number":"0","like_counter_number":"0","dislike_counter_number":"0"},"jnews_post_split":{"post_split":[{"template":"1","tag":"h2","numbering":"asc","mode":"normal","toc_type":"normal"}]},"footnotes":""},"categories":[564],"tags":[841],"class_list":["post-26232","post","type-post","status-publish","format-standard","has-post-thumbnail","hentry","category-educacion","tag-estudiantes-procesados-2"],"jetpack_featured_media_url":"https:\/\/atecordoba.org\/wp-content\/uploads\/2021\/06\/200078143_172764924809202_8367243580181910020_n.jpg","_links":{"self":[{"href":"https:\/\/atecordoba.org\/index.php?rest_route=\/wp\/v2\/posts\/26232","targetHints":{"allow":["GET"]}}],"collection":[{"href":"https:\/\/atecordoba.org\/index.php?rest_route=\/wp\/v2\/posts"}],"about":[{"href":"https:\/\/atecordoba.org\/index.php?rest_route=\/wp\/v2\/types\/post"}],"author":[{"embeddable":true,"href":"https:\/\/atecordoba.org\/index.php?rest_route=\/wp\/v2\/users\/7"}],"replies":[{"embeddable":true,"href":"https:\/\/atecordoba.org\/index.php?rest_route=%2Fwp%2Fv2%2Fcomments&post=26232"}],"version-history":[{"count":3,"href":"https:\/\/atecordoba.org\/index.php?rest_route=\/wp\/v2\/posts\/26232\/revisions"}],"predecessor-version":[{"id":26256,"href":"https:\/\/atecordoba.org\/index.php?rest_route=\/wp\/v2\/posts\/26232\/revisions\/26256"}],"wp:featuredmedia":[{"embeddable":true,"href":"https:\/\/atecordoba.org\/index.php?rest_route=\/wp\/v2\/media\/26236"}],"wp:attachment":[{"href":"https:\/\/atecordoba.org\/index.php?rest_route=%2Fwp%2Fv2%2Fmedia&parent=26232"}],"wp:term":[{"taxonomy":"category","embeddable":true,"href":"https:\/\/atecordoba.org\/index.php?rest_route=%2Fwp%2Fv2%2Fcategories&post=26232"},{"taxonomy":"post_tag","embeddable":true,"href":"https:\/\/atecordoba.org\/index.php?rest_route=%2Fwp%2Fv2%2Ftags&post=26232"}],"curies":[{"name":"wp","href":"https:\/\/api.w.org\/{rel}","templated":true}]}}