{"id":26225,"date":"2021-06-14T12:41:02","date_gmt":"2021-06-14T15:41:02","guid":{"rendered":"https:\/\/atecordoba.org\/?p=26225"},"modified":"2021-06-14T13:00:56","modified_gmt":"2021-06-14T16:00:56","slug":"ate-solicito-al-ministerio-de-la-mujer-la-aplicacion-del-protocolo-covid-19","status":"publish","type":"post","link":"https:\/\/atecordoba.org\/?p=26225","title":{"rendered":"ATE solicit\u00f3 al Ministerio de la Mujer la aplicaci\u00f3n del protocolo Covid-19"},"content":{"rendered":"\n<div class=\"wp-block-image\"><figure class=\"aligncenter size-large\"><img loading=\"lazy\" decoding=\"async\" width=\"1024\" height=\"563\" src=\"https:\/\/atecordoba.org\/wp-content\/uploads\/2021\/06\/ministerio-de-la-mujer-2-1024x563.jpg\" alt=\"\" class=\"wp-image-26229\" srcset=\"https:\/\/atecordoba.org\/wp-content\/uploads\/2021\/06\/ministerio-de-la-mujer-2-1024x563.jpg 1024w, https:\/\/atecordoba.org\/wp-content\/uploads\/2021\/06\/ministerio-de-la-mujer-2-300x165.jpg 300w, https:\/\/atecordoba.org\/wp-content\/uploads\/2021\/06\/ministerio-de-la-mujer-2-768x422.jpg 768w, https:\/\/atecordoba.org\/wp-content\/uploads\/2021\/06\/ministerio-de-la-mujer-2-750x412.jpg 750w, https:\/\/atecordoba.org\/wp-content\/uploads\/2021\/06\/ministerio-de-la-mujer-2.jpg 1072w\" sizes=\"auto, (max-width: 1024px) 100vw, 1024px\" \/><\/figure><\/div>\n\n\n\n<p>En una nota dirigida a la ministra de la Mujer de la Provincia de C\u00f3rdoba, Claudia Mart\u00ednez, ATE solicit\u00f3 que la dependencia que se exhiba y aplique el protocolo Covid en dicha dependencia. <br>La nota especific\u00f3 que sobre todo en el horario de 12 a 14 horas la aglomeraci\u00f3n de gente en el Polo de la Mujer extrema los riesgos de contagios por contactos estrechos. <\/p>\n\n\n\n<div class=\"wp-block-image\"><figure class=\"aligncenter size-large\"><img loading=\"lazy\" decoding=\"async\" width=\"576\" height=\"1024\" src=\"https:\/\/atecordoba.org\/wp-content\/uploads\/2021\/06\/pedido-de-audiencia-polo-mujer-576x1024.jpeg\" alt=\"\" class=\"wp-image-26227\" srcset=\"https:\/\/atecordoba.org\/wp-content\/uploads\/2021\/06\/pedido-de-audiencia-polo-mujer-576x1024.jpeg 576w, https:\/\/atecordoba.org\/wp-content\/uploads\/2021\/06\/pedido-de-audiencia-polo-mujer-169x300.jpeg 169w, https:\/\/atecordoba.org\/wp-content\/uploads\/2021\/06\/pedido-de-audiencia-polo-mujer.jpeg 720w\" sizes=\"auto, (max-width: 576px) 100vw, 576px\" \/><\/figure><\/div>\n","protected":false},"excerpt":{"rendered":"<p>En una nota dirigida a la ministra de la Mujer de la Provincia de C\u00f3rdoba, Claudia Mart\u00ednez, ATE solicit\u00f3 que la dependencia que se exhiba y aplique el protocolo Covid en dicha dependencia. La nota especific\u00f3 que sobre todo en el horario de 12 a 14 horas la aglomeraci\u00f3n de gente en el Polo de [&hellip;]<\/p>\n","protected":false},"author":7,"featured_media":26228,"comment_status":"open","ping_status":"open","sticky":true,"template":"","format":"standard","meta":{"_exactmetrics_skip_tracking":false,"_exactmetrics_sitenote_active":false,"_exactmetrics_sitenote_note":"","_exactmetrics_sitenote_category":0,"jnews-multi-image_gallery":[],"jnews_single_post":{"subtitle":"En una nota, la entidad gremial especific\u00f3 que, sobre todo en el horario de 12 a 14 horas, la aglomeraci\u00f3n de gente extrema los riesgos de contagios por contactos estrechos.","format":"standard","video":"","gallery":"","source_name":"","source_url":"","via_name":"","via_url":"","override":[{"single_blog_custom":"","sidebar":"","second_sidebar":"","share_position":"","share_float_style":"","post_date_format":"","post_date_format_custom":"","post_reading_time_wpm":"","zoom_button_out_step":"1","zoom_button_in_step":"1","number_popup_post":"1"}],"image_override":[{"single_post_thumbnail_size":"","single_post_gallery_size":""}],"trending_post_position":"","trending_post_label":"","sponsored_post_label":"","sponsored_post_name":"","sponsored_post_url":"","sponsored_post_logo":"","sponsored_post_desc":""},"jnews_primary_category":{"id":""},"jnews_social_meta":{"fb_title":"","fb_description":"","fb_image":"","twitter_title":"","twitter_description":"","twitter_image":""},"jnews_review":[],"enable_review":"","type":"percentage","name":"","summary":"","brand":"","sku":"","good":[{"good_text":""}],"bad":[{"bad_text":""}],"score_override":"","override_value":"","rating":[{"rating_text":"","rating_number":"10"}],"price":[{"shop":"","price":"","link":"","icon":""}],"jnews_override_counter":{"view_counter_number":"0","share_counter_number":"0","like_counter_number":"0","dislike_counter_number":"0"},"jnews_post_split":{"post_split":[{"template":"1","tag":"h2","numbering":"asc","mode":"normal","toc_type":"normal"}]},"footnotes":""},"categories":[8],"tags":[747],"class_list":["post-26225","post","type-post","status-publish","format-standard","has-post-thumbnail","hentry","category-provinciales","tag-polo-de-la-mujer"],"jetpack_featured_media_url":"https:\/\/atecordoba.org\/wp-content\/uploads\/2021\/06\/ministerio-de-la-mujer-1.jpg","_links":{"self":[{"href":"https:\/\/atecordoba.org\/index.php?rest_route=\/wp\/v2\/posts\/26225","targetHints":{"allow":["GET"]}}],"collection":[{"href":"https:\/\/atecordoba.org\/index.php?rest_route=\/wp\/v2\/posts"}],"about":[{"href":"https:\/\/atecordoba.org\/index.php?rest_route=\/wp\/v2\/types\/post"}],"author":[{"embeddable":true,"href":"https:\/\/atecordoba.org\/index.php?rest_route=\/wp\/v2\/users\/7"}],"replies":[{"embeddable":true,"href":"https:\/\/atecordoba.org\/index.php?rest_route=%2Fwp%2Fv2%2Fcomments&post=26225"}],"version-history":[{"count":2,"href":"https:\/\/atecordoba.org\/index.php?rest_route=\/wp\/v2\/posts\/26225\/revisions"}],"predecessor-version":[{"id":26231,"href":"https:\/\/atecordoba.org\/index.php?rest_route=\/wp\/v2\/posts\/26225\/revisions\/26231"}],"wp:featuredmedia":[{"embeddable":true,"href":"https:\/\/atecordoba.org\/index.php?rest_route=\/wp\/v2\/media\/26228"}],"wp:attachment":[{"href":"https:\/\/atecordoba.org\/index.php?rest_route=%2Fwp%2Fv2%2Fmedia&parent=26225"}],"wp:term":[{"taxonomy":"category","embeddable":true,"href":"https:\/\/atecordoba.org\/index.php?rest_route=%2Fwp%2Fv2%2Fcategories&post=26225"},{"taxonomy":"post_tag","embeddable":true,"href":"https:\/\/atecordoba.org\/index.php?rest_route=%2Fwp%2Fv2%2Ftags&post=26225"}],"curies":[{"name":"wp","href":"https:\/\/api.w.org\/{rel}","templated":true}]}}