{"id":26213,"date":"2021-06-14T12:10:12","date_gmt":"2021-06-14T15:10:12","guid":{"rendered":"https:\/\/atecordoba.org\/?p=26213"},"modified":"2021-06-14T12:51:21","modified_gmt":"2021-06-14T15:51:21","slug":"rio-tercero-el-consejo-deliberante-tratara-la-propuesta-de-ate-para-establecer-en-la-municipalidad-la-licencia-por-violencia-de-genero","status":"publish","type":"post","link":"https:\/\/atecordoba.org\/?p=26213","title":{"rendered":"R\u00edo Tercero: el Concejo Deliberante tratar\u00e1 la propuesta de ATE para establecer en la Municipalidad la licencia por violencia de g\u00e9nero"},"content":{"rendered":"\n<div class=\"wp-block-image\"><figure class=\"aligncenter size-large\"><img loading=\"lazy\" decoding=\"async\" width=\"1024\" height=\"556\" src=\"https:\/\/atecordoba.org\/wp-content\/uploads\/2021\/06\/rio-tercero-11-6-violencia-genero-1024x556.jpeg\" alt=\"\" class=\"wp-image-26214\" srcset=\"https:\/\/atecordoba.org\/wp-content\/uploads\/2021\/06\/rio-tercero-11-6-violencia-genero-1024x556.jpeg 1024w, https:\/\/atecordoba.org\/wp-content\/uploads\/2021\/06\/rio-tercero-11-6-violencia-genero-300x163.jpeg 300w, https:\/\/atecordoba.org\/wp-content\/uploads\/2021\/06\/rio-tercero-11-6-violencia-genero-768x417.jpeg 768w, https:\/\/atecordoba.org\/wp-content\/uploads\/2021\/06\/rio-tercero-11-6-violencia-genero-750x407.jpeg 750w, https:\/\/atecordoba.org\/wp-content\/uploads\/2021\/06\/rio-tercero-11-6-violencia-genero.jpeg 1080w\" sizes=\"auto, (max-width: 1024px) 100vw, 1024px\" \/><figcaption>La conducci\u00f3n de ATE R\u00edo Tercero. <\/figcaption><\/figure><\/div>\n\n\n\n<p>La semana pasada ATE present\u00f3 ante tres bloques de concejales del Concejo Deliberante de la Ciudad de R\u00edo Tercero un proyecto de Ordenanza, conjuntamente con el gremio municipal de la localidad, para implementar la licencia por violencia de g\u00e9nero en la Municipalidad, ampliando la base normativa para combatir la violencia contra la mujeres en el \u00e1mbito de trabajo y en el hogar.<\/p>\n\n\n\n<p>De esta manera, &#8220;el Estatuto municipal contemplar\u00e1 la violencia de g\u00e9nero como causal para que las trabajadoras municipales puedan gozan de licencia en el caso de sufrir violencia de parte de un pariente, pareja y\/o persona cercana, as\u00ed como si el hecho se produce en el espacio de trabajo municipal&#8221;, explic\u00f3 Dami\u00e1n Albornoz, Secretario General de ATE R\u00edo Tercero.<\/p>\n\n\n\n<p>En el encuentro, que se llev\u00f3 a cabo de manera virtual, se estableci\u00f3 que con esta instancia se pretende comenzar a tratar espec\u00edficamente la problem\u00e1tica brindando acompa\u00f1amiento a las v\u00edctimas, aliviando su carga laboral para que puedan abocarse a la resoluci\u00f3n de sus problemas.<\/p>\n\n\n\n<p>Tambi\u00e9n se trataron otros proyectos&nbsp; asociados a la tem\u00e1tica y que se encuentran en estudio en el Cuerpo Deliberativo como son:<\/p>\n\n\n\n<ul class=\"has-normal-font-size wp-block-list\"><li>Protocolo de Abordaje de V\u00edctimas de Violencia de G\u00e9nero dentro del Concejo Deliberante<\/li><li>Adhesi\u00f3n a la Ley Micaela, para que los empleados y funcionarios municipales reciban una capacitaci\u00f3n pertinente referida a esta problem\u00e1tica.<\/li><li>El trabajo interinstitucional dar\u00e1, en un futuro cercano, herramientas indispensables para abordar&nbsp; emp\u00e1ticamente situaciones de violencia dom\u00e9stica y laboral.<\/li><\/ul>\n\n\n\n<p>Albornoz anticip\u00f3 que &#8220;el paso siguiente es evaluar los protocolos de acci\u00f3n que van a ser necesarios para poder implementar la licencia, junto con la formaci\u00f3n de los trabajadores municipales y dirigentes para concientizar en la concepci\u00f3n de la salud laboral y personal&#8221;.<\/p>\n\n\n\n<p>La delegada de ATE R\u00edo Tercero, Paula Ducler, consider\u00f3 que &#8220;la licencia contribuye a evidenciar que la&nbsp; violencia de g\u00e9nero no es un problema individual ni atribuible a la trayectoria personal y caracter\u00edsticas de las v\u00edctimas o las trabajadoras sometidas a estas situaciones, sino&nbsp; que constituye un problema social que debe ser prevenido, combatido y erradicado por las diversas instituciones. Este derecho laboral permite &nbsp;ver que muchas de las situaciones de violencia se producen en los \u00e1mbitos, ya sea en los hogares o en el trabajo&#8221;.<\/p>\n\n\n\n<p>La dirigente destac\u00f3 que &#8220;en el \u00e1mbito laboral las mujeres pueden verse sometidas a malos tratos, discriminaciones o provocaciones. La urgencia por la situaci\u00f3n de emergencia que atraviesa el Estado nacional requiere pol\u00edticas p\u00fablicas espec\u00edficas que garanticen los derechos de las trabajadoras. Dentro de ese marco, se sigue trabajando. Que el proyecto haya surgido en el \u00e1mbito municipal, con el aporte de las trabajadoras que forman parte del cuerpo de delegadas de ATE es muy bueno&#8221;.<\/p>\n\n\n\n<p><strong>Vacunaci\u00f3n<\/strong><\/p>\n\n\n\n<p>En la oportunidad, ATE present\u00f3 por mesa de entrada una nota solicitando a la Municipalidad que se arbitren los medios necesarios para vacunar contra el Covid-19 a la totalidad del plantel municipal de R\u00edo Tercero, toda vez que se trata de trabajadoras y trabajadores esenciales que vienen realizando trabajo presencial desde el comienzo de la pandemia.<\/p>\n\n\n\n<div class=\"wp-block-image\"><figure class=\"aligncenter size-large\"><img loading=\"lazy\" decoding=\"async\" width=\"768\" height=\"1024\" src=\"https:\/\/atecordoba.org\/wp-content\/uploads\/2021\/06\/vacunacionmuni-rio-3-768x1024.jpeg\" alt=\"\" class=\"wp-image-26215\" srcset=\"https:\/\/atecordoba.org\/wp-content\/uploads\/2021\/06\/vacunacionmuni-rio-3-768x1024.jpeg 768w, https:\/\/atecordoba.org\/wp-content\/uploads\/2021\/06\/vacunacionmuni-rio-3-225x300.jpeg 225w, https:\/\/atecordoba.org\/wp-content\/uploads\/2021\/06\/vacunacionmuni-rio-3-750x1000.jpeg 750w, https:\/\/atecordoba.org\/wp-content\/uploads\/2021\/06\/vacunacionmuni-rio-3.jpeg 960w\" sizes=\"auto, (max-width: 768px) 100vw, 768px\" \/><\/figure><\/div>\n\n\n\n<p><\/p>\n","protected":false},"excerpt":{"rendered":"<p>La semana pasada ATE present\u00f3 ante tres bloques de concejales del Concejo Deliberante de la Ciudad de R\u00edo Tercero un proyecto de Ordenanza, conjuntamente con el gremio municipal de la localidad, para implementar la licencia por violencia de g\u00e9nero en la Municipalidad, ampliando la base normativa para combatir la violencia contra la mujeres en el [&hellip;]<\/p>\n","protected":false},"author":7,"featured_media":26214,"comment_status":"open","ping_status":"open","sticky":true,"template":"","format":"standard","meta":{"_exactmetrics_skip_tracking":false,"_exactmetrics_sitenote_active":false,"_exactmetrics_sitenote_note":"","_exactmetrics_sitenote_category":0,"jnews-multi-image_gallery":[],"jnews_single_post":{"subtitle":"La semana pasada ATE present\u00f3 ante tres bloques del Concejo Deliberante de la Ciudad un proyecto de Ordenanza, conjuntamente con el gremio municipal de la localidad, para implementar la licencia por violencia de g\u00e9nero en la Municipalidad, ampliando la base normativa para combatir la violencia contra la mujeres en el \u00e1mbito de trabajo y en el hogar.","format":"standard","video":"","gallery":"","source_name":"","source_url":"","via_name":"","via_url":"","override":[{"single_blog_custom":"","sidebar":"","second_sidebar":"","share_position":"","share_float_style":"","post_date_format":"","post_date_format_custom":"","post_reading_time_wpm":"","zoom_button_out_step":"1","zoom_button_in_step":"1","number_popup_post":"1"}],"image_override":[{"single_post_thumbnail_size":"","single_post_gallery_size":""}],"trending_post_position":"","trending_post_label":"","sponsored_post_label":"","sponsored_post_name":"","sponsored_post_url":"","sponsored_post_logo":"","sponsored_post_desc":""},"jnews_primary_category":{"id":""},"jnews_social_meta":{"fb_title":"","fb_description":"","fb_image":"","twitter_title":"","twitter_description":"","twitter_image":""},"jnews_review":[],"enable_review":"","type":"percentage","name":"","summary":"","brand":"","sku":"","good":[{"good_text":""}],"bad":[{"bad_text":""}],"score_override":"","override_value":"","rating":[{"rating_text":"","rating_number":"10"}],"price":[{"shop":"","price":"","link":"","icon":""}],"jnews_override_counter":{"view_counter_number":"0","share_counter_number":"0","like_counter_number":"0","dislike_counter_number":"0"},"jnews_post_split":{"post_split":[{"template":"1","tag":"h2","numbering":"asc","mode":"normal","toc_type":"normal"}]},"footnotes":""},"categories":[325,13],"tags":[839],"class_list":["post-26213","post","type-post","status-publish","format-standard","has-post-thumbnail","hentry","category-generos-y-diversidades","category-rio-tercero","tag-licencia-por-violencia-de-genero"],"jetpack_featured_media_url":"https:\/\/atecordoba.org\/wp-content\/uploads\/2021\/06\/rio-tercero-11-6-violencia-genero.jpeg","_links":{"self":[{"href":"https:\/\/atecordoba.org\/index.php?rest_route=\/wp\/v2\/posts\/26213","targetHints":{"allow":["GET"]}}],"collection":[{"href":"https:\/\/atecordoba.org\/index.php?rest_route=\/wp\/v2\/posts"}],"about":[{"href":"https:\/\/atecordoba.org\/index.php?rest_route=\/wp\/v2\/types\/post"}],"author":[{"embeddable":true,"href":"https:\/\/atecordoba.org\/index.php?rest_route=\/wp\/v2\/users\/7"}],"replies":[{"embeddable":true,"href":"https:\/\/atecordoba.org\/index.php?rest_route=%2Fwp%2Fv2%2Fcomments&post=26213"}],"version-history":[{"count":5,"href":"https:\/\/atecordoba.org\/index.php?rest_route=\/wp\/v2\/posts\/26213\/revisions"}],"predecessor-version":[{"id":26235,"href":"https:\/\/atecordoba.org\/index.php?rest_route=\/wp\/v2\/posts\/26213\/revisions\/26235"}],"wp:featuredmedia":[{"embeddable":true,"href":"https:\/\/atecordoba.org\/index.php?rest_route=\/wp\/v2\/media\/26214"}],"wp:attachment":[{"href":"https:\/\/atecordoba.org\/index.php?rest_route=%2Fwp%2Fv2%2Fmedia&parent=26213"}],"wp:term":[{"taxonomy":"category","embeddable":true,"href":"https:\/\/atecordoba.org\/index.php?rest_route=%2Fwp%2Fv2%2Fcategories&post=26213"},{"taxonomy":"post_tag","embeddable":true,"href":"https:\/\/atecordoba.org\/index.php?rest_route=%2Fwp%2Fv2%2Ftags&post=26213"}],"curies":[{"name":"wp","href":"https:\/\/api.w.org\/{rel}","templated":true}]}}