{"id":26199,"date":"2021-06-11T18:21:11","date_gmt":"2021-06-11T21:21:11","guid":{"rendered":"https:\/\/atecordoba.org\/?p=26199"},"modified":"2021-06-11T18:21:12","modified_gmt":"2021-06-11T21:21:12","slug":"vamos-por-la-ley-del-cupo-travesti-trans","status":"publish","type":"post","link":"https:\/\/atecordoba.org\/?p=26199","title":{"rendered":"Vamos por la ley del cupo travesti trans"},"content":{"rendered":"\n<p>Desde el Departamento de G\u00e9neros y Diversidades del CDP ATE Cordoba celebramos la med\u00eda sanci\u00f3n de la C\u00e1mara de Diputados al proyecto de Ley de Promoci\u00f3n del acceso al empleo formal para personas travest\u00eds, transexuales y transg\u00e9nero Diana Sacay\u00e1n y Lohana Berkins. Proyecto que establece el cupo e inclusi\u00f3n laboral trans. El contenido se elabor\u00f3 considerando los 15 proyectos de Ley presentandos anteriormente. Cabe mencionar que entre esos proyectos presentados, est\u00e1n los proyectos ingresados en 2016, 2018, 2020 con el apoyo de la Liga LGBTIQ+ de las Provincias y la Convocatoria Federal Trans y Travesti Argentina, los cuales fueron promovidos por la compa\u00f1era y afiliada de ATE Ivanna Aguilera y con el patrocinio de la diputada nacional por C\u00f3rdoba Gabriela Est\u00e9vez.<\/p>\n\n\n\n<p>El proyecto prev\u00e9 un cupo laboral travesti trans del 1% en el \u00e1mbito p\u00fablico, incentivos para contratar personas travestis y trans en el \u00e1mbito privado, y cr\u00e9ditos a tasa preferencial para emprendimientos conducidos por personas de este colectivo. Est\u00e1 media sanci\u00f3n del congreso de la naci\u00f3n es el resultado de a\u00f1os militancia de la comunidad trans de todo el pa\u00eds, el trabajo incansable de\u00a0compa\u00f1eres que dejaron su vida en el camino\u00a0luchando para la efectivizaci\u00f3n del derecho constitucional de acceso al trabajo formal.<\/p>\n\n\n\n<p>Es el fruto del trabajo coordinado, participativo, federal de m\u00e1s de 300 organizaciones que vienen articulando hace muchos a\u00f1os que hacen posible qu\u00e9 este debate llegue al Congreso de la Naci\u00f3n. De est\u00e1 manera, si la Ley es aprobada en el senado nacional se har\u00eda realidad el acceso al empleo remunerado de una parte de la poblaci\u00f3n que ha sido vulneradas sus derechos de acceso al empleo formal durante a\u00f1os. C\u00f3mo entidad sindical comprometida con la diversidad y la realidad de la poblaci\u00f3n trans en particular, venimos impulsando un relevamiento, por un lado para dar cumplimiento del Decreto\u00a0presidencial 721\/20\u00a0que establece el cupo del 1% en el Estado Nacional. En ese sentido, hemos presentamos en los Ministerios que tienen sede en al provincia de C\u00f3rdoba nota para que se pueda avanzar en el cumplimiento al Decreto.<\/p>\n\n\n\n<p>Por otro lado, tambi\u00e9n llevamos adelante un relevamiento de la poblaci\u00f3n trans qu\u00e9 busca incorporarse al Estado Nacional para colaborar con un banco de datos que permita visibilizar la demanda de la poblaci\u00f3n Trans en materia laboral. Es tiempo que saldemos estas deudas hist\u00f3ricas y que la poblaci\u00f3n trans puedan desarrollar proyectos de vida dignos de ser vividos. Que sea Ley!<\/p>\n","protected":false},"excerpt":{"rendered":"<p>Desde el Departamento de G\u00e9neros y Diversidades del CDP ATE Cordoba celebramos la med\u00eda sanci\u00f3n de la C\u00e1mara de Diputados al proyecto de Ley de Promoci\u00f3n del acceso al empleo formal para personas travest\u00eds, transexuales y transg\u00e9nero Diana Sacay\u00e1n y Lohana Berkins. Proyecto que establece el cupo e inclusi\u00f3n laboral trans. El contenido se elabor\u00f3 [&hellip;]<\/p>\n","protected":false},"author":3,"featured_media":26200,"comment_status":"open","ping_status":"open","sticky":true,"template":"","format":"standard","meta":{"_exactmetrics_skip_tracking":false,"_exactmetrics_sitenote_active":false,"_exactmetrics_sitenote_note":"","_exactmetrics_sitenote_category":0,"jnews-multi-image_gallery":[],"jnews_single_post":{"subtitle":"","format":"standard","video":"","gallery":"","source_name":"","source_url":"","via_name":"","via_url":"","override":[{"single_blog_custom":"","sidebar":"","second_sidebar":"","share_position":"","share_float_style":"","post_date_format":"","post_date_format_custom":"","post_reading_time_wpm":"","zoom_button_out_step":"1","zoom_button_in_step":"1","number_popup_post":"1"}],"image_override":[{"single_post_thumbnail_size":"","single_post_gallery_size":""}],"trending_post_position":"","trending_post_label":"","sponsored_post_label":"","sponsored_post_name":"","sponsored_post_url":"","sponsored_post_logo":"","sponsored_post_desc":""},"jnews_primary_category":{"id":""},"jnews_social_meta":{"fb_title":"","fb_description":"","fb_image":"","twitter_title":"","twitter_description":"","twitter_image":""},"jnews_review":[],"enable_review":"","type":"percentage","name":"","summary":"","brand":"","sku":"","good":[{"good_text":""}],"bad":[{"bad_text":""}],"score_override":"","override_value":"","rating":[{"rating_text":"","rating_number":"10"}],"price":[{"shop":"","price":"","link":"","icon":""}],"jnews_override_counter":{"view_counter_number":"0","share_counter_number":"0","like_counter_number":"0","dislike_counter_number":"0"},"jnews_post_split":{"post_split":[{"template":"1","tag":"h2","numbering":"asc","mode":"normal","toc_type":"normal"}]},"footnotes":""},"categories":[325],"tags":[],"class_list":["post-26199","post","type-post","status-publish","format-standard","has-post-thumbnail","hentry","category-generos-y-diversidades"],"jetpack_featured_media_url":"https:\/\/atecordoba.org\/wp-content\/uploads\/2021\/06\/Imagen1.jpg","_links":{"self":[{"href":"https:\/\/atecordoba.org\/index.php?rest_route=\/wp\/v2\/posts\/26199","targetHints":{"allow":["GET"]}}],"collection":[{"href":"https:\/\/atecordoba.org\/index.php?rest_route=\/wp\/v2\/posts"}],"about":[{"href":"https:\/\/atecordoba.org\/index.php?rest_route=\/wp\/v2\/types\/post"}],"author":[{"embeddable":true,"href":"https:\/\/atecordoba.org\/index.php?rest_route=\/wp\/v2\/users\/3"}],"replies":[{"embeddable":true,"href":"https:\/\/atecordoba.org\/index.php?rest_route=%2Fwp%2Fv2%2Fcomments&post=26199"}],"version-history":[{"count":1,"href":"https:\/\/atecordoba.org\/index.php?rest_route=\/wp\/v2\/posts\/26199\/revisions"}],"predecessor-version":[{"id":26201,"href":"https:\/\/atecordoba.org\/index.php?rest_route=\/wp\/v2\/posts\/26199\/revisions\/26201"}],"wp:featuredmedia":[{"embeddable":true,"href":"https:\/\/atecordoba.org\/index.php?rest_route=\/wp\/v2\/media\/26200"}],"wp:attachment":[{"href":"https:\/\/atecordoba.org\/index.php?rest_route=%2Fwp%2Fv2%2Fmedia&parent=26199"}],"wp:term":[{"taxonomy":"category","embeddable":true,"href":"https:\/\/atecordoba.org\/index.php?rest_route=%2Fwp%2Fv2%2Fcategories&post=26199"},{"taxonomy":"post_tag","embeddable":true,"href":"https:\/\/atecordoba.org\/index.php?rest_route=%2Fwp%2Fv2%2Ftags&post=26199"}],"curies":[{"name":"wp","href":"https:\/\/api.w.org\/{rel}","templated":true}]}}