{"id":2618,"date":"2013-04-22T17:56:24","date_gmt":"2013-04-22T20:56:24","guid":{"rendered":"http:\/\/www.atecordoba.org\/?p=2618"},"modified":"2013-04-22T17:56:24","modified_gmt":"2013-04-22T20:56:24","slug":"unc-ate-festejo-los-25-anos-de-la-recuperacion-del-comedor-universitario","status":"publish","type":"post","link":"https:\/\/atecordoba.org\/?p=2618","title":{"rendered":"UNC: ATE festej\u00f3 los 25 a\u00f1os de la recuperaci\u00f3n del Comedor Universitario"},"content":{"rendered":"<p><em>El cuerpo de delegados no docentes reivindic\u00f3, con grupos musicales, un espacio que supo brindar en su mejor momento 11 mil raciones diarias. Un llamado a la regularizaci\u00f3n del personal precarizado.<\/em><\/p>\n<p><a href=\"http:\/\/www.atecordoba.org\/wp-content\/uploads\/2013\/04\/web-10.jpg\"><img loading=\"lazy\" decoding=\"async\" class=\"aligncenter size-medium wp-image-2619\" title=\"web 10\" src=\"http:\/\/www.atecordoba.org\/wp-content\/uploads\/2013\/04\/web-10-300x225.jpg\" alt=\"\" width=\"300\" height=\"225\" \/><\/a><\/p>\n<p>\u201cAl cumplirse un cuarto de siglo de la recuperaci\u00f3n del Comedor, hacemos este homenaje a los trabajadores y estudiantes que vivimos este lugar como propio, espacio de asamblea y debate. La dictadura lo cerr\u00f3 y en democracia lo recuperamos. Antes del \u201976 se brindaban 11 mil raciones, hoy no superamos el 25%, aun con una pol\u00edtica de recuperaci\u00f3n de por medio\u201d, dijo el delegado de ATE Carlos Victorel, ante un sal\u00f3n lleno de estudiantes esperando para comer.<\/p>\n<p><a href=\"http:\/\/www.atecordoba.org\/wp-content\/uploads\/2013\/04\/web4.jpg\"><img loading=\"lazy\" decoding=\"async\" class=\"alignright size-medium wp-image-2620\" title=\"web4\" src=\"http:\/\/www.atecordoba.org\/wp-content\/uploads\/2013\/04\/web4-300x225.jpg\" alt=\"\" width=\"300\" height=\"225\" \/><\/a><\/p>\n<p>Con un delantal rojo percudido por una ma\u00f1ana de trabajo, Victorel reivindic\u00f3 el apoyo estudiantil en el conflicto del 2012 por el pase a planta de trabajadores precarizados. \u201cFue muy importante ese acompa\u00f1amiento porque tuvimos resultados efectivos. Logramos que algunos compa\u00f1eros mejoren la calidad de su situaci\u00f3n laboral. Y tenemos pendiente alcanzar el mismo objetivo con m\u00e1s compa\u00f1eros\u201d, afirm\u00f3 el delegado ante el aplauso generalizado.<\/p>\n<p>Victorel agradeci\u00f3 la presencia de Lu\u00eds Barcena, secretario de Interior del Consejo Directivo Provincial, y a Guido Dreizik, secretario General de CTA C\u00f3rdoba Capital.<\/p>\n<p><a href=\"http:\/\/www.atecordoba.org\/wp-content\/uploads\/2013\/04\/foto-web-36.jpg\"><img loading=\"lazy\" decoding=\"async\" class=\"alignleft size-medium wp-image-2621\" title=\"foto web 3\" src=\"http:\/\/www.atecordoba.org\/wp-content\/uploads\/2013\/04\/foto-web-36-300x225.jpg\" alt=\"\" width=\"300\" height=\"225\" \/><\/a><\/p>\n<p>A su turno, Barcena reivindic\u00f3 ante los estudiantes y trabajadores \u201cuna universidad abierta al pueblo, donde los hijos de los trabajadores puedan desarrollarse como profesionales capacitados. Los hijos de los pobres tambi\u00e9n tienen que estar ac\u00e1, porque as\u00ed podemos recuperar el rol dinamizador de la movilidad social que siempre cumpli\u00f3 la casa de estudios. En ese marco, el comedor universitario tiene un objetivo b\u00e1sico: brindar almuerzos baratos y de buena calidad a los estudiantes\u201d.<\/p>\n<p>A 25 a\u00f1os de la recuperaci\u00f3n del Comedor ATE dijo presente, expresado el crecimiento de nuestra organizaci\u00f3n en la UNC.<\/p>\n<p><a href=\"http:\/\/www.atecordoba.org\/wp-content\/uploads\/2013\/04\/web-9.jpg\"><img loading=\"lazy\" decoding=\"async\" class=\"aligncenter size-medium wp-image-2622\" title=\"web 9\" src=\"http:\/\/www.atecordoba.org\/wp-content\/uploads\/2013\/04\/web-9-300x225.jpg\" alt=\"\" width=\"300\" height=\"225\" \/><\/a><\/p>\n","protected":false},"excerpt":{"rendered":"<p>El cuerpo de delegados no docentes reivindic\u00f3, con grupos musicales, un espacio que supo brindar en su mejor momento 11 mil raciones diarias. Un llamado a la regularizaci\u00f3n del personal precarizado. \u201cAl cumplirse un cuarto de siglo de la recuperaci\u00f3n del Comedor, hacemos este homenaje a los trabajadores y estudiantes que vivimos este lugar como [&hellip;]<\/p>\n","protected":false},"author":1,"featured_media":19220,"comment_status":"open","ping_status":"open","sticky":false,"template":"","format":"standard","meta":{"_exactmetrics_skip_tracking":false,"_exactmetrics_sitenote_active":false,"_exactmetrics_sitenote_note":"","_exactmetrics_sitenote_category":0,"jnews-multi-image_gallery":[],"jnews_single_post":[],"jnews_primary_category":[],"jnews_social_meta":[],"jnews_review":[],"enable_review":"","type":"","name":"","summary":"","brand":"","sku":"","good":[],"bad":[],"score_override":"","override_value":"","rating":[],"price":[],"jnews_override_counter":[],"jnews_post_split":[],"footnotes":""},"categories":[18],"tags":[],"class_list":["post-2618","post","type-post","status-publish","format-standard","has-post-thumbnail","hentry","category-nacionales"],"jetpack_featured_media_url":"https:\/\/atecordoba.org\/wp-content\/uploads\/2020\/05\/logo-nuevochico-e1561581322808.png","_links":{"self":[{"href":"https:\/\/atecordoba.org\/index.php?rest_route=\/wp\/v2\/posts\/2618","targetHints":{"allow":["GET"]}}],"collection":[{"href":"https:\/\/atecordoba.org\/index.php?rest_route=\/wp\/v2\/posts"}],"about":[{"href":"https:\/\/atecordoba.org\/index.php?rest_route=\/wp\/v2\/types\/post"}],"author":[{"embeddable":true,"href":"https:\/\/atecordoba.org\/index.php?rest_route=\/wp\/v2\/users\/1"}],"replies":[{"embeddable":true,"href":"https:\/\/atecordoba.org\/index.php?rest_route=%2Fwp%2Fv2%2Fcomments&post=2618"}],"version-history":[{"count":0,"href":"https:\/\/atecordoba.org\/index.php?rest_route=\/wp\/v2\/posts\/2618\/revisions"}],"wp:featuredmedia":[{"embeddable":true,"href":"https:\/\/atecordoba.org\/index.php?rest_route=\/wp\/v2\/media\/19220"}],"wp:attachment":[{"href":"https:\/\/atecordoba.org\/index.php?rest_route=%2Fwp%2Fv2%2Fmedia&parent=2618"}],"wp:term":[{"taxonomy":"category","embeddable":true,"href":"https:\/\/atecordoba.org\/index.php?rest_route=%2Fwp%2Fv2%2Fcategories&post=2618"},{"taxonomy":"post_tag","embeddable":true,"href":"https:\/\/atecordoba.org\/index.php?rest_route=%2Fwp%2Fv2%2Ftags&post=2618"}],"curies":[{"name":"wp","href":"https:\/\/api.w.org\/{rel}","templated":true}]}}