{"id":26170,"date":"2021-06-11T10:33:53","date_gmt":"2021-06-11T13:33:53","guid":{"rendered":"https:\/\/atecordoba.org\/?p=26170"},"modified":"2021-06-11T10:33:53","modified_gmt":"2021-06-11T13:33:53","slug":"ate-indec-debemos-garantizar-la-soberania-alimentaria-y-de-las-comunicaciones","status":"publish","type":"post","link":"https:\/\/atecordoba.org\/?p=26170","title":{"rendered":"ATE Indec: &#8220;Debemos garantizar la soberan\u00eda alimentaria y de las comunicaciones&#8221;"},"content":{"rendered":"<p><img loading=\"lazy\" decoding=\"async\" class=\" wp-image-26171 aligncenter\" src=\"https:\/\/atecordoba.org\/wp-content\/uploads\/2021\/06\/RAUL-LLANEZA-ATE-INDEC-300x211.jpg\" alt=\"\" width=\"602\" height=\"423\" srcset=\"https:\/\/atecordoba.org\/wp-content\/uploads\/2021\/06\/RAUL-LLANEZA-ATE-INDEC-300x211.jpg 300w, https:\/\/atecordoba.org\/wp-content\/uploads\/2021\/06\/RAUL-LLANEZA-ATE-INDEC-768x541.jpg 768w, https:\/\/atecordoba.org\/wp-content\/uploads\/2021\/06\/RAUL-LLANEZA-ATE-INDEC-750x528.jpg 750w, https:\/\/atecordoba.org\/wp-content\/uploads\/2021\/06\/RAUL-LLANEZA-ATE-INDEC.jpg 900w\" sizes=\"auto, (max-width: 602px) 100vw, 602px\" \/>Frente a las distintas discusiones paritarias que se est\u00e1n desarrollando en los diversos niveles del Estado, as\u00ed como en los sectores de la actividad privada, la Junta Interna de ATE-INDEC (Instituto Nacional de Estad\u00edstica y Censos) es una referencia fundamental para la clase trabajadora a los fines del calcular los reclamos salariales, sobre todo en un proceso inflacionario como el actual.<\/p>\n<p>En ese contexto, el programa radial del Consejo Directivo Provincial (CDP) que se realiza en FM Gen 107,5 Entre Todos y Todas, entrevist\u00f3 a Ra\u00fal Llaneza, titular de la Junta Interna, a los fines de conocer su mirada sobre la situaci\u00f3n estad\u00edstica de los salarios y los costos por inflaci\u00f3n, atento que desde 2015 a la fecha la Junta estima que las y los estatales hemos tenido una p\u00e9rdida promedio en nuestro poder de compra del 40%.<\/p>\n<p><b>&#8220;<\/b>Estamos en un momento dif\u00edcil por el proceso que vivimos en Argentina desde el 20 de marzo de202, que exige una fuerte presencia del Estado. Despu\u00e9s veremos si fue oportuna y eficiente, adem\u00e1s de un compromiso de la sociedad para quedarse en casa a cuidarse&#8221;, explic\u00f3 Llaneza.<\/p>\n<p>&#8220;Este proceso que trajo quiz\u00e1s la visibilizaci\u00f3n de diferencias muy grandes en el \u00e1mbito del trabajo. Quien se llev\u00f3 el trabajo a casa para hacer teletrabajo, como el caso de los estatales, vimos incrementados los gastos mensuales como en el caso del servicio de internet. As\u00ed pas\u00f3 con los dispositivos necesarios para estar en contacto con el empleador y para cumplir con la tarea. Todos estos gastos extraordinarios nunca fueron contemplados, como el costo del uso de las computadoras, la electricidad o internet.\u00a0Adem\u00e1s que se desdibuj\u00f3 la jornada del trabajador, que en un esquema ideal se divide en 8 + 8 +8 (horas de trabajo, descanso y recreaci\u00f3n), que es el l\u00edmite entre la tarea y estar a disposici\u00f3n y el exceso con los llamados por tel\u00e9fono, los mensajes de Whatsapp para dar instrucciones solapadamente. Son cosas que las y los trabajadores y sus organizaciones debemos empezar a discutir&#8221;, remarc\u00f3 el dirigente de ATE-INDEC.<\/p>\n<p><strong>Un estudio de la canasta b\u00e1sica realizado por la Junta Interna estableci\u00f3 que para una familia tipo de cuatro integrantes el ingreso para cubrir los gastos mensuales deber\u00eda ser de 96800 pesos para el mes de mayo. \u00bfC\u00f3mo llegaron a ese n\u00famero y cu\u00e1l es la situaci\u00f3n que se encuentra la clase trabajadora hoy para cubrir esa canasta?<\/strong><\/p>\n<p>Ra\u00fal Llaneza: Llegamos a esa cifra a partir de una serie de innovaciones que propuso el INDEC a fines de los \u201990, que nunca se implementaron, entre otras cosas por la intervenci\u00f3n que sufri\u00f3 el organismo. Eran innovaciones que llevaba adelante la Direcci\u00f3n Nacional de Condiciones de Vida, donde participaron distintos compa\u00f1eros y compa\u00f1eras de ATE-INDEC, entre ellos la compa\u00f1era Cintia Pok, que es secretaria de Formaci\u00f3n en la CTA Aut\u00f3noma Nacional.<\/p>\n<p>Ese proceso no se lleg\u00f3 a materializar por la intervenci\u00f3n pol\u00edtica del organismo, que dur\u00f3 casi 10 a\u00f1os. Despu\u00e9s se sali\u00f3 del estado de emergencia estad\u00edstico para ponerlo a trabajar, en un proceso que creemos que todav\u00eda sigue siendo parcial, porque si bien se cumple con las metas que plantearon los distintos gobiernos y se cumple a rajatabla con un calendario de discusi\u00f3n de\u00a0 distintos indicadores, sigue faltando\u00a0 el pase a planta de todos los trabajadores precarizados.\u00a0Sobre aproximadamente 1800 trabajadores del INDEC, solo 350 son planta permanente con estabilidad laboral garantizada por la Constituci\u00f3n. <img loading=\"lazy\" decoding=\"async\" class=\" wp-image-26172 aligncenter\" src=\"https:\/\/atecordoba.org\/wp-content\/uploads\/2021\/06\/INDEC-PUERTA-300x166.jpg\" alt=\"\" width=\"593\" height=\"328\" srcset=\"https:\/\/atecordoba.org\/wp-content\/uploads\/2021\/06\/INDEC-PUERTA-300x166.jpg 300w, https:\/\/atecordoba.org\/wp-content\/uploads\/2021\/06\/INDEC-PUERTA.jpg 720w\" sizes=\"auto, (max-width: 593px) 100vw, 593px\" \/><\/p>\n<p>As\u00ed, desde 2011 venimos haciendo ininterrumpidamente esta actualizaci\u00f3n que tiene que ver con el consumo de una canasta m\u00ednima de alimentos y adem\u00e1s\u00a0 de una canasta de otros bienes y servicios b\u00e1sicos. Va m\u00e1s all\u00e1 de la canasta oficial del INDEC que para el mes de mayo se estim\u00f3 en 61 mil pesos.<\/p>\n<p>Cuando arrancamos con nuestra canasta calculamos lo m\u00ednimo que deber\u00eda percibir un trabajador o una trabajadora para poder satisfacer las necesidades b\u00e1sicas de una familia tipo.<\/p>\n<p><strong>Tambi\u00e9n calculan la p\u00e9rdida de poder adquisitivo de los trabajadores estatales en un 40% desde 2015 a hoy.<\/strong><\/p>\n<p>El c\u00e1lculo es desde noviembre de 2015, \u00faltimo mes de Cristina Kirchner frente al Ejecutivo. A partir de entonces se abre un periodo donde los trabajadores estatales fuimos muy golpeados, al igual que los trabajadores de prensa, con una depresi\u00f3n muy grande del salario.<\/p>\n<p>En este \u00faltimo tiempo de pandemia, con la ca\u00edda del consumo por la ca\u00edda del ingreso y por la ca\u00edda de la actividad econ\u00f3mica, donde sigui\u00f3 habiendo despidos y quites de salarios, la p\u00e9rdida fue muy grande para los que integramos el mercado de trabajo formal, pero m\u00e1s a\u00fan para los que integran el mercado de trabajo informal.<img loading=\"lazy\" decoding=\"async\" class=\" wp-image-26173 aligncenter\" src=\"https:\/\/atecordoba.org\/wp-content\/uploads\/2021\/06\/Flyer-ate-indec-300x248.jpg\" alt=\"\" width=\"598\" height=\"494\" srcset=\"https:\/\/atecordoba.org\/wp-content\/uploads\/2021\/06\/Flyer-ate-indec-300x248.jpg 300w, https:\/\/atecordoba.org\/wp-content\/uploads\/2021\/06\/Flyer-ate-indec.jpg 400w\" sizes=\"auto, (max-width: 598px) 100vw, 598px\" \/><\/p>\n<p>En este contexto, tambi\u00e9n estuvimos analizando la p\u00e9rdida del poder adquisitivo de nuestro salario desde el inicio dela pandemia, haciendo una comparaci\u00f3n al 31 de diciembre de 2020. Con la \u00faltima pauta se va a cristalizar la p\u00e9rdida de nuestro poder de compra. Como nos cambiaron el par\u00e1metro y ahora tenemos que sumar lo que qued\u00f3 de la pauta salarial 2020, m\u00e1s parte de lo que queda de 2021 y 2022 y veremos que resulta, si en este proceso inflacionario \u2013que a mayo de este a\u00f1o tiene un interanual del 46,3% y las expectativas del Banco Central para este a\u00f1o son del 48%\u2013 y cambiando la forma de medir y de sumar los \u00faltimas cuotas del a\u00f1o anterior y de este a\u00f1o se llega a alcanzar una orientaci\u00f3n.<\/p>\n<p>El proceso inflacionario sigue manteni\u00e9ndose y los\u00a0 afectados somos la clase trabajadora, como siempre decimos en nuestros informes, sea formal o informal, los sectores vulnerables y los jubilados.<\/p>\n<p>Hay que tener en cuenta que para la \u00faltima Encuesta Permanente de Hogares, el salario promedio para los varones es de 38 mil pesos y para las mujeres de 28 mil. Esto habla que el salario general que se paga en Argentina es bajo, incluso en los sectores donde se pagan buenos salarios. Y eso es un problema.<\/p>\n<p><strong>\u00bfQu\u00e9 estrategia se est\u00e1 dando la Junta Interna para alcanzar sus reivindicaciones?<\/strong><\/p>\n<p>Nosotros el 17 de junio vamos a hacer una actividad en la puerta del INDEC para\u00a0 traccionar a nuestro Consejo Directivo Nacional a que ac\u00e1 hay que dar la cara por qu\u00e9 hay una pauta tan baja, en un proceso donde la zanahoria que tenemos es el pase a planta permanente, pero que no nos puede llevar a aceptar la p\u00e9rdida del poder adquisitivo ni a la p\u00e9rdida frente a la inflaci\u00f3n, un problema que el gobierno no puede dejar de atender. Se est\u00e1 solventando el bolsillo de los sectores vulnerables, que est\u00e1 bien, se est\u00e1 dando bonos a los jubilados que son los que menos ganan, pero hay que controlar los precios. Sino es imposible que un trabajador pueda poner en la mesa un plato de comida en su mesa y lo necesario para poder satisfacer las necesidades de prote\u00ednas y calor\u00edas para su familia.<\/p>\n<p>El problema fundamental es garantizar la soberan\u00eda alimentaria y la soberan\u00eda de las comunicaciones, que el wifi y el cable est\u00e9 a disposici\u00f3n de los sectores populares.<\/p>\n<p>&nbsp;<\/p>\n<p>&nbsp;<\/p>\n","protected":false},"excerpt":{"rendered":"<p>Frente a las distintas discusiones paritarias que se est\u00e1n desarrollando en los diversos niveles del Estado, as\u00ed como en los sectores de la actividad privada, la Junta Interna de ATE-INDEC (Instituto Nacional de Estad\u00edstica y Censos) es una referencia fundamental para la clase trabajadora a los fines del calcular los reclamos salariales, sobre todo en [&hellip;]<\/p>\n","protected":false},"author":7,"featured_media":26171,"comment_status":"open","ping_status":"open","sticky":true,"template":"","format":"standard","meta":{"_exactmetrics_skip_tracking":false,"_exactmetrics_sitenote_active":false,"_exactmetrics_sitenote_note":"","_exactmetrics_sitenote_category":0,"jnews-multi-image_gallery":[],"jnews_single_post":{"source_name":"","source_url":"","via_name":"","via_url":"","override_template":"0","override":[{"template":"1","single_blog_custom":"","parallax":"1","fullscreen":"0","layout":"right-sidebar","sidebar":"default-sidebar","second_sidebar":"default-sidebar","sticky_sidebar":"1","share_position":"top","share_float_style":"share-monocrhome","show_share_counter":"1","show_view_counter":"1","show_featured":"1","show_post_meta":"1","show_post_author":"1","show_post_author_image":"1","show_post_date":"1","post_date_format":"default","post_date_format_custom":"Y\/m\/d","show_post_category":"1","show_post_reading_time":"0","post_reading_time_wpm":"300","show_zoom_button":"0","zoom_button_out_step":"2","zoom_button_in_step":"3","show_post_tag":"1","show_prev_next_post":"1","show_popup_post":"1","number_popup_post":"1","show_author_box":"0","show_post_related":"0","show_inline_post_related":"0"}],"override_image_size":"0","image_override":[{"single_post_thumbnail_size":"crop-500","single_post_gallery_size":"crop-500"}],"trending_post":"0","trending_post_position":"meta","trending_post_label":"Trending","sponsored_post":"0","sponsored_post_label":"Sponsored by","sponsored_post_name":"","sponsored_post_url":"","sponsored_post_logo_enable":"0","sponsored_post_logo":"","sponsored_post_desc":"","subtitle":"Entrevistado por &#039;Entre todos y todas&#039; el delegado Adjunto de la Junta Interna del organismo estad\u00edstico valu\u00f3 la canasta familiar para mayo de 2021 en 96800 pesos.","format":"standard"},"jnews_primary_category":{"id":""},"jnews_social_meta":{"fb_title":"","fb_description":"","fb_image":"","twitter_title":"","twitter_description":"","twitter_image":""},"jnews_review":[],"enable_review":"0","type":"percentage","name":"","summary":"","brand":"","sku":"","good":[{"good_text":""}],"bad":[{"bad_text":""}],"score_override":"","override_value":"","rating":[{"rating_text":"","rating_number":"10"}],"price":[{"shop":"","price":"","link":"","icon":""}],"jnews_override_counter":{"override_view_counter":"0","view_counter_number":"0","override_share_counter":"0","share_counter_number":"0","override_like_counter":"0","like_counter_number":"0","override_dislike_counter":"0","dislike_counter_number":"0"},"jnews_post_split":{"enable_post_split":"0","post_split":[{"template":"1","tag":"h2","numbering":"asc","mode":"normal"}]},"footnotes":""},"categories":[18],"tags":[838,837],"class_list":["post-26170","post","type-post","status-publish","format-standard","has-post-thumbnail","hentry","category-nacionales","tag-ate-indec","tag-indec"],"jetpack_featured_media_url":"https:\/\/atecordoba.org\/wp-content\/uploads\/2021\/06\/RAUL-LLANEZA-ATE-INDEC.jpg","_links":{"self":[{"href":"https:\/\/atecordoba.org\/index.php?rest_route=\/wp\/v2\/posts\/26170","targetHints":{"allow":["GET"]}}],"collection":[{"href":"https:\/\/atecordoba.org\/index.php?rest_route=\/wp\/v2\/posts"}],"about":[{"href":"https:\/\/atecordoba.org\/index.php?rest_route=\/wp\/v2\/types\/post"}],"author":[{"embeddable":true,"href":"https:\/\/atecordoba.org\/index.php?rest_route=\/wp\/v2\/users\/7"}],"replies":[{"embeddable":true,"href":"https:\/\/atecordoba.org\/index.php?rest_route=%2Fwp%2Fv2%2Fcomments&post=26170"}],"version-history":[{"count":1,"href":"https:\/\/atecordoba.org\/index.php?rest_route=\/wp\/v2\/posts\/26170\/revisions"}],"predecessor-version":[{"id":26174,"href":"https:\/\/atecordoba.org\/index.php?rest_route=\/wp\/v2\/posts\/26170\/revisions\/26174"}],"wp:featuredmedia":[{"embeddable":true,"href":"https:\/\/atecordoba.org\/index.php?rest_route=\/wp\/v2\/media\/26171"}],"wp:attachment":[{"href":"https:\/\/atecordoba.org\/index.php?rest_route=%2Fwp%2Fv2%2Fmedia&parent=26170"}],"wp:term":[{"taxonomy":"category","embeddable":true,"href":"https:\/\/atecordoba.org\/index.php?rest_route=%2Fwp%2Fv2%2Fcategories&post=26170"},{"taxonomy":"post_tag","embeddable":true,"href":"https:\/\/atecordoba.org\/index.php?rest_route=%2Fwp%2Fv2%2Ftags&post=26170"}],"curies":[{"name":"wp","href":"https:\/\/api.w.org\/{rel}","templated":true}]}}