{"id":26156,"date":"2021-06-10T15:23:29","date_gmt":"2021-06-10T18:23:29","guid":{"rendered":"https:\/\/atecordoba.org\/?p=26156"},"modified":"2021-06-10T15:23:29","modified_gmt":"2021-06-10T18:23:29","slug":"nuevo-convenio-de-ate-cordoba-y-erco-escuela-de-refrigeracion","status":"publish","type":"post","link":"https:\/\/atecordoba.org\/?p=26156","title":{"rendered":"Nuevo convenio de ATE C\u00f3rdoba y &#8220;ERCO &#8211; Escuela de Refrigeraci\u00f3n&#8221;"},"content":{"rendered":"<div id='gallery_1' class='gallery galleryid-26156 gallery-columns-2 gallery-size-medium'><figure class='gallery-item'>\n                <div class='gallery-icon landscape'>\n                    <a href='https:\/\/atecordoba.org\/wp-content\/uploads\/2021\/06\/Aire-Acondicionado-80.jpg'><img loading=\"lazy\" decoding=\"async\" width=\"300\" height=\"300\" src=\"\" class=\"attachment-medium size-medium lazyload\" alt=\"\" data-src=\"https:\/\/atecordoba.org\/wp-content\/uploads\/2021\/06\/Aire-Acondicionado-80-300x300.jpg\" data-sizes=\"auto\" data-srcset=\"https:\/\/atecordoba.org\/wp-content\/uploads\/2021\/06\/Aire-Acondicionado-80-300x300.jpg 300w, https:\/\/atecordoba.org\/wp-content\/uploads\/2021\/06\/Aire-Acondicionado-80-1024x1024.jpg 1024w, https:\/\/atecordoba.org\/wp-content\/uploads\/2021\/06\/Aire-Acondicionado-80-150x150.jpg 150w, https:\/\/atecordoba.org\/wp-content\/uploads\/2021\/06\/Aire-Acondicionado-80-768x768.jpg 768w, https:\/\/atecordoba.org\/wp-content\/uploads\/2021\/06\/Aire-Acondicionado-80-560x560.jpg 560w, https:\/\/atecordoba.org\/wp-content\/uploads\/2021\/06\/Aire-Acondicionado-80-75x75.jpg 75w, https:\/\/atecordoba.org\/wp-content\/uploads\/2021\/06\/Aire-Acondicionado-80-750x750.jpg 750w, https:\/\/atecordoba.org\/wp-content\/uploads\/2021\/06\/Aire-Acondicionado-80.jpg 1080w\" data-expand=\"700\" \/><\/a>\n                <\/div><\/figure><figure class='gallery-item'>\n                <div class='gallery-icon portrait'>\n                    <a href='https:\/\/atecordoba.org\/wp-content\/uploads\/2021\/06\/Aire-Acondicionado-copia-80.jpg'><img loading=\"lazy\" decoding=\"async\" width=\"300\" height=\"300\" src=\"\" class=\"attachment-medium size-medium lazyload\" alt=\"\" data-src=\"https:\/\/atecordoba.org\/wp-content\/uploads\/2021\/06\/Aire-Acondicionado-copia-80-300x300.jpg\" data-sizes=\"auto\" data-srcset=\"https:\/\/atecordoba.org\/wp-content\/uploads\/2021\/06\/Aire-Acondicionado-copia-80-300x300.jpg 300w, https:\/\/atecordoba.org\/wp-content\/uploads\/2021\/06\/Aire-Acondicionado-copia-80-1024x1024.jpg 1024w, https:\/\/atecordoba.org\/wp-content\/uploads\/2021\/06\/Aire-Acondicionado-copia-80-150x150.jpg 150w, https:\/\/atecordoba.org\/wp-content\/uploads\/2021\/06\/Aire-Acondicionado-copia-80-768x769.jpg 768w, https:\/\/atecordoba.org\/wp-content\/uploads\/2021\/06\/Aire-Acondicionado-copia-80-560x560.jpg 560w, https:\/\/atecordoba.org\/wp-content\/uploads\/2021\/06\/Aire-Acondicionado-copia-80-75x75.jpg 75w, https:\/\/atecordoba.org\/wp-content\/uploads\/2021\/06\/Aire-Acondicionado-copia-80-750x751.jpg 750w, https:\/\/atecordoba.org\/wp-content\/uploads\/2021\/06\/Aire-Acondicionado-copia-80.jpg 1080w\" data-expand=\"700\" \/><\/a>\n                <\/div><\/figure><br style=\"clear: both\" \/><figure class='gallery-item'>\n                <div class='gallery-icon portrait'>\n                    <a href='https:\/\/atecordoba.org\/wp-content\/uploads\/2021\/06\/Aire-Acondicionado-copia-3-80.jpg'><img loading=\"lazy\" decoding=\"async\" width=\"300\" height=\"300\" src=\"\" class=\"attachment-medium size-medium lazyload\" alt=\"\" data-src=\"https:\/\/atecordoba.org\/wp-content\/uploads\/2021\/06\/Aire-Acondicionado-copia-3-80-300x300.jpg\" data-sizes=\"auto\" data-srcset=\"https:\/\/atecordoba.org\/wp-content\/uploads\/2021\/06\/Aire-Acondicionado-copia-3-80-300x300.jpg 300w, https:\/\/atecordoba.org\/wp-content\/uploads\/2021\/06\/Aire-Acondicionado-copia-3-80-1024x1024.jpg 1024w, https:\/\/atecordoba.org\/wp-content\/uploads\/2021\/06\/Aire-Acondicionado-copia-3-80-150x150.jpg 150w, https:\/\/atecordoba.org\/wp-content\/uploads\/2021\/06\/Aire-Acondicionado-copia-3-80-768x769.jpg 768w, https:\/\/atecordoba.org\/wp-content\/uploads\/2021\/06\/Aire-Acondicionado-copia-3-80-560x560.jpg 560w, https:\/\/atecordoba.org\/wp-content\/uploads\/2021\/06\/Aire-Acondicionado-copia-3-80-75x75.jpg 75w, https:\/\/atecordoba.org\/wp-content\/uploads\/2021\/06\/Aire-Acondicionado-copia-3-80-750x751.jpg 750w, https:\/\/atecordoba.org\/wp-content\/uploads\/2021\/06\/Aire-Acondicionado-copia-3-80.jpg 1080w\" data-expand=\"700\" \/><\/a>\n                <\/div><\/figure><figure class='gallery-item'>\n                <div class='gallery-icon portrait'>\n                    <a href='https:\/\/atecordoba.org\/wp-content\/uploads\/2021\/06\/Aire-Acondicionado-copia-2-80.jpg'><img loading=\"lazy\" decoding=\"async\" width=\"300\" height=\"300\" src=\"\" class=\"attachment-medium size-medium lazyload\" alt=\"\" data-src=\"https:\/\/atecordoba.org\/wp-content\/uploads\/2021\/06\/Aire-Acondicionado-copia-2-80-300x300.jpg\" data-sizes=\"auto\" data-srcset=\"https:\/\/atecordoba.org\/wp-content\/uploads\/2021\/06\/Aire-Acondicionado-copia-2-80-300x300.jpg 300w, https:\/\/atecordoba.org\/wp-content\/uploads\/2021\/06\/Aire-Acondicionado-copia-2-80-1024x1024.jpg 1024w, https:\/\/atecordoba.org\/wp-content\/uploads\/2021\/06\/Aire-Acondicionado-copia-2-80-150x150.jpg 150w, https:\/\/atecordoba.org\/wp-content\/uploads\/2021\/06\/Aire-Acondicionado-copia-2-80-768x769.jpg 768w, https:\/\/atecordoba.org\/wp-content\/uploads\/2021\/06\/Aire-Acondicionado-copia-2-80-560x560.jpg 560w, https:\/\/atecordoba.org\/wp-content\/uploads\/2021\/06\/Aire-Acondicionado-copia-2-80-75x75.jpg 75w, https:\/\/atecordoba.org\/wp-content\/uploads\/2021\/06\/Aire-Acondicionado-copia-2-80-750x751.jpg 750w, https:\/\/atecordoba.org\/wp-content\/uploads\/2021\/06\/Aire-Acondicionado-copia-2-80.jpg 1080w\" data-expand=\"700\" \/><\/a>\n                <\/div><\/figure><br style=\"clear: both\" \/>\n            <\/div>\n\n<p>La Secretar\u00eda de Acci\u00f3n Social del Consejo Directivo Provincial de ATE C\u00f3rdoba rubric\u00f3 un nuevo convenio que permite a las y los afiliados -y grupo familiar directo- acceder al beneficio de descuento del 35% en los cursos de refrigeraci\u00f3n brindados por &#8220;ERCO &#8211; Escuela de Refrigeraci\u00f3n&#8221;. La formaci\u00f3n est\u00e1 destinada a todas aquellas personas que decidan capacitarse en conocimientos con amplia salida laboral y alta demanda.<\/p>\n<p>Quien egrese estar\u00e1 capacitado\/a a gestionar el servicio de instalaci\u00f3n y reparaci\u00f3n de acondicionadores de aire hasta 6000 fgs, ejecutando el proceso de montaje e instalaci\u00f3n, diagn\u00f3stico y reparaci\u00f3n del equipo, operando instrumentos y equipos de medici\u00f3n.<\/p>\n<p>El curso de instalaci\u00f3n de aire acondicionado tendr\u00e1 una carga horaria de 40 Hs (total) e iniciar\u00e1 el pr\u00f3ximo 14 de julio, con una duraci\u00f3n de 20 semanas. Los d\u00edas de clase semanal ser\u00e1n los mi\u00e9rcoles de 20 a 22 hs y la modalidad ser\u00e1 Semi Presencial (Un (1) Taller Practico por M\u00f3dulo).<\/p>\n<p>La inscripci\u00f3n ser\u00e1 de $800,00 y luego 5 cuotas de $2600,00 que, a los afiliados de ATE del 35%, quedar\u00e1 en 5 cuotas de $1700,00. Forma de pago: Tarjeta de D\u00e9bito \u2013 Cr\u00e9dito \/ transferencia bancaria.<\/p>\n<p>M\u00e1s informaci\u00f3n a contacto@ercorefrigeracion.com o a 351 672 8509<\/p>\n","protected":false},"excerpt":{"rendered":"<p>La Secretar\u00eda de Acci\u00f3n Social del Consejo Directivo Provincial de ATE C\u00f3rdoba rubric\u00f3 un nuevo convenio que permite a las y los afiliados -y grupo familiar directo- acceder al beneficio de descuento del 35% en los cursos de refrigeraci\u00f3n brindados por &#8220;ERCO &#8211; Escuela de Refrigeraci\u00f3n&#8221;. La formaci\u00f3n est\u00e1 destinada a todas aquellas personas que [&hellip;]<\/p>\n","protected":false},"author":6,"featured_media":26157,"comment_status":"open","ping_status":"open","sticky":false,"template":"","format":"standard","meta":{"_exactmetrics_skip_tracking":false,"_exactmetrics_sitenote_active":false,"_exactmetrics_sitenote_note":"","_exactmetrics_sitenote_category":0,"jnews-multi-image_gallery":[],"jnews_single_post":{"source_name":"","source_url":"","via_name":"","via_url":"","override_template":"0","override":[{"template":"1","single_blog_custom":"","parallax":"1","fullscreen":"0","layout":"right-sidebar","sidebar":"default-sidebar","second_sidebar":"default-sidebar","sticky_sidebar":"1","share_position":"top","share_float_style":"share-monocrhome","show_share_counter":"1","show_view_counter":"1","show_featured":"1","show_post_meta":"1","show_post_author":"1","show_post_author_image":"1","show_post_date":"1","post_date_format":"default","post_date_format_custom":"Y\/m\/d","show_post_category":"1","show_post_reading_time":"0","post_reading_time_wpm":"300","show_zoom_button":"0","zoom_button_out_step":"2","zoom_button_in_step":"3","show_post_tag":"1","show_prev_next_post":"1","show_popup_post":"1","number_popup_post":"1","show_author_box":"0","show_post_related":"0","show_inline_post_related":"0"}],"override_image_size":"0","image_override":[{"single_post_thumbnail_size":"crop-500","single_post_gallery_size":"crop-500"}],"trending_post":"0","trending_post_position":"meta","trending_post_label":"Trending","sponsored_post":"0","sponsored_post_label":"Sponsored by","sponsored_post_name":"","sponsored_post_url":"","sponsored_post_logo_enable":"0","sponsored_post_logo":"","sponsored_post_desc":""},"jnews_primary_category":{"id":""},"jnews_social_meta":{"fb_title":"","fb_description":"","fb_image":"","twitter_title":"","twitter_description":"","twitter_image":""},"jnews_review":[],"enable_review":"0","type":"percentage","name":"","summary":"","brand":"","sku":"","good":[{"good_text":""}],"bad":[{"bad_text":""}],"score_override":"","override_value":"","rating":[{"rating_text":"","rating_number":"10"}],"price":[{"shop":"","price":"","link":"","icon":""}],"jnews_override_counter":{"override_view_counter":"0","view_counter_number":"0","override_share_counter":"0","share_counter_number":"0","override_like_counter":"0","like_counter_number":"0","override_dislike_counter":"0","dislike_counter_number":"0"},"jnews_post_split":{"enable_post_split":"0","post_split":[{"template":"1","tag":"h2","numbering":"asc","mode":"normal"}]},"footnotes":""},"categories":[75,341],"tags":[],"class_list":["post-26156","post","type-post","status-publish","format-standard","has-post-thumbnail","hentry","category-accion-social","category-cdp"],"jetpack_featured_media_url":"https:\/\/atecordoba.org\/wp-content\/uploads\/2021\/06\/Aire-Acondicionado-80.jpg","_links":{"self":[{"href":"https:\/\/atecordoba.org\/index.php?rest_route=\/wp\/v2\/posts\/26156","targetHints":{"allow":["GET"]}}],"collection":[{"href":"https:\/\/atecordoba.org\/index.php?rest_route=\/wp\/v2\/posts"}],"about":[{"href":"https:\/\/atecordoba.org\/index.php?rest_route=\/wp\/v2\/types\/post"}],"author":[{"embeddable":true,"href":"https:\/\/atecordoba.org\/index.php?rest_route=\/wp\/v2\/users\/6"}],"replies":[{"embeddable":true,"href":"https:\/\/atecordoba.org\/index.php?rest_route=%2Fwp%2Fv2%2Fcomments&post=26156"}],"version-history":[{"count":1,"href":"https:\/\/atecordoba.org\/index.php?rest_route=\/wp\/v2\/posts\/26156\/revisions"}],"predecessor-version":[{"id":26161,"href":"https:\/\/atecordoba.org\/index.php?rest_route=\/wp\/v2\/posts\/26156\/revisions\/26161"}],"wp:featuredmedia":[{"embeddable":true,"href":"https:\/\/atecordoba.org\/index.php?rest_route=\/wp\/v2\/media\/26157"}],"wp:attachment":[{"href":"https:\/\/atecordoba.org\/index.php?rest_route=%2Fwp%2Fv2%2Fmedia&parent=26156"}],"wp:term":[{"taxonomy":"category","embeddable":true,"href":"https:\/\/atecordoba.org\/index.php?rest_route=%2Fwp%2Fv2%2Fcategories&post=26156"},{"taxonomy":"post_tag","embeddable":true,"href":"https:\/\/atecordoba.org\/index.php?rest_route=%2Fwp%2Fv2%2Ftags&post=26156"}],"curies":[{"name":"wp","href":"https:\/\/api.w.org\/{rel}","templated":true}]}}