{"id":26150,"date":"2021-06-10T12:20:38","date_gmt":"2021-06-10T15:20:38","guid":{"rendered":"https:\/\/atecordoba.org\/?p=26150"},"modified":"2021-06-10T13:51:29","modified_gmt":"2021-06-10T16:51:29","slug":"hospital-sayago-la-cautelar-reconoce-la-relacion-laboral-estable-de-los-precarizados","status":"publish","type":"post","link":"https:\/\/atecordoba.org\/?p=26150","title":{"rendered":"Hospital Sayago: &#8220;la cautelar reconoce la relaci\u00f3n laboral estable de los precarizados&#8221;"},"content":{"rendered":"<figure id=\"attachment_26151\" aria-describedby=\"caption-attachment-26151\" style=\"width: 380px\" class=\"wp-caption alignleft\"><img loading=\"lazy\" decoding=\"async\" class=\"wp-image-26151\" src=\"https:\/\/atecordoba.org\/wp-content\/uploads\/2021\/06\/terragno-3.jpg\" alt=\"\" width=\"380\" height=\"388\" \/><figcaption id=\"caption-attachment-26151\" class=\"wp-caption-text\">Terragno es asesora letrada de ATE C\u00f3rdoba.<\/figcaption><\/figure>\n<p>El programa radial &#8220;Entre todos y todas&#8221;, que emite radio Gen FM todos los martes a las 18 horas, entrevist\u00f3 esta semana a la asesora letrada de ATE C\u00f3rdoba, Mar\u00eda Marta Terragno, quien explic\u00f3 las consecuencias del incumplimiento de la cautelar judicial que orden\u00f3 que la semana pasada se concrete la reinstalaci\u00f3n de cinco trabajadores y trabajadoras, que fueron despedides el 31 de diciembre pasado en la Municipalidad de Villa Carlos Paz.<\/p>\n<p>&#8220;El jueves pasado se cumpl\u00eda el plazo para la reinstalaci\u00f3n ordenada por una cautelar emitida por la jueza que entiende en lo laboral de Villa Carlos Paz. La Municipalidad se neg\u00f3 a cumplir la orden judicial con el argumento incomprobable de que hab\u00edan presentado a su vez otro recurso de amparo&#8221;, comenz\u00f3 explicando Terragno.<\/p>\n<p>La letrada dijo que, de esta manera, &#8220;la comuna act\u00faa de manera ilegal porque no tiene autoridad para contradecir una orden judicial y no tienen otro fundamento para cursar la negativa. Por lo tanto denunciamos el incumplimiento ante la misma jueza, solicitando que se fijen las multas estipuladas por ley para obligar a cumplir mandatos judiciales como este. Pedimos que las multas se apliquen tanto a la propia Municipalidad como a los funcionarios que no cumplen con la orden judicial: el intendente, la directora del Hospital &#8220;Gumersindo Sayago&#8221; y los coordinadores de Recursos Humanos de la Municipalidad y del Hospital&#8221;.<\/p>\n<p>Terragno afirm\u00f3 que en otros procesos judiciales similares &#8220;nos fue bien.\u00a0 Donde se ordena reinstalaciones, muchas veces nos chocamos con mucha reticencia de las patronales porque, bien sabemos, esto tiene impacto individual pero tambi\u00e9n una dimensi\u00f3n colectiva. Implica una victoria de los compa\u00f1eros en ATE como instituci\u00f3n que ha bancado las luchas y el conflicto, siempre atendiendo las demandas y organizando a estos compa\u00f1eros\u00a0 con un alto nivel de precarizaci\u00f3n&#8221;.<\/p>\n<figure id=\"attachment_26102\" aria-describedby=\"caption-attachment-26102\" style=\"width: 483px\" class=\"wp-caption alignright\"><img loading=\"lazy\" decoding=\"async\" class=\"wp-image-26102\" src=\"https:\/\/atecordoba.org\/wp-content\/uploads\/2021\/06\/patota-2-300x169.jpeg\" alt=\"\" width=\"483\" height=\"272\" srcset=\"https:\/\/atecordoba.org\/wp-content\/uploads\/2021\/06\/patota-2-300x169.jpeg 300w, https:\/\/atecordoba.org\/wp-content\/uploads\/2021\/06\/patota-2-1024x576.jpeg 1024w, https:\/\/atecordoba.org\/wp-content\/uploads\/2021\/06\/patota-2-768x432.jpeg 768w, https:\/\/atecordoba.org\/wp-content\/uploads\/2021\/06\/patota-2-750x422.jpeg 750w, https:\/\/atecordoba.org\/wp-content\/uploads\/2021\/06\/patota-2-1140x641.jpeg 1140w, https:\/\/atecordoba.org\/wp-content\/uploads\/2021\/06\/patota-2.jpeg 1280w\" sizes=\"auto, (max-width: 483px) 100vw, 483px\" \/><figcaption id=\"caption-attachment-26102\" class=\"wp-caption-text\">Dirigentes de ATE, la trabajadora reinstalada por orden judicial y la abogada Terragno, junto a otros trabajadores de la salud.<\/figcaption><\/figure>\n<p>&#8220;La reinstalaci\u00f3n tiene un efectivo colectivo y fortalece el reclamo del conjunto de las y los trabajadores en conflicto&#8221;.<\/p>\n<p>Y agreg\u00f3: &#8220;adem\u00e1s entendemos que se configuran delitos penales de incumplimiento de deberes de funcionario p\u00fablico, as\u00ed que tambi\u00e9n planteamos a la jueza que remita las actuaciones al fuero penal para que se realice el tr\u00e1mite paralelo por los incumplimientos de la sentencia judicial&#8221;, sentenci\u00f3 la abogada.<\/p>\n<p><strong>-\u00bfEl fallo reconoce de cierta forma la relaci\u00f3n laboral permanente que tienen estos trabajadores precarizados con \u00a0la municipalidad, que en su conjunto alcanzan al 83% del personal?<\/strong><\/p>\n<p>Mar\u00eda Marta Terragno: Sin duda, lo que caracteriza al empleo p\u00fablico, tanto a nivel nacional como provincial o municipal, es la estabilidad y no este tipo de precarizaci\u00f3n que sufren las y los trabajadores, con contratos que se renuevan cada seis meses durante a\u00f1os.<\/p>\n<p>Hay otros profesionales con contratos de locaci\u00f3n de servicios que ni siquiera se les reconoce la relaci\u00f3n de dependencia, al menos por un plazo determinado. No cobran aguinaldo ni vacaciones, no tienen ART ni seguro.<\/p>\n<p>Entonces, lo que vino a decir el fallo es que estos trabajadores tienen derechos laborales a reclamar y organizarse colectivamente \u00a0y por supuesto tienen derecho a la estabilidad, al salario, al aguinaldo, a vacaciones y licencia.<\/p>\n<figure id=\"attachment_26101\" aria-describedby=\"caption-attachment-26101\" style=\"width: 479px\" class=\"wp-caption alignleft\"><img loading=\"lazy\" decoding=\"async\" class=\"wp-image-26101\" src=\"https:\/\/atecordoba.org\/wp-content\/uploads\/2021\/06\/hospital-300x225.jpeg\" alt=\"\" width=\"479\" height=\"359\" srcset=\"https:\/\/atecordoba.org\/wp-content\/uploads\/2021\/06\/hospital-300x225.jpeg 300w, https:\/\/atecordoba.org\/wp-content\/uploads\/2021\/06\/hospital-1024x768.jpeg 1024w, https:\/\/atecordoba.org\/wp-content\/uploads\/2021\/06\/hospital-768x576.jpeg 768w, https:\/\/atecordoba.org\/wp-content\/uploads\/2021\/06\/hospital-750x563.jpeg 750w, https:\/\/atecordoba.org\/wp-content\/uploads\/2021\/06\/hospital-1140x855.jpeg 1140w, https:\/\/atecordoba.org\/wp-content\/uploads\/2021\/06\/hospital.jpeg 1280w\" sizes=\"auto, (max-width: 479px) 100vw, 479px\" \/><figcaption id=\"caption-attachment-26101\" class=\"wp-caption-text\">ATE en el Hospital Sayago, el jueves de la semana pasada.<\/figcaption><\/figure>\n<p>Si bien el fallo es cautelar y provisorio, ratifica la absoluta situaci\u00f3n de precariedad que sufren estos trabajadores y trabajadoras. Su reincorporaci\u00f3n debe cumplirse\u00a0 y deben pagar el salario adeudado, porque la cautelar dice que vuelven en id\u00e9nticas condiciones a como estaban antes de su despido. Esos salarios ya comenzaron a ser devengados porque la reincorporaci\u00f3n debi\u00f3 hacerse el jueves. Vamos a seguir dando la pelea como hasta ahora porque sabemos que vamos a ganar con nuestros planteos.<\/p>\n<p><strong>-\u00bfC\u00f3mo viene el tr\u00e1mite respecto a la libre afiliaci\u00f3n en la Municipalidad que hasta el momento se neg\u00f3 a reconocer el \u00e1mbito de actuaci\u00f3n de ATE en el sector a pesar que siguen sucedi\u00e9ndose las afiliaciones y ya alcanzan las 160?<\/strong><\/p>\n<p>MMT: Tambi\u00e9n hay planteos judiciales en tal sentido. Sin duda el derecho a la libertad tiene ver con su ejercicio efectivo como hacen estos trabajadores, tanto para elegir a quienes nos gobiernan como a quienes nos representan en los lugares de trabajo. Eso tambi\u00e9n es la democracia.<\/p>\n<p>Por supuesto, esa democracia y esa libertad tienen que tener la m\u00ednima intervenci\u00f3n de los Estados. M\u00e1s aun cuando se trata del Estado que te est\u00e1 empleando: la Municipalidad de Villa Carlos Paz no puede decidir qu\u00e9 organizaci\u00f3n sindical va a representar a las y los trabajadores de Villa Carlos Paz, sino que son los propios trabajadores quien lo decide.<\/p>\n<p>Lo que intenta la Municipalidad de Villa Carlos Paz, al igual que muchos otros municipios, es negar el reconocimiento a ATE, mayoritariamente debido a la impronta de lucha de nuestro gremio. Apelan a argumentos que no resisten ning\u00fan an\u00e1lisis, muchas veces a ordenanzas donde el municipio reconoce a un sindicato por sobre otro, y eso no es legal. Son las y los trabajadores quienes tienen esa facultad y ya decidieron. Por eso 160 trabajadores se afiliaron a un sindicato con personer\u00eda gremial y \u00e1mbito en su lugar de trabajo -como ATE- y en todas las presentaciones que hicimos en distintos municipios siempre las ganamos. Si bien es un camino m\u00e1s largo, sabemos que al final nos va bien.<\/p>\n<p>&nbsp;<\/p>\n","protected":false},"excerpt":{"rendered":"<p>El programa radial &#8220;Entre todos y todas&#8221;, que emite radio Gen FM todos los martes a las 18 horas, entrevist\u00f3 esta semana a la asesora letrada de ATE C\u00f3rdoba, Mar\u00eda Marta Terragno, quien explic\u00f3 las consecuencias del incumplimiento de la cautelar judicial que orden\u00f3 que la semana pasada se concrete la reinstalaci\u00f3n de cinco trabajadores [&hellip;]<\/p>\n","protected":false},"author":7,"featured_media":26151,"comment_status":"open","ping_status":"open","sticky":true,"template":"","format":"standard","meta":{"_exactmetrics_skip_tracking":false,"_exactmetrics_sitenote_active":false,"_exactmetrics_sitenote_note":"","_exactmetrics_sitenote_category":0,"jnews-multi-image_gallery":[],"jnews_single_post":{"source_name":"","source_url":"","via_name":"","via_url":"","override_template":"0","override":[{"template":"1","single_blog_custom":"","parallax":"1","fullscreen":"0","layout":"right-sidebar","sidebar":"default-sidebar","second_sidebar":"default-sidebar","sticky_sidebar":"1","share_position":"top","share_float_style":"share-monocrhome","show_share_counter":"1","show_view_counter":"1","show_featured":"1","show_post_meta":"1","show_post_author":"1","show_post_author_image":"1","show_post_date":"1","post_date_format":"default","post_date_format_custom":"Y\/m\/d","show_post_category":"1","show_post_reading_time":"0","post_reading_time_wpm":"300","show_zoom_button":"0","zoom_button_out_step":"2","zoom_button_in_step":"3","show_post_tag":"1","show_prev_next_post":"1","show_popup_post":"1","number_popup_post":"1","show_author_box":"0","show_post_related":"0","show_inline_post_related":"0"}],"override_image_size":"0","image_override":[{"single_post_thumbnail_size":"crop-500","single_post_gallery_size":"crop-500"}],"trending_post":"0","trending_post_position":"meta","trending_post_label":"Trending","sponsored_post":"0","sponsored_post_label":"Sponsored by","sponsored_post_name":"","sponsored_post_url":"","sponsored_post_logo_enable":"0","sponsored_post_logo":"","sponsored_post_desc":""},"jnews_primary_category":{"id":""},"jnews_social_meta":{"fb_title":"","fb_description":"","fb_image":"","twitter_title":"","twitter_description":"","twitter_image":""},"jnews_review":[],"enable_review":"0","type":"percentage","name":"","summary":"","brand":"","sku":"","good":[{"good_text":""}],"bad":[{"bad_text":""}],"score_override":"","override_value":"","rating":[{"rating_text":"","rating_number":"10"}],"price":[{"shop":"","price":"","link":"","icon":""}],"jnews_override_counter":{"override_view_counter":"0","view_counter_number":"0","override_share_counter":"0","share_counter_number":"0","override_like_counter":"0","like_counter_number":"0","override_dislike_counter":"0","dislike_counter_number":"0"},"jnews_post_split":{"enable_post_split":"0","post_split":[{"template":"1","tag":"h2","numbering":"asc","mode":"normal"}]},"footnotes":""},"categories":[20],"tags":[],"class_list":["post-26150","post","type-post","status-publish","format-standard","has-post-thumbnail","hentry","category-municipales"],"jetpack_featured_media_url":"https:\/\/atecordoba.org\/wp-content\/uploads\/2021\/06\/terragno-3.jpg","_links":{"self":[{"href":"https:\/\/atecordoba.org\/index.php?rest_route=\/wp\/v2\/posts\/26150","targetHints":{"allow":["GET"]}}],"collection":[{"href":"https:\/\/atecordoba.org\/index.php?rest_route=\/wp\/v2\/posts"}],"about":[{"href":"https:\/\/atecordoba.org\/index.php?rest_route=\/wp\/v2\/types\/post"}],"author":[{"embeddable":true,"href":"https:\/\/atecordoba.org\/index.php?rest_route=\/wp\/v2\/users\/7"}],"replies":[{"embeddable":true,"href":"https:\/\/atecordoba.org\/index.php?rest_route=%2Fwp%2Fv2%2Fcomments&post=26150"}],"version-history":[{"count":3,"href":"https:\/\/atecordoba.org\/index.php?rest_route=\/wp\/v2\/posts\/26150\/revisions"}],"predecessor-version":[{"id":26155,"href":"https:\/\/atecordoba.org\/index.php?rest_route=\/wp\/v2\/posts\/26150\/revisions\/26155"}],"wp:featuredmedia":[{"embeddable":true,"href":"https:\/\/atecordoba.org\/index.php?rest_route=\/wp\/v2\/media\/26151"}],"wp:attachment":[{"href":"https:\/\/atecordoba.org\/index.php?rest_route=%2Fwp%2Fv2%2Fmedia&parent=26150"}],"wp:term":[{"taxonomy":"category","embeddable":true,"href":"https:\/\/atecordoba.org\/index.php?rest_route=%2Fwp%2Fv2%2Fcategories&post=26150"},{"taxonomy":"post_tag","embeddable":true,"href":"https:\/\/atecordoba.org\/index.php?rest_route=%2Fwp%2Fv2%2Ftags&post=26150"}],"curies":[{"name":"wp","href":"https:\/\/api.w.org\/{rel}","templated":true}]}}