{"id":2615,"date":"2013-04-19T18:46:01","date_gmt":"2013-04-19T21:46:01","guid":{"rendered":"http:\/\/www.atecordoba.org\/?p=2615"},"modified":"2013-04-19T18:46:01","modified_gmt":"2013-04-19T21:46:01","slug":"vamos-por-la-integracion-de-los-sectores-nucleares-de-ate-para-lograr-la-paritaria-sectorial","status":"publish","type":"post","link":"https:\/\/atecordoba.org\/?p=2615","title":{"rendered":"&#8220;Vamos por la integraci\u00f3n de los sectores nucleares de ATE para lograr la paritaria sectorial&#8221;"},"content":{"rendered":"<p><em>Esta semana se realiz\u00f3 en c\u00f3rdoba el plenario nacional del sector de energ\u00eda nuclear de ATE. Finalizado el encuentro, el compa\u00f1ero Ernesto Sinionato, delegado de ATE en NA-SA, detall\u00f3 los alcances de la iniciativa que concreta el trabajo realizado durante todo 2012. La realidad de la energ\u00eda nuclear en manos del Estado.\u00a0<\/em><\/p>\n<p><a href=\"http:\/\/www.atecordoba.org\/wp-content\/uploads\/2013\/04\/foto-web-18.jpg\"><img loading=\"lazy\" decoding=\"async\" class=\"aligncenter size-full wp-image-2616\" title=\"foto web 1\" src=\"http:\/\/www.atecordoba.org\/wp-content\/uploads\/2013\/04\/foto-web-18.jpg\" alt=\"\" width=\"720\" height=\"540\" \/><\/a><\/p>\n<p>&nbsp;<\/p>\n<p><strong>\u00bfCu\u00e1l fue el objetivo de este primer plenario nacional de trabajadores de la energ\u00eda at\u00f3mica?<\/strong><\/p>\n<p>El plenario consisti\u00f3 en mostrar la caminata que hicimos el a\u00f1o pasado, impulsada por el CDN a partir de una propuesta del secretario General, para fortalecer el sector nuclear. Se crea la coordinaci\u00f3n del sector nuclear entre Nucleoel\u00e9ctrica Argentina Sociedad An\u00f3nima (NA-SA), Comisi\u00f3n Nacional de Energ\u00eda At\u00f3mica (Cnea), Dioxitek, autoridad regulatoria, y dem\u00e1s organismos. Se elijen sus representantes a trav\u00e9s\u00a0 de juntas internas, con mandato de asambleas, con le objetivo\u00a0 de mantener al integraci\u00f3n para abordar temas gremiales, pol\u00edtico-institucionales y, fundamentalmente de cara al futuro, canalizar todo lo que sea tema nuclear. Est\u00e1 claro que es una tecnolog\u00eda que viene siendo cuestionada pero que nosotros decimos que con los controles debidos es una energ\u00eda limpia, y a futuro puede garantizar la falta de capacidad instalada que est\u00e1 teniendo el pa\u00eds a nivel energ\u00e9tico, entre otras cosas.<\/p>\n<p>Sobre ese eje mostramos una memoria sobre lo actuado el a\u00f1o pasado. Esto nos ayud\u00f3 a sacar una foto por dentro de cada sector, porque a veces todo se concentra en Buenos Aires y terminamos estando lejos del interior, sin saber las problem\u00e1ticas de cada sector. Eso fue bueno. De alguna manera muestra la realidad de ATE dentro del sector nuclear. Hay mucho por hacer. M\u00e1s all\u00e1 de las diferencias pol\u00edticas que nos han dividido, decimos que por encima del tema partidario nos tiene que unir la discusi\u00f3n para dar respuesta a los reclamos de la gente. Porque eso atraviesa todos los sectores.<\/p>\n<p><strong>\u00bfCu\u00e1les son los principales reclamos?<\/strong><\/p>\n<p>Fundamentalmente el tema paritario, donde las autoridades no dan respuesta, que deber\u00eda ser la herramienta para lograr un estado de igualdad. Buscamos lograr un convenio sectorial que unifique el reclamo de todos los trabajadores del sector nuclear. Hoy hay disparidad porque tenemos instituciones ricas como NA-SA y otras que no cuentan con los mismos recursos. En CNEA, por ejemplo, si bien no est\u00e1n mal, los sueldos no son de las mismas condiciones que en NA-SA, incluso hablando de profesionales y t\u00e9cnicos con las mismas capacidades y conocimiento del tema.<\/p>\n<p>Por suerte se aprob\u00f3 un desarrollo de carrera en la CNEA que ven\u00eda postergado donde compa\u00f1eros que est\u00e1n a punto de jubilarse, con categor\u00edas muy bajas, vieron recomponer su categor\u00eda que implic\u00f3 una mejora en su salario. \u00a0Pero entre las cinco instituciones que integran el sector, las hay ricas y otras en distinta condici\u00f3n, aun teniendo el mismo patr\u00f3n que es el Estado. Vale aclarar que cuando halamos de unificar no es que la NA-SA vaya a la baja, sino por el contrario mejorar las condiciones de aquellos sectores m\u00e1s postergados.<\/p>\n<p><strong>Julio Fuentes, secretario General del CDN, \u00a0dijo que el sector nuclear es clave porque fija pol\u00edtica de Estado a mediano y largo plazo. <\/strong><\/p>\n<p>Es acertado lo que dijo el compa\u00f1ero, nosotros creemos lo mismo. Fundamentalmente porque, con el agotamiento de los hidrocarburos, \u00a0es una tecnolog\u00eda que va a abastecer la demanda energ\u00e9tica que cada d\u00eda es mayor. Est\u00e1 bien que sea pol\u00edtica de Estado, m\u00e1s all\u00e1 del gobierno de turno. Porque hoy, m\u00e1s all\u00e1 de las diferencias pol\u00edticas, el gobierno reactiv\u00f3 al sector nuclear, en perspectiva a lo que pas\u00f3 con gobierno anteriores de Menem para ac\u00e1, desaguazando el \u00e1rea. De hecho se fragment\u00f3, con la CNEA por un lado y las centrales en operaci\u00f3n por el otro, a trav\u00e9s del decreto 1540 y la ley de privatizaci\u00f3n 24804. Quer\u00edan privatizar y desguazar el sector nuclear. Hoy decimos que hay mucho para hacer pero actualmente se reactiv\u00f3 el sector, con Atucha 2, la planta de agua pesada, la cuarta central, la extensi\u00f3n de la vida \u00fatil de Embalse y la finalizaci\u00f3n del proyecto de un reactor nacional, el Carem. \u00a0Tambi\u00e9n se reactiv\u00f3 el enriquecimiento de uranio en Bariloche.<\/p>\n<p>Ahora, los trabajadores tenemos que garantizar que eso sea transparente, que tenga un sentido soberano, y no negocios para pocos. Ya ha pasado con la patria contratista, con la formaci\u00f3n de UTEs, \u00a0utilizando el argumento de desarrollar una industria estrat\u00e9gica unos pocos se quedan con el negocio. Para nosotros es fundamental que la sociedad argentina tenga garantizada la soberan\u00eda energ\u00e9tica, de calidad y ambientalmente sustentable.<\/p>\n<p><strong>\u00bfEse es uno de los debates internos en entre los compa\u00f1eros del sector?<\/strong><\/p>\n<p>Si. Por eso es uno de los objetivos de la integraci\u00f3n en ATE de los compa\u00f1eros de todos los sectores nucleares. \u00a0No hay que olvidarse que la actividad nuclear madre era la CNEA, desde el general Per\u00f3n a esta parte, pero despu\u00e9s fue decayendo y desmembr\u00e1ndose. Ah\u00ed aparece la precarizaci\u00f3n, los magros sueldos, y todo lo que ya sabemos. Ojala volvamos a la CNEA de aquella \u00e9poca. Hasta tanto, queremos el convenio, la integraci\u00f3n, lograr el compromiso de las empresas para garantizar la higiene y seguridad de los trabajadores.<\/p>\n<p><strong>\u00bfCu\u00e1l es la disposici\u00f3n de las autoridades de las empresas?<\/strong><\/p>\n<p>De las cinco, cuatro nos recibieron, a pesar que ATE es cuestionada por su pol\u00edtica de transparencia que saca a la luz los manejos turbios. En la NA-SA no tuvimos esa suerte, porque el ingeniero Jos\u00e9 Lu\u00eds Ant\u00fanez viene el sector privado y le interesa gesti\u00f3n con una UTE, como se usaba con Menem, porque creen que tienen mejor control de la gesti\u00f3n. Esperemos que el gobierno no nos lleve a esa situaci\u00f3n, para que sea el conjunto de la poblaci\u00f3n quien se beneficie.<\/p>\n","protected":false},"excerpt":{"rendered":"<p>Esta semana se realiz\u00f3 en c\u00f3rdoba el plenario nacional del sector de energ\u00eda nuclear de ATE. Finalizado el encuentro, el compa\u00f1ero Ernesto Sinionato, delegado de ATE en NA-SA, detall\u00f3 los alcances de la iniciativa que concreta el trabajo realizado durante todo 2012. La realidad de la energ\u00eda nuclear en manos del Estado.\u00a0 &nbsp; \u00bfCu\u00e1l fue [&hellip;]<\/p>\n","protected":false},"author":1,"featured_media":19220,"comment_status":"open","ping_status":"open","sticky":false,"template":"","format":"standard","meta":{"_exactmetrics_skip_tracking":false,"_exactmetrics_sitenote_active":false,"_exactmetrics_sitenote_note":"","_exactmetrics_sitenote_category":0,"jnews-multi-image_gallery":[],"jnews_single_post":[],"jnews_primary_category":[],"jnews_social_meta":[],"jnews_review":[],"enable_review":"","type":"","name":"","summary":"","brand":"","sku":"","good":[],"bad":[],"score_override":"","override_value":"","rating":[],"price":[],"jnews_override_counter":[],"jnews_post_split":[],"footnotes":""},"categories":[18],"tags":[],"class_list":["post-2615","post","type-post","status-publish","format-standard","has-post-thumbnail","hentry","category-nacionales"],"jetpack_featured_media_url":"https:\/\/atecordoba.org\/wp-content\/uploads\/2020\/05\/logo-nuevochico-e1561581322808.png","_links":{"self":[{"href":"https:\/\/atecordoba.org\/index.php?rest_route=\/wp\/v2\/posts\/2615","targetHints":{"allow":["GET"]}}],"collection":[{"href":"https:\/\/atecordoba.org\/index.php?rest_route=\/wp\/v2\/posts"}],"about":[{"href":"https:\/\/atecordoba.org\/index.php?rest_route=\/wp\/v2\/types\/post"}],"author":[{"embeddable":true,"href":"https:\/\/atecordoba.org\/index.php?rest_route=\/wp\/v2\/users\/1"}],"replies":[{"embeddable":true,"href":"https:\/\/atecordoba.org\/index.php?rest_route=%2Fwp%2Fv2%2Fcomments&post=2615"}],"version-history":[{"count":0,"href":"https:\/\/atecordoba.org\/index.php?rest_route=\/wp\/v2\/posts\/2615\/revisions"}],"wp:featuredmedia":[{"embeddable":true,"href":"https:\/\/atecordoba.org\/index.php?rest_route=\/wp\/v2\/media\/19220"}],"wp:attachment":[{"href":"https:\/\/atecordoba.org\/index.php?rest_route=%2Fwp%2Fv2%2Fmedia&parent=2615"}],"wp:term":[{"taxonomy":"category","embeddable":true,"href":"https:\/\/atecordoba.org\/index.php?rest_route=%2Fwp%2Fv2%2Fcategories&post=2615"},{"taxonomy":"post_tag","embeddable":true,"href":"https:\/\/atecordoba.org\/index.php?rest_route=%2Fwp%2Fv2%2Ftags&post=2615"}],"curies":[{"name":"wp","href":"https:\/\/api.w.org\/{rel}","templated":true}]}}