{"id":26135,"date":"2021-06-08T16:05:58","date_gmt":"2021-06-08T19:05:58","guid":{"rendered":"https:\/\/atecordoba.org\/?p=26135"},"modified":"2021-06-16T15:45:55","modified_gmt":"2021-06-16T18:45:55","slug":"por-reapertura-de-paritarias-las-y-los-nacionales-realizaran-manana-una-jornada-de-protesta-en-toda-la-provincia","status":"publish","type":"post","link":"https:\/\/atecordoba.org\/?p=26135","title":{"rendered":"Por reapertura de paritarias las y los nacionales realizar\u00e1n ma\u00f1ana una jornada de protesta en toda la provincia"},"content":{"rendered":"<div style='display:none' class=\"jeg_preview_slider gallery_1\" data-selector='gallery_1'>\n                        <div class=\"jeg_preview_holder\">\n                            <div class=\"jeg_preview_media\">\n                        <div class=\"jeg_preview_media_holder\">\n                            <h3>&nbsp;<\/h3>\n                            <div class=\"fullscreen-switch\">\n                                <i class=\"fa\"><\/i>\n                            <\/div>\n                            <div class=\"jeg_preview_media_content\">\n                                <div class=\"jeg_preview_media_content_holder_padding\">\n                                    <div class=\"jeg_preview_media_content_holder\"><\/div>\n                                <\/div>\n                                <div class=\"jeg_preview_media_content_navigation\">\n                                    <div class=\"prev\">\n\t\t\t\t\t\t\t\t\t\t<i class=\"fa\"><\/i>\n\t\t\t\t\t\t\t\t\t<\/div>\n                                    <div class=\"next\">\n\t\t\t\t\t\t\t\t\t\t<i class=\"fa\"><\/i>\n\t\t\t\t\t\t\t\t\t<\/div>\n                                <\/div>\n                                <div class='preview-slider-overlay'>\n                                    <div class='preloader_type preloader_dot'>\n                                        <div class=\"module-preloader jeg_preloader dot\">\n                                            <span><\/span><span><\/span><span><\/span>\n                                        <\/div>\n                                        <div class=\"module-preloader jeg_preloader circle\">\n                                            <div class=\"jnews_preloader_circle_outer\">\n                                                <div class=\"jnews_preloader_circle_inner\"><\/div>\n                                            <\/div>\n                                        <\/div>\n                                        <div class=\"module-preloader jeg_preloader square\">\n                                            <div class=\"jeg_square\">\n                                                <div class=\"jeg_square_inner\"><\/div>\n                                            <\/div>\n                                        <\/div>\n                                    <\/div>\n                                <\/div>\n                            <\/div>\n                            <div class=\"jeg_preview_control\">\n                                <div class=\"left_control\">\n                                    <div class=\"counter\"><span class=\"current\">1<\/span> de  2<\/div>\n                                    <div class=\"subtitle\"><\/div>\n                                <\/div>\n                                <div class=\"zoom\">\n                                    <span class=\"reduce\">-<\/span>\n                                    <span class=\"increase\">+<\/span>\n                                <\/div>\n                            <\/div>\n                        <\/div>\n                    <\/div>\n\n                    <div class=\"jeg_preview_bottom_slider\">\n                        <a data-id=\"0\" data-title=\"\" data-image=\"https:\/\/atecordoba.org\/wp-content\/uploads\/2021\/06\/flyer-jornada-8-6_1.jpeg\" href=\"https:\/\/atecordoba.org\/wp-content\/uploads\/2021\/06\/flyer-jornada-8-6_1.jpeg\" class=\"jeg_preview_item active\">\n                            <div class=\"jeg_preview_item_thumbnail\">\n                                <img loading=\"lazy\" decoding=\"async\" width=\"120\" height=\"86\" src=\"https:\/\/atecordoba.org\/wp-content\/uploads\/2021\/06\/flyer-jornada-8-6_1-120x86.jpeg\" class=\"attachment-jnews-120x86 size-jnews-120x86\" alt=\"\" srcset=\"https:\/\/atecordoba.org\/wp-content\/uploads\/2021\/06\/flyer-jornada-8-6_1-120x86.jpeg 120w, https:\/\/atecordoba.org\/wp-content\/uploads\/2021\/06\/flyer-jornada-8-6_1-350x250.jpeg 350w, https:\/\/atecordoba.org\/wp-content\/uploads\/2021\/06\/flyer-jornada-8-6_1-750x536.jpeg 750w\" sizes=\"auto, (max-width: 120px) 100vw, 120px\" \/>\n                            <\/div>\n                        <\/a><a data-id=\"1\" data-title=\"\" data-image=\"https:\/\/atecordoba.org\/wp-content\/uploads\/2021\/06\/flyer-jornada-8-6_2.jpeg\" href=\"https:\/\/atecordoba.org\/wp-content\/uploads\/2021\/06\/flyer-jornada-8-6_2.jpeg\" class=\"jeg_preview_item \">\n                            <div class=\"jeg_preview_item_thumbnail\">\n                                <img loading=\"lazy\" decoding=\"async\" width=\"120\" height=\"86\" src=\"https:\/\/atecordoba.org\/wp-content\/uploads\/2021\/06\/flyer-jornada-8-6_2-120x86.jpeg\" class=\"attachment-jnews-120x86 size-jnews-120x86\" alt=\"\" srcset=\"https:\/\/atecordoba.org\/wp-content\/uploads\/2021\/06\/flyer-jornada-8-6_2-120x86.jpeg 120w, https:\/\/atecordoba.org\/wp-content\/uploads\/2021\/06\/flyer-jornada-8-6_2-350x250.jpeg 350w, https:\/\/atecordoba.org\/wp-content\/uploads\/2021\/06\/flyer-jornada-8-6_2-750x536.jpeg 750w\" sizes=\"auto, (max-width: 120px) 100vw, 120px\" \/>\n                            <\/div>\n                        <\/a>\n                    <\/div>\n                        <\/div>\n                        <div class=\"jeg_preview_description\">\n                            \n                            <div class=\"jeg_preview_description_wrapper\">\n                            \n                            <\/div>\n                        <\/div>\n                        <script>\n                            var gallery_1 = {\n                                rtl: false,\n                                native_zoom: false,\n                                zoom_max: 5,\n                                zoom_step: 40,\n                                image_sequence: [{\"src\":\"https:\\\/\\\/atecordoba.org\\\/wp-content\\\/uploads\\\/2021\\\/06\\\/flyer-jornada-8-6_1.jpeg\",\"w\":1080,\"h\":1080,\"title\":\"\"},{\"src\":\"https:\\\/\\\/atecordoba.org\\\/wp-content\\\/uploads\\\/2021\\\/06\\\/flyer-jornada-8-6_2.jpeg\",\"w\":1080,\"h\":1080,\"title\":\"\"}]\n                            };\n                        <\/script>\n                    <\/div>\n<p>A partir de lo resuelto en el plenario general de delegados y delegadas del Estado nacional en C\u00f3rdoba, que se <a href=\"https:\/\/atecordoba.org\/?p=26068\">llev\u00f3 a cabo<\/a> el pasado 1\u00ba de junio, ATE C\u00f3rdoba convoc\u00f3 para ma\u00f1ana a una jornada provincial de protesta de los organismos nacionales, a los fines de reclamar la reapertura de paritarias para alcanzar una verdadera recomposici\u00f3n salarial, habida cuenta que se declar\u00f3 insuficiente la pauta del 35% otorgada por el gobierno nacional.<\/p>\n<p>La medida de fuerza comienza a las 0 horas de ma\u00f1ana y se extiende por 24 horas en los sectores nacionales, entes aut\u00e1rquicos y aut\u00f3nomos, con la modalidad que cada organismo disponga junto a las y los delegados de cada \u00e1rea, contempl\u00e1ndose &#8220;paros sin asistencia a los lugares de trabajo, asambleas, cese de trabajo, corte de actividades en computadora desde el domicilio en todos los sectores&#8221;.<\/p>\n<p>La grilla de reivindicaciones, comunicada oportunamente al Ministerio de Trabajo de la Naci\u00f3n por nuestro secretario General, Federico Giuliani, incluye:<\/p>\n<ul>\n<li>Reaperturas de paritarias y pauta salarial nacionales.<\/li>\n<li>Reincorporaci\u00f3n de los despedidos en la era Macri del Estado Nacional.<\/li>\n<li>Pase a planta permanente de todos los empleados estatales.<\/li>\n<li>En contra de la criminalizaci\u00f3n de la protesta social y gremial.<\/li>\n<li>Vacunaci\u00f3n para trabajadores esenciales y presenciales.<\/li>\n<li>Testeos (PCR RT) Covid 19 peri\u00f3dicos al personal.<\/li>\n<\/ul>\n<p>Cabe se\u00f1alar que el plenario estableci\u00f3 que, con respeto a la discusi\u00f3n salarial en paritarias, \u201cya no podemos s\u00f3lo discutir porcentajes vac\u00edos que se licuan por la inflaci\u00f3n mal proyectada, las eternas cuotas y la inequidad:&nbsp;<strong>debemos poner sobre la mesa el valioso material que produce ATE INDEC, que expone que hoy nuestro piso de dignidad es de $98.700\u2033<\/strong>.<\/p>\n<p style=\"text-align: center;\">NO PODEMOS SEGUIR TOLERANDO SALARIOS DE HAMBRE<br \/>\nPOR M\u00c1S DEMOCRACIA SINDICAL<br \/>\n&#8220;HASTA QUE LA DIGNIDAD SE HAGA COSTUMBRE&#8221;<\/p>\n<a href=\"https:\/\/atecordoba.org\/wp-content\/uploads\/2021\/06\/Jornada-de-Lucha-Junio.pdf\" class=\"pdfemb-viewer\" style=\"\" data-width=\"max\" data-height=\"max\" data-toolbar=\"bottom\" data-toolbar-fixed=\"off\">Jornada de Lucha Junio<\/a>\n","protected":false},"excerpt":{"rendered":"<p>A partir de lo resuelto en el plenario general de delegados y delegadas del Estado nacional en C\u00f3rdoba, que se llev\u00f3 a cabo el pasado 1\u00ba de junio, ATE C\u00f3rdoba convoc\u00f3 para ma\u00f1ana a una jornada provincial de protesta de los organismos nacionales, a los fines de reclamar la reapertura de paritarias para alcanzar una [&hellip;]<\/p>\n","protected":false},"author":7,"featured_media":26317,"comment_status":"open","ping_status":"open","sticky":true,"template":"","format":"standard","meta":{"_exactmetrics_skip_tracking":false,"_exactmetrics_sitenote_active":false,"_exactmetrics_sitenote_note":"","_exactmetrics_sitenote_category":0,"jnews-multi-image_gallery":[],"jnews_single_post":{"subtitle":"Los reclamos incluyen la postergada reincorporaci\u00f3n de los despedidos del macrismo, el pase a planta permanente y la vacunaci\u00f3n para esenciales y presenciales.","format":"standard","video":"","gallery":"","source_name":"","source_url":"","via_name":"","via_url":"","override":[{"template":"1","single_blog_custom":"","parallax":"1","layout":"right-sidebar","sidebar":"default-sidebar","second_sidebar":"default-sidebar","sticky_sidebar":"1","share_position":"top","share_float_style":"share-monocrhome","show_share_counter":"1","show_view_counter":"1","show_featured":"1","show_post_meta":"1","show_post_author":"1","show_post_author_image":"1","show_post_date":"1","post_date_format":"default","post_date_format_custom":"Y\/m\/d","show_post_category":"1","post_reading_time_wpm":"300","zoom_button_out_step":"2","zoom_button_in_step":"3","show_post_tag":"1","show_prev_next_post":"1","show_popup_post":"1","number_popup_post":"1"}],"image_override":[{"single_post_thumbnail_size":"crop-500","single_post_gallery_size":"crop-500"}],"trending_post_position":"meta","trending_post_label":"Trending","sponsored_post_label":"Sponsored by","sponsored_post_name":"","sponsored_post_url":"","sponsored_post_logo":"","sponsored_post_desc":""},"jnews_primary_category":{"id":""},"jnews_social_meta":{"fb_title":"","fb_description":"","fb_image":"","twitter_title":"","twitter_description":"","twitter_image":""},"jnews_review":[],"enable_review":"","type":"percentage","name":"","summary":"","brand":"","sku":"","good":[{"good_text":""}],"bad":[{"bad_text":""}],"score_override":"","override_value":"","rating":[{"rating_text":"","rating_number":"10"}],"price":[{"shop":"","price":"","link":"","icon":""}],"jnews_override_counter":{"view_counter_number":"0","share_counter_number":"0","like_counter_number":"0","dislike_counter_number":"0"},"jnews_post_split":{"post_split":[{"template":"1","tag":"h2","numbering":"asc","mode":"normal","toc_type":""}]},"footnotes":""},"categories":[18],"tags":[836],"class_list":["post-26135","post","type-post","status-publish","format-standard","has-post-thumbnail","hentry","category-nacionales","tag-jornada-de-lucha-8-de-junio"],"jetpack_featured_media_url":"https:\/\/atecordoba.org\/wp-content\/uploads\/2021\/06\/jornada.jpeg","_links":{"self":[{"href":"https:\/\/atecordoba.org\/index.php?rest_route=\/wp\/v2\/posts\/26135","targetHints":{"allow":["GET"]}}],"collection":[{"href":"https:\/\/atecordoba.org\/index.php?rest_route=\/wp\/v2\/posts"}],"about":[{"href":"https:\/\/atecordoba.org\/index.php?rest_route=\/wp\/v2\/types\/post"}],"author":[{"embeddable":true,"href":"https:\/\/atecordoba.org\/index.php?rest_route=\/wp\/v2\/users\/7"}],"replies":[{"embeddable":true,"href":"https:\/\/atecordoba.org\/index.php?rest_route=%2Fwp%2Fv2%2Fcomments&post=26135"}],"version-history":[{"count":3,"href":"https:\/\/atecordoba.org\/index.php?rest_route=\/wp\/v2\/posts\/26135\/revisions"}],"predecessor-version":[{"id":26318,"href":"https:\/\/atecordoba.org\/index.php?rest_route=\/wp\/v2\/posts\/26135\/revisions\/26318"}],"wp:featuredmedia":[{"embeddable":true,"href":"https:\/\/atecordoba.org\/index.php?rest_route=\/wp\/v2\/media\/26317"}],"wp:attachment":[{"href":"https:\/\/atecordoba.org\/index.php?rest_route=%2Fwp%2Fv2%2Fmedia&parent=26135"}],"wp:term":[{"taxonomy":"category","embeddable":true,"href":"https:\/\/atecordoba.org\/index.php?rest_route=%2Fwp%2Fv2%2Fcategories&post=26135"},{"taxonomy":"post_tag","embeddable":true,"href":"https:\/\/atecordoba.org\/index.php?rest_route=%2Fwp%2Fv2%2Ftags&post=26135"}],"curies":[{"name":"wp","href":"https:\/\/api.w.org\/{rel}","templated":true}]}}