{"id":26133,"date":"2021-06-07T15:39:36","date_gmt":"2021-06-07T18:39:36","guid":{"rendered":"https:\/\/atecordoba.org\/?p=26133"},"modified":"2021-06-07T15:39:36","modified_gmt":"2021-06-07T18:39:36","slug":"30-por-ciento-de-aumento-y-revision-en-septiembre-la-pauta-salarial-de-los-municipios-de-ate-seccional-adelia-maria","status":"publish","type":"post","link":"https:\/\/atecordoba.org\/?p=26133","title":{"rendered":"30 por ciento de aumento y revisi\u00f3n en septiembre, la pauta salarial de los municipios de ATE Seccional Adelia Mar\u00eda"},"content":{"rendered":"<p><a href=\"https:\/\/atecordoba.org\/wp-content\/uploads\/2020\/06\/adelia-maria-municipales-e1415820937890.jpg\"><img loading=\"lazy\" decoding=\"async\" class=\"alignleft  wp-image-20125\" src=\"https:\/\/atecordoba.org\/wp-content\/uploads\/2020\/06\/adelia-maria-municipales-e1415820937890-300x225.jpg\" alt=\"\" width=\"483\" height=\"362\" srcset=\"https:\/\/atecordoba.org\/wp-content\/uploads\/2020\/06\/adelia-maria-municipales-e1415820937890-300x225.jpg 300w, https:\/\/atecordoba.org\/wp-content\/uploads\/2020\/06\/adelia-maria-municipales-e1415820937890.jpg 600w\" sizes=\"auto, (max-width: 483px) 100vw, 483px\" \/><\/a><\/p>\n<p>ATE es un gremio federal cuyos afiliados y afiliadas se encuentran en cada rinc\u00f3n de nuestra Patria. As\u00ed, al sur de nuestra Provincia, el sindicato se encuentra organizado en las Seccionales de R\u00edo Cuarto y Adelia Mar\u00eda. A esta \u00faltima e importante <strong>Seccional de ATE Adelia Mar\u00eda<\/strong> es a la que nos referiremos en esta nota: su Comisi\u00f3n Directiva, en conjunto con delegados y delegadas municipales, han logrado cerrar acuerdos paritarios en distintos municipios y comunas, que rondan el 30 por ciento a septiembre y, aguardan, &#8220;seguir el ritmo de la inflaci\u00f3n y alcanzar recomposiciones cercanas al 40 por ciento para 2021&#8221;, expresaron.<\/p>\n<p>Desde la Seccional -que comprende los Departamentos Ju\u00e1rez Celman, Roque S\u00e1enz Pe\u00f1a y General Roca-, informaron que en <strong>Jovita, Ital\u00f3 y Bulnes<\/strong>, la actualizaci\u00f3n salarial acordada fue del 30 % con revisi\u00f3n en septiembre; en <strong>Sampacho <\/strong>35% con revisi\u00f3n en septiembre; en <strong>Adelia Mar\u00eda<\/strong>, 20 por ciento (aproximadamente, ya que fue de un 10% + 9%, acumulativo), con revisi\u00f3n en las pr\u00f3ximas semanas; en <strong>Villa Valeria<\/strong> el 25% con revisi\u00f3n antes de fin de a\u00f1o; y en <strong>Del Campillo<\/strong>, el aumento al que se arrib\u00f3 fue del 15 por ciento con revisi\u00f3n en los pr\u00f3ximos d\u00edas.<\/p>\n<p>&nbsp;<\/p>\n","protected":false},"excerpt":{"rendered":"<p>ATE es un gremio federal cuyos afiliados y afiliadas se encuentran en cada rinc\u00f3n de nuestra Patria. As\u00ed, al sur de nuestra Provincia, el sindicato se encuentra organizado en las Seccionales de R\u00edo Cuarto y Adelia Mar\u00eda. A esta \u00faltima e importante Seccional de ATE Adelia Mar\u00eda es a la que nos referiremos en esta [&hellip;]<\/p>\n","protected":false},"author":6,"featured_media":17853,"comment_status":"open","ping_status":"open","sticky":false,"template":"","format":"standard","meta":{"_exactmetrics_skip_tracking":false,"_exactmetrics_sitenote_active":false,"_exactmetrics_sitenote_note":"","_exactmetrics_sitenote_category":0,"jnews-multi-image_gallery":[],"jnews_single_post":{"source_name":"","source_url":"","via_name":"","via_url":"","override_template":"0","override":[{"template":"1","single_blog_custom":"","parallax":"1","fullscreen":"0","layout":"right-sidebar","sidebar":"default-sidebar","second_sidebar":"default-sidebar","sticky_sidebar":"1","share_position":"top","share_float_style":"share-monocrhome","show_share_counter":"1","show_view_counter":"1","show_featured":"1","show_post_meta":"1","show_post_author":"1","show_post_author_image":"1","show_post_date":"1","post_date_format":"default","post_date_format_custom":"Y\/m\/d","show_post_category":"1","show_post_reading_time":"0","post_reading_time_wpm":"300","show_zoom_button":"0","zoom_button_out_step":"2","zoom_button_in_step":"3","show_post_tag":"1","show_prev_next_post":"1","show_popup_post":"1","number_popup_post":"1","show_author_box":"0","show_post_related":"0","show_inline_post_related":"0"}],"override_image_size":"0","image_override":[{"single_post_thumbnail_size":"crop-500","single_post_gallery_size":"crop-500"}],"trending_post":"0","trending_post_position":"meta","trending_post_label":"Trending","sponsored_post":"0","sponsored_post_label":"Sponsored by","sponsored_post_name":"","sponsored_post_url":"","sponsored_post_logo_enable":"0","sponsored_post_logo":"","sponsored_post_desc":""},"jnews_primary_category":{"id":""},"jnews_social_meta":{"fb_title":"","fb_description":"","fb_image":"","twitter_title":"","twitter_description":"","twitter_image":""},"jnews_review":[],"enable_review":"0","type":"percentage","name":"","summary":"","brand":"","sku":"","good":[{"good_text":""}],"bad":[{"bad_text":""}],"score_override":"","override_value":"","rating":[{"rating_text":"","rating_number":"10"}],"price":[{"shop":"","price":"","link":"","icon":""}],"jnews_override_counter":{"override_view_counter":"0","view_counter_number":"0","override_share_counter":"0","share_counter_number":"0","override_like_counter":"0","like_counter_number":"0","override_dislike_counter":"0","dislike_counter_number":"0"},"jnews_post_split":{"enable_post_split":"0","post_split":[{"template":"1","tag":"h2","numbering":"asc","mode":"normal"}]},"footnotes":""},"categories":[149,20],"tags":[],"class_list":["post-26133","post","type-post","status-publish","format-standard","has-post-thumbnail","hentry","category-adelia-maria","category-municipales"],"jetpack_featured_media_url":"https:\/\/atecordoba.org\/wp-content\/uploads\/2020\/05\/adelia-maria-municipales-e1415820937890.jpg","_links":{"self":[{"href":"https:\/\/atecordoba.org\/index.php?rest_route=\/wp\/v2\/posts\/26133","targetHints":{"allow":["GET"]}}],"collection":[{"href":"https:\/\/atecordoba.org\/index.php?rest_route=\/wp\/v2\/posts"}],"about":[{"href":"https:\/\/atecordoba.org\/index.php?rest_route=\/wp\/v2\/types\/post"}],"author":[{"embeddable":true,"href":"https:\/\/atecordoba.org\/index.php?rest_route=\/wp\/v2\/users\/6"}],"replies":[{"embeddable":true,"href":"https:\/\/atecordoba.org\/index.php?rest_route=%2Fwp%2Fv2%2Fcomments&post=26133"}],"version-history":[{"count":1,"href":"https:\/\/atecordoba.org\/index.php?rest_route=\/wp\/v2\/posts\/26133\/revisions"}],"predecessor-version":[{"id":26134,"href":"https:\/\/atecordoba.org\/index.php?rest_route=\/wp\/v2\/posts\/26133\/revisions\/26134"}],"wp:featuredmedia":[{"embeddable":true,"href":"https:\/\/atecordoba.org\/index.php?rest_route=\/wp\/v2\/media\/17853"}],"wp:attachment":[{"href":"https:\/\/atecordoba.org\/index.php?rest_route=%2Fwp%2Fv2%2Fmedia&parent=26133"}],"wp:term":[{"taxonomy":"category","embeddable":true,"href":"https:\/\/atecordoba.org\/index.php?rest_route=%2Fwp%2Fv2%2Fcategories&post=26133"},{"taxonomy":"post_tag","embeddable":true,"href":"https:\/\/atecordoba.org\/index.php?rest_route=%2Fwp%2Fv2%2Ftags&post=26133"}],"curies":[{"name":"wp","href":"https:\/\/api.w.org\/{rel}","templated":true}]}}