{"id":26116,"date":"2021-06-04T14:32:43","date_gmt":"2021-06-04T17:32:43","guid":{"rendered":"https:\/\/atecordoba.org\/?p=26116"},"modified":"2021-06-04T15:00:06","modified_gmt":"2021-06-04T18:00:06","slug":"niunamenos-ate-cordoba-realizo-un-conversatorio-virtual-que-congrego-a-companeras-de-toda-la-provincia","status":"publish","type":"post","link":"https:\/\/atecordoba.org\/?p=26116","title":{"rendered":"#Niunamenos: ATE C\u00f3rdoba realiz\u00f3 un conversatorio virtual que congreg\u00f3 a compa\u00f1eras de toda la provincia"},"content":{"rendered":"<p><img loading=\"lazy\" decoding=\"async\" class=\" wp-image-26127 aligncenter\" src=\"https:\/\/atecordoba.org\/wp-content\/uploads\/2021\/06\/WhatsApp-Image-2021-06-04-at-07.53.23-1-300x203.jpeg\" alt=\"\" width=\"585\" height=\"396\" srcset=\"https:\/\/atecordoba.org\/wp-content\/uploads\/2021\/06\/WhatsApp-Image-2021-06-04-at-07.53.23-1-300x203.jpeg 300w, https:\/\/atecordoba.org\/wp-content\/uploads\/2021\/06\/WhatsApp-Image-2021-06-04-at-07.53.23-1.jpeg 468w\" sizes=\"auto, (max-width: 585px) 100vw, 585px\" \/>En el marco de de la conmemoraci\u00f3n de la primer marcha convocada bajo la consigna #niunamenos, \u00edcono de la lucha contra los feminicidios y la violencia contra las mujeres y las diversidades, el Departamento de G\u00e9neros y Diversidades del Consejo Directivo Provincial de ATE C\u00f3rdoba organiz\u00f3 <a href=\"https:\/\/www.youtube.com\/watch?app=desktop&amp;v=HZyWMc-0ycs&amp;feature=youtu.be\">un conversatorio<\/a> titulado \u201cLos retos de avanzar hacia \u00e1mbitos laborales y sindicales libres de violencias\u201d.<\/p>\n<p>La actividad cont\u00f3 con la concurrencia de compa\u00f1eras de toda la provincia, desde Rafaela Alcoba, secretaria General de ATE R\u00edo Cuarto, a Majo Pe\u00f1aloza, secretaria de Acci\u00f3n Social de ATE Cruz del Eje, pasando por Ver\u00f3nica Pr\u00e1mparo, secretaria Adjunta ATE Rio Tercero,\u00a0 y Andrea Carrasco, secretaria de Acci\u00f3n Social ATE San Francisco. Moderaron el conversatorio las directoras del Departamento de G\u00e9neros y Diversidades Gabriela Alcoba, Secretaria Pro Administrativa, y Elisa Mar\u00eda Sotti, Secretaria de Actas CDP. En la oportunidad estuvo presente el secretario General de ATE C\u00f3rdoba, Federico Giuliani.<\/p>\n<p>Desde al convocatoria, Sotti introdujo la actividad relatando las pol\u00edticas implementadas desde el CDP para lograr &#8220;poner freno a la violencia en los espacios sindicales&#8221;.<\/p>\n<p>&#8220;EnATE C\u00f3rdoba -explic\u00f3 la referente- emprendimos un camino que tiene un plan de acci\u00f3n, a partir de la creaci\u00f3n del Departamento para el tema de g\u00e9nero y diversidades, con ejes como la formaci\u00f3n porque nadie nace con una perspectiva de g\u00e9nero. Adem\u00e1s realizamos un borrador de un protocolo de actuaci\u00f3n frente a hechos de violencia y acoso que se den en el marco sindical, que est\u00e1 a la espera de aprobarse en el pr\u00f3ximo Congreso Provincial. Tambi\u00e9n desarrollamos el eje territorial, que tiene que ver con articular con sectores de trabajo y profesionales para acompa\u00f1ar el armado estructuras de g\u00e9nero y diversidades en las seccionales, como primer \u00e1mbito para construir. Sabemos que a nivel nacional hay un proyecto de reforma del estatuto para crear entre otros \u00f3rganos la Secretar\u00eda de G\u00e9nero. De esta forma, vamos a tener la base para darle contenido a las \u00e1reas creadas&#8221;.<\/p>\n<p>Sotti dijo que &#8220;estos ejes son grandes avances en estos casi dos a\u00f1o de gesti\u00f3n \u00a0con un horizonte de igualdad de g\u00e9nero a d\u00f3nde caminar&#8221;.<\/p>\n<p>Desde R\u00edo Cuarto, al momento de tomar la palabra, Rafaela Alcoba comenz\u00f3 se\u00f1alando que &#8220;respecto a lo que nos pasa a nivel social desde que se desat\u00f3 la pandemia,\u00a0 en nuestra ciudad se observ\u00f3 primero la violencia institucional. \u00a0A la hora de que las mujeres ten\u00edan que permanecer aisladas, ya partimos de una cuesti\u00f3n conceptual porque alejarse de ciertas personas. Pero aisladas junto a violentos, con comisar\u00edas que no quer\u00edan tomar denuncias por violencia, con tribunales cerrados, con espacios de atenci\u00f3n primaria hacia mujeres y ni\u00f1os y ni\u00f1as con guardias m\u00ednimas,. Todo esto generaban que a medida que pasaba el tiempo esa violencia se ve\u00eda profundizada&#8221;.<\/p>\n<p>En ese sentido, Alcoba afirm\u00f3 que &#8220;Rio cuarto tiene la caracter\u00edstica de que el machismo sobrevuela todos los espacios. En medio de la pandemia pasamos por la elecci\u00f3n del intendente y en ese marco uno de los candidatos, un violento con una causa penal, con una denuncia establecida y comprobada por haber maltratado f\u00edsicamente a su ex pareja, embarazada de tres meses, sac\u00f3 12 % y meti\u00f3 dos concejal\u00edas, lo que muestra claramente\u00a0 la idiosincrasia de una ciudad tan machista, tan cerrada que estructuralmente. Lo vemos a la hora de discutir con otros espacios o instituciones ya que como parte del Consejo Econ\u00f3mico y Social, junto a otras instituciones de la ciudad, vemos una falta de perspectiva de g\u00e9nero en todos los espacios&#8221;.<\/p>\n<p><img loading=\"lazy\" decoding=\"async\" class=\" wp-image-26126 aligncenter\" src=\"https:\/\/atecordoba.org\/wp-content\/uploads\/2021\/06\/WhatsApp-Image-2021-06-04-at-07.53.23-300x204.jpeg\" alt=\"\" width=\"532\" height=\"362\" srcset=\"https:\/\/atecordoba.org\/wp-content\/uploads\/2021\/06\/WhatsApp-Image-2021-06-04-at-07.53.23-300x204.jpeg 300w, https:\/\/atecordoba.org\/wp-content\/uploads\/2021\/06\/WhatsApp-Image-2021-06-04-at-07.53.23.jpeg 470w\" sizes=\"auto, (max-width: 532px) 100vw, 532px\" \/><\/p>\n<p>La dirigente remarc\u00f3 que, en ese marco, &#8220;nuestra gran tarea debe ser permanecer en la defensa de estos espacios, a nivel personal veo que muchas instituciones generan los espacios de g\u00e9nero pero no le dan contenido. ATE es claramente la muestra de contenido, que le damos acci\u00f3n y estamos permanentemente en contacto con las y los afiliados para darle atenci\u00f3n a la problem\u00e1tica y creo que el desaf\u00edo es defender esos espacios que nos permiten actuar de manera directa, para sostenernos y seguir tejiendo estas redes que necesitamos. El feminismo ha demostrado que es la gran revoluci\u00f3n contempor\u00e1nea, somos parte de un movimiento tan grande y extenso que nos permite ocupar\u00a0 cargos dirigenciales que responden a un respaldo que tenemos para seguir avanzando y creciendo&#8221;.<\/p>\n<p>Por su parte,\u00a0Andrea Carrasco de ATE San Francisco, comenz\u00f3 diciendo que &#8220;es muy importante construir estos espacios con compa\u00f1eras y compa\u00f1eros de diferentes edades, espacios culturales e ideas. ATE se est\u00e1 refundando en San Francisco as\u00ed que son muchas cosas nuevas, en marzo inauguramos el banco rojo y fuimos el primer gremio en la ciudad que hizo algo as\u00ed. Hay un grupo de mujeres sindicalistas comprometidas con la problem\u00e1tica&#8221;.<\/p>\n<p>Para Carrasco ATE tiene que ser &#8220;la voz que difunda las problem\u00e1ticas para que el resto conozca poder educar y reflexionar sobre la dif\u00edcil situaci\u00f3n que atravesamos. En San Francisco no sufrimos feminicidios pero si muchas situaciones de violencia. Con la asociaci\u00f3n civil que funde hace 10 a\u00f1os trabajamos en ATE sobre esas violencias y tenemos una base\u00a0 de trabajo con asesoramiento y acompa\u00f1amiento legal.\u00a0 Hay muchas pol\u00edticas p\u00fablicas y proyectos muy lindos pero el Estado contin\u00faa ausente, porque sabemos que hay un mont\u00f3n de situaciones que necesitamos para que esa mujer (que sufre violencia) tenga el coraje de salir de ese\u00a0 hogar, de ese maltratador. Hace falta el recurso econ\u00f3mico para poder empezar una nueva vida libre de violencia. Desde lo gremial seguimos trabajando y visibilizando&#8221;.<\/p>\n<p>A su vez,\u00a0Majo Pe\u00f1aloza, desde Cruz del Eje, aport\u00f3 que &#8220;en nuestra zona sufrimos la violencia institucional, las compa\u00f1eras naturalizan el maltrato y nosotros tenemos la obligaci\u00f3n como gremio de no permitir que los intendentes o jefes de distintas reparticiones aprovechen esa situaci\u00f3n y causan este flagelo con el personal&#8221;.<\/p>\n<p>Por eso la dirigente celebr\u00f3 la instancia y sostuvo que &#8220;debemos garantizar a las v\u00edctimas el acceso a la justicia, brindando capacitaci\u00f3n y formaci\u00f3n. En mi sector\u00a0 es una cuesti\u00f3n permanente el maltrato de parte de los militares para con el Personal Civil pero poco a poco lo vamos erradicando.\u00a0 \u00a0Tenemos\u00a0 que continuar este camino pro el derecho de las mujeres de las diversidades, frenando la violencia para construir una sociedad m\u00e1s justa&#8221;.<\/p>\n<p>En esa l\u00ednea,\u00a0Ver\u00f3nica Pr\u00e1mparo, de Rio Tercero, apunt\u00f3 que &#8220;el reto est\u00e1 centrado en poder repensar las estructuras, en cuestionarlas, a empezar otro tipo de v\u00ednculos al interior de las organizaciones, para que salga afuera. Pero tambi\u00e9n el gran desaf\u00edo es poder estar acompa\u00f1ando al otre al que est\u00e1 atravesando una situaci\u00f3n de violencia y no est\u00e1 pudiendo manifestarlo ni logrando una respuesta\u00a0 o una soluci\u00f3n a su problema.\u00a0 Las herramientas son limitadas, como gremio m\u00e1s a\u00fan. En ese sentido, tenemos que hacer foco en el \u00e1mbito laboral porque para el \u00e1mbito familiar hay otras instituciones con capacidad de intervenci\u00f3n&#8221;.<\/p>\n<p>En otro tramo Pr\u00e1mparo agreg\u00f3 que &#8220;los Estados son los \u00faltimos en reconocerse como violentos, porque la violencia institucional est\u00e1 en todos los \u00e1mbitos. La saturaci\u00f3n que produjo la pandemia afect\u00f3\u00a0 esa posibilidad de recibir un buen trato, de escuchar al otro. Sabemos que el rol del sindicato en este sentido es fundamental&#8221;.<\/p>\n<p>Se trat\u00f3 de una actividad que con mucha interacci\u00f3n entre todas las participantes, que las y los afiliados pueden ver en su totalidad en el siguiente video.<\/p>\n<div class=\"epyt-video-wrapper\"><iframe loading=\"lazy\"  style=\"display: block; margin: 0px auto;\"  id=\"_ytid_47280\"  width=\"480\" height=\"270\"  data-origwidth=\"480\" data-origheight=\"270\" src=\"https:\/\/www.youtube.com\/embed\/HZyWMc-0ycs?enablejsapi=1&#038;autoplay=0&#038;cc_load_policy=0&#038;cc_lang_pref=&#038;iv_load_policy=3&#038;loop=0&#038;rel=0&#038;fs=1&#038;playsinline=0&#038;autohide=2&#038;theme=dark&#038;color=red&#038;controls=1&#038;disablekb=0&#038;\" class=\"__youtube_prefs__  epyt-is-override  no-lazyload\" title=\"YouTube player\"  allow=\"fullscreen; accelerometer; autoplay; clipboard-write; encrypted-media; gyroscope; picture-in-picture; web-share\" referrerpolicy=\"strict-origin-when-cross-origin\" allowfullscreen data-no-lazy=\"1\" data-skipgform_ajax_framebjll=\"\"><\/iframe><\/div>\n<p>&nbsp;<\/p>\n","protected":false},"excerpt":{"rendered":"<p>En el marco de de la conmemoraci\u00f3n de la primer marcha convocada bajo la consigna #niunamenos, \u00edcono de la lucha contra los feminicidios y la violencia contra las mujeres y las diversidades, el Departamento de G\u00e9neros y Diversidades del Consejo Directivo Provincial de ATE C\u00f3rdoba organiz\u00f3 un conversatorio titulado \u201cLos retos de avanzar hacia \u00e1mbitos [&hellip;]<\/p>\n","protected":false},"author":7,"featured_media":26127,"comment_status":"open","ping_status":"open","sticky":true,"template":"","format":"standard","meta":{"_exactmetrics_skip_tracking":false,"_exactmetrics_sitenote_active":false,"_exactmetrics_sitenote_note":"","_exactmetrics_sitenote_category":0,"jnews-multi-image_gallery":[],"jnews_single_post":{"source_name":"","source_url":"","via_name":"","via_url":"","override_template":"0","override":[{"template":"1","single_blog_custom":"","parallax":"1","fullscreen":"0","layout":"right-sidebar","sidebar":"default-sidebar","second_sidebar":"default-sidebar","sticky_sidebar":"1","share_position":"top","share_float_style":"share-monocrhome","show_share_counter":"1","show_view_counter":"1","show_featured":"1","show_post_meta":"1","show_post_author":"1","show_post_author_image":"1","show_post_date":"1","post_date_format":"default","post_date_format_custom":"Y\/m\/d","show_post_category":"1","show_post_reading_time":"0","post_reading_time_wpm":"300","show_zoom_button":"0","zoom_button_out_step":"2","zoom_button_in_step":"3","show_post_tag":"1","show_prev_next_post":"1","show_popup_post":"1","number_popup_post":"1","show_author_box":"0","show_post_related":"0","show_inline_post_related":"0"}],"override_image_size":"0","image_override":[{"single_post_thumbnail_size":"crop-500","single_post_gallery_size":"crop-500"}],"trending_post":"0","trending_post_position":"meta","trending_post_label":"Trending","sponsored_post":"0","sponsored_post_label":"Sponsored by","sponsored_post_name":"","sponsored_post_url":"","sponsored_post_logo_enable":"0","sponsored_post_logo":"","sponsored_post_desc":""},"jnews_primary_category":{"id":""},"jnews_social_meta":{"fb_title":"","fb_description":"","fb_image":"","twitter_title":"","twitter_description":"","twitter_image":""},"jnews_review":[],"enable_review":"0","type":"percentage","name":"","summary":"","brand":"","sku":"","good":[{"good_text":""}],"bad":[{"bad_text":""}],"score_override":"","override_value":"","rating":[{"rating_text":"","rating_number":"10"}],"price":[{"shop":"","price":"","link":"","icon":""}],"jnews_override_counter":{"override_view_counter":"0","view_counter_number":"0","override_share_counter":"0","share_counter_number":"0","override_like_counter":"0","like_counter_number":"0","override_dislike_counter":"0","dislike_counter_number":"0"},"jnews_post_split":{"enable_post_split":"0","post_split":[{"template":"1","tag":"h2","numbering":"asc","mode":"normal"}]},"footnotes":""},"categories":[325],"tags":[834],"class_list":["post-26116","post","type-post","status-publish","format-standard","has-post-thumbnail","hentry","category-generos-y-diversidades","tag-niunamenos"],"jetpack_featured_media_url":"https:\/\/atecordoba.org\/wp-content\/uploads\/2021\/06\/WhatsApp-Image-2021-06-04-at-07.53.23-1.jpeg","_links":{"self":[{"href":"https:\/\/atecordoba.org\/index.php?rest_route=\/wp\/v2\/posts\/26116","targetHints":{"allow":["GET"]}}],"collection":[{"href":"https:\/\/atecordoba.org\/index.php?rest_route=\/wp\/v2\/posts"}],"about":[{"href":"https:\/\/atecordoba.org\/index.php?rest_route=\/wp\/v2\/types\/post"}],"author":[{"embeddable":true,"href":"https:\/\/atecordoba.org\/index.php?rest_route=\/wp\/v2\/users\/7"}],"replies":[{"embeddable":true,"href":"https:\/\/atecordoba.org\/index.php?rest_route=%2Fwp%2Fv2%2Fcomments&post=26116"}],"version-history":[{"count":3,"href":"https:\/\/atecordoba.org\/index.php?rest_route=\/wp\/v2\/posts\/26116\/revisions"}],"predecessor-version":[{"id":26129,"href":"https:\/\/atecordoba.org\/index.php?rest_route=\/wp\/v2\/posts\/26116\/revisions\/26129"}],"wp:featuredmedia":[{"embeddable":true,"href":"https:\/\/atecordoba.org\/index.php?rest_route=\/wp\/v2\/media\/26127"}],"wp:attachment":[{"href":"https:\/\/atecordoba.org\/index.php?rest_route=%2Fwp%2Fv2%2Fmedia&parent=26116"}],"wp:term":[{"taxonomy":"category","embeddable":true,"href":"https:\/\/atecordoba.org\/index.php?rest_route=%2Fwp%2Fv2%2Fcategories&post=26116"},{"taxonomy":"post_tag","embeddable":true,"href":"https:\/\/atecordoba.org\/index.php?rest_route=%2Fwp%2Fv2%2Ftags&post=26116"}],"curies":[{"name":"wp","href":"https:\/\/api.w.org\/{rel}","templated":true}]}}