{"id":26109,"date":"2021-06-04T09:20:45","date_gmt":"2021-06-04T12:20:45","guid":{"rendered":"https:\/\/atecordoba.org\/?p=26109"},"modified":"2021-06-04T09:20:45","modified_gmt":"2021-06-04T12:20:45","slug":"universidad-provincial-asamblea-reclamo-la-integracion-de-ate-a-la-comision-paritaria-permanente","status":"publish","type":"post","link":"https:\/\/atecordoba.org\/?p=26109","title":{"rendered":"Universidad Provincial: asamblea reclam\u00f3 la integraci\u00f3n de ATE a la comisi\u00f3n paritaria permanente"},"content":{"rendered":"<p><img loading=\"lazy\" decoding=\"async\" class=\" wp-image-26110 aligncenter\" src=\"https:\/\/atecordoba.org\/wp-content\/uploads\/2021\/06\/flyer-asambleaUPC-3-6-300x195.jpeg\" alt=\"\" width=\"575\" height=\"374\" srcset=\"https:\/\/atecordoba.org\/wp-content\/uploads\/2021\/06\/flyer-asambleaUPC-3-6-300x195.jpeg 300w, https:\/\/atecordoba.org\/wp-content\/uploads\/2021\/06\/flyer-asambleaUPC-3-6-768x500.jpeg 768w, https:\/\/atecordoba.org\/wp-content\/uploads\/2021\/06\/flyer-asambleaUPC-3-6-750x489.jpeg 750w, https:\/\/atecordoba.org\/wp-content\/uploads\/2021\/06\/flyer-asambleaUPC-3-6.jpeg 1001w\" sizes=\"auto, (max-width: 575px) 100vw, 575px\" \/>El mi\u00e9rcoles pasado se llev\u00f3 a cabo una asamblea virtual de las y los trabajadores de la Universidad Provincial de C\u00f3rdoba (UPC) con importante participaci\u00f3n de distintos sectores de la casa de estudios.<\/p>\n<p>En la oportunidad se abord\u00f3 la necesidad de formar parte de la comisi\u00f3n paritaria permanente de la UPC, donde necesariamente tiene que estar ATE por la representatividad lograda en el sector. &#8220;Si es necesario, habr\u00e1 que ir por una v\u00eda judicial. Adem\u00e1s, con el impulso que significa el fallo para la reinstalaci\u00f3n de Villa Carlos Paz, se va a seguir trabajando en el plano judicial por mi despido discriminatorio&#8221;, explic\u00f3 Juan Valfr\u00e9, delegado normalizador de ATE en la UPC.<\/p>\n<p>En la asamblea se propuso el relanzamiento de una campa\u00f1a de afiliaci\u00f3n para darle a su vez\u00a0 mas fuerza al planteo de participar de la comisi\u00f3n paritaria.<\/p>\n<p>Respecto al proceso de regularizaci\u00f3n a trav\u00e9s de las evaluaciones acad\u00e9micas &#8220;desde ATE vamos a pedir\u00a0 participar de ese proceso a trav\u00e9s de la figura\u00a0 de los veedores gremiales, que tiene como fin garantizar la transparencia y una justa evaluaci\u00f3n de las y los compa\u00f1eros que est\u00e9n\u00a0 transitando por esa instancia. Avanzar en la v\u00eda administrativa y no descartar la judicial \u00a0si se niegan a dar la participaci\u00f3n como sucede ahora&#8221;, anunci\u00f3 Valfr\u00e9.<\/p>\n<p>Adem\u00e1s se consider\u00f3 importante participar activamente en las discusiones que se est\u00e1n dando en el seno de las carreras respecto a c\u00f3mo se van a definir las \u00e1reas de conocimiento, la posibilidad de concursos\u00a0 por equipos docentes con una mirada\u00a0 acad\u00e9mica, tendiente a articular los contenidos y mejorar la calidad educativa, incorporando una dimensi\u00f3n acad\u00e9mica real al proceso y no solo la especulaci\u00f3n pol\u00edtica que lleva\u00a0 adelante el rectorado de la universidad.<\/p>\n<p>Finalmente qued\u00f3 asentada la convocatoria a una nueva reuni\u00f3n para el 16 de junio para conformar algunas comisiones de trabajo &#8220;a los fines de insistir en la ciudadan\u00eda universitaria para todos y todas, que incluya a quienes regularicen su situaci\u00f3n y quienes no lo puedan hacer, para que todos accedan a la ciudadan\u00eda universitaria y para tener acceso de todos a la regularizaci\u00f3n. Esto debe aplicarse tanto a los docentes con titulaci\u00f3n universitaria como los que no la tienen. As\u00ed van a acceder a ese proceso y regularizar su situaci\u00f3n laboral para poner fin as\u00ed a las contrataciones precarias&#8221;, dijo Valfr\u00e9.<\/p>\n<p>Tambi\u00e9n se evalu\u00f3 hacer una revista del espacio que sirva como una de las herramientas para plantear las discusiones que queremos dar, junto a las dem\u00e1s acciones gremiales y pol\u00edticas.<\/p>\n","protected":false},"excerpt":{"rendered":"<p>El mi\u00e9rcoles pasado se llev\u00f3 a cabo una asamblea virtual de las y los trabajadores de la Universidad Provincial de C\u00f3rdoba (UPC) con importante participaci\u00f3n de distintos sectores de la casa de estudios. En la oportunidad se abord\u00f3 la necesidad de formar parte de la comisi\u00f3n paritaria permanente de la UPC, donde necesariamente tiene que [&hellip;]<\/p>\n","protected":false},"author":7,"featured_media":26110,"comment_status":"open","ping_status":"open","sticky":true,"template":"","format":"standard","meta":{"_exactmetrics_skip_tracking":false,"_exactmetrics_sitenote_active":false,"_exactmetrics_sitenote_note":"","_exactmetrics_sitenote_category":0,"jnews-multi-image_gallery":[],"jnews_single_post":{"source_name":"","source_url":"","via_name":"","via_url":"","override_template":"0","override":[{"template":"1","single_blog_custom":"","parallax":"1","fullscreen":"0","layout":"right-sidebar","sidebar":"default-sidebar","second_sidebar":"default-sidebar","sticky_sidebar":"1","share_position":"top","share_float_style":"share-monocrhome","show_share_counter":"1","show_view_counter":"1","show_featured":"1","show_post_meta":"1","show_post_author":"1","show_post_author_image":"1","show_post_date":"1","post_date_format":"default","post_date_format_custom":"Y\/m\/d","show_post_category":"1","show_post_reading_time":"0","post_reading_time_wpm":"300","show_zoom_button":"0","zoom_button_out_step":"2","zoom_button_in_step":"3","show_post_tag":"1","show_prev_next_post":"1","show_popup_post":"1","number_popup_post":"1","show_author_box":"0","show_post_related":"0","show_inline_post_related":"0"}],"override_image_size":"0","image_override":[{"single_post_thumbnail_size":"crop-500","single_post_gallery_size":"crop-500"}],"trending_post":"0","trending_post_position":"meta","trending_post_label":"Trending","sponsored_post":"0","sponsored_post_label":"Sponsored by","sponsored_post_name":"","sponsored_post_url":"","sponsored_post_logo_enable":"0","sponsored_post_logo":"","sponsored_post_desc":""},"jnews_primary_category":{"id":""},"jnews_social_meta":{"fb_title":"","fb_description":"","fb_image":"","twitter_title":"","twitter_description":"","twitter_image":""},"jnews_review":[],"enable_review":"0","type":"percentage","name":"","summary":"","brand":"","sku":"","good":[{"good_text":""}],"bad":[{"bad_text":""}],"score_override":"","override_value":"","rating":[{"rating_text":"","rating_number":"10"}],"price":[{"shop":"","price":"","link":"","icon":""}],"jnews_override_counter":{"override_view_counter":"0","view_counter_number":"0","override_share_counter":"0","share_counter_number":"0","override_like_counter":"0","like_counter_number":"0","override_dislike_counter":"0","dislike_counter_number":"0"},"jnews_post_split":{"enable_post_split":"0","post_split":[{"template":"1","tag":"h2","numbering":"asc","mode":"normal"}]},"footnotes":""},"categories":[8],"tags":[729],"class_list":["post-26109","post","type-post","status-publish","format-standard","has-post-thumbnail","hentry","category-provinciales","tag-universidad-provincial-de-cordoba"],"jetpack_featured_media_url":"https:\/\/atecordoba.org\/wp-content\/uploads\/2021\/06\/flyer-asambleaUPC-3-6.jpeg","_links":{"self":[{"href":"https:\/\/atecordoba.org\/index.php?rest_route=\/wp\/v2\/posts\/26109","targetHints":{"allow":["GET"]}}],"collection":[{"href":"https:\/\/atecordoba.org\/index.php?rest_route=\/wp\/v2\/posts"}],"about":[{"href":"https:\/\/atecordoba.org\/index.php?rest_route=\/wp\/v2\/types\/post"}],"author":[{"embeddable":true,"href":"https:\/\/atecordoba.org\/index.php?rest_route=\/wp\/v2\/users\/7"}],"replies":[{"embeddable":true,"href":"https:\/\/atecordoba.org\/index.php?rest_route=%2Fwp%2Fv2%2Fcomments&post=26109"}],"version-history":[{"count":1,"href":"https:\/\/atecordoba.org\/index.php?rest_route=\/wp\/v2\/posts\/26109\/revisions"}],"predecessor-version":[{"id":26111,"href":"https:\/\/atecordoba.org\/index.php?rest_route=\/wp\/v2\/posts\/26109\/revisions\/26111"}],"wp:featuredmedia":[{"embeddable":true,"href":"https:\/\/atecordoba.org\/index.php?rest_route=\/wp\/v2\/media\/26110"}],"wp:attachment":[{"href":"https:\/\/atecordoba.org\/index.php?rest_route=%2Fwp%2Fv2%2Fmedia&parent=26109"}],"wp:term":[{"taxonomy":"category","embeddable":true,"href":"https:\/\/atecordoba.org\/index.php?rest_route=%2Fwp%2Fv2%2Fcategories&post=26109"},{"taxonomy":"post_tag","embeddable":true,"href":"https:\/\/atecordoba.org\/index.php?rest_route=%2Fwp%2Fv2%2Ftags&post=26109"}],"curies":[{"name":"wp","href":"https:\/\/api.w.org\/{rel}","templated":true}]}}