{"id":26091,"date":"2021-06-02T14:16:07","date_gmt":"2021-06-02T17:16:07","guid":{"rendered":"https:\/\/atecordoba.org\/?p=26091"},"modified":"2021-06-02T14:16:07","modified_gmt":"2021-06-02T17:16:07","slug":"generos-y-diversidades-conversatorio-virtual-sobre-violencia-en-el-ambito-laboral-y-sindical","status":"publish","type":"post","link":"https:\/\/atecordoba.org\/?p=26091","title":{"rendered":"G\u00e9neros y Diversidades: conversatorio virtual sobre violencia en el \u00e1mbito laboral y sindical"},"content":{"rendered":"<p><img loading=\"lazy\" decoding=\"async\" class=\" wp-image-26092 alignleft\" src=\"https:\/\/atecordoba.org\/wp-content\/uploads\/2021\/06\/flyer-niunamenos-zoom-3dejunio-300x300.jpeg\" alt=\"\" width=\"484\" height=\"484\" srcset=\"https:\/\/atecordoba.org\/wp-content\/uploads\/2021\/06\/flyer-niunamenos-zoom-3dejunio-300x300.jpeg 300w, https:\/\/atecordoba.org\/wp-content\/uploads\/2021\/06\/flyer-niunamenos-zoom-3dejunio-1024x1024.jpeg 1024w, https:\/\/atecordoba.org\/wp-content\/uploads\/2021\/06\/flyer-niunamenos-zoom-3dejunio-150x150.jpeg 150w, https:\/\/atecordoba.org\/wp-content\/uploads\/2021\/06\/flyer-niunamenos-zoom-3dejunio-768x769.jpeg 768w, https:\/\/atecordoba.org\/wp-content\/uploads\/2021\/06\/flyer-niunamenos-zoom-3dejunio-560x560.jpeg 560w, https:\/\/atecordoba.org\/wp-content\/uploads\/2021\/06\/flyer-niunamenos-zoom-3dejunio-75x75.jpeg 75w, https:\/\/atecordoba.org\/wp-content\/uploads\/2021\/06\/flyer-niunamenos-zoom-3dejunio-750x751.jpeg 750w, https:\/\/atecordoba.org\/wp-content\/uploads\/2021\/06\/flyer-niunamenos-zoom-3dejunio.jpeg 1080w\" sizes=\"auto, (max-width: 484px) 100vw, 484px\" \/>Ma\u00f1ana 3 de junio, aniversario de la primera movilizaci\u00f3n #Niunamenos el Departamento de G\u00e9neros y Diversidades del Consejo Directivo Provincial (CDP)llevar\u00e1 a cabo un conversatorio virtual para abordar &#8220;los retos de avanzar hacia \u00e1mbitos laborales y sindicales libres de violencias\u201d, como lo anuncia el t\u00edtulo de la convocatoria.<\/p>\n<p>La actividad se llevar\u00e1 a cabo alas 16 horas y es abierta al p\u00fablico en general. En la oportunidad, exponen Rafaela Alcoba -Secretaria General ATE Rio Cuarto-,\u00a0 Ver\u00f3nica Pr\u00e1mparo -Secretaria General Adjunta ATE Rio Tercero-,\u00a0 Andrea Carrasco -Secretaria de Acci\u00f3n Social ATE San Francisco-\u00a0 y Mar\u00eda Jos\u00e9 Pe\u00f1aloza -Secretaria de Acci\u00f3n Social ATE Cruz del Eje-. Moderan las directoras del Departamento de G\u00e9neros y Diversidades Gabriela Alcoba, Secretaria Pro Administrativa, y Elisa Mar\u00eda Sotti, Secretaria de Actas CDP.<\/p>\n<p>Los interesados para participar del encuentro deben ingresar <a href=\"https:\/\/us02web.zoom.us\/j\/84334527902?pwd=aFVDTys0blZsM1pNc0p2QWlKSWx4Zz09\">aqu\u00ed<\/a>. ID de reuni\u00f3n: 843 3452 7902 y C\u00f3digo de acceso: 890657.<\/p>\n<p>Para contar el tono de la actividad, Mar\u00eda Sotti brindo detalles del conversatorio al programa radial &#8216;Entre todos y todas&#8217; que la Secretaria de Prensa del CDP realiza todos los martes en FM Gen 107.5<\/p>\n<p>All\u00ed Sotti dijo que &#8220;desde el Departamento de G\u00e9neros y Diversidades de ATE C\u00f3rdoba estamos organizando una jornada para conmemorar seis a\u00f1os de aquel grito de #niunamenos que lanzamos todas en la calle, para decir basta a los feminicidios en la provincia y el pa\u00eds&#8221;.<\/p>\n<p>&#8220;En C\u00f3rdoba el detonante fue el feminicidio de Paola Acosta que tanto conmovi\u00f3 a todas y todes. En ese sentido, hay que remarcar las cifras alarmantes de la violencia contra las mujeres. Hoy en Argentina hay una muerte por feminicidio cada 35 horas, seg\u00fan el observatorio de Mumala&#8221;, afirm\u00f3 la dirigente.<\/p>\n<p><strong>\u00bfCu\u00e1l es el esp\u00edritu que ATE asigna a la actividad?<\/strong><\/p>\n<p>Como sindicato no miramos para otro lado sino que nos involucramos, creemos que en el \u00e1mbito laboral todav\u00eda hay mucho por trabajar, en el \u00e1mbito sindical tambi\u00e9n.\u00a0En febrero tuvimos un feminicidio en el Estado nacional, como fue Ivana Modica en el sector de Civiles, por eso\u00a0 tenemos que concientizar sobre la violencia de g\u00e9nero.<\/p>\n<p>La idea es congregar a referentes de g\u00e9nero de diferentes puntos de la provincia, san francisco, R\u00edo Cuarto, R\u00edo Tercero, Cruz del Eje. Son compa\u00f1eras que vienen militando desde el primer d\u00eda desde una perspectiva feminista dentro del sindicato por lo cual creemos que hay que darle voz a esas compa\u00f1eras que militan para llevar a la realidad espacios libres de violencia en el \u00e1mbito de trabajo. La actividad est\u00e1 coordinada con Gabriela Alcoba, que tambi\u00e9n conduce este departamento.<\/p>\n<p><strong>\u00bfC\u00f3mo avanza la planificaci\u00f3n dentro de ATE a nivel nacional del protocolo contra situaciones de acoso y violencia? <\/strong><\/p>\n<p>Se est\u00e1 avanzando con un primer borrador que recoge voces de todo el pa\u00eds, estamos participando distintos CDP, dando nuestro aporte, mientras tenemos dispuesto un borrador provincial que espera ser aprobado en el pr\u00f3ximo Congreso Provincial.<\/p>\n<p>A nivel\u00a0 nacional hay un \u00e1mbito mucho m\u00e1s integral, un paraguas con mayor cobertura y en ese sentido se est\u00e1 logrando un avance. Para junio esperamos que ese borrador nacional est\u00e9 concluido.<\/p>\n<p><strong>\u00bfCu\u00e1l es el consenso alrededor que el cupo trans se aplique en los pases a planta permanente que se van a producir en el futuro?<\/strong><\/p>\n<p>Logramos un consenso interno en ATE para avanzar en una campa\u00f1a de cumplimiento del cupo laboral trans que estableci\u00f3 un decreto presidencial el a\u00f1o pasado. Para involucrar a las y los delegados, hacer recorridos en distintos puntos de la provincia, metiendo notas en las mesas de entrada de los distintos organismos son importantes \u00a0para el cumplimiento del cupo.<\/p>\n<p>En el Ministerio de Trabajo tuvimos la primera incorporaci\u00f3n en el mes de abril. El estado nacional tiene una deuda, ya que es una referencia de rumbo, para avanzar con la incorporaci\u00f3n de trans y travestis.<\/p>\n<p>Por la discriminaci\u00f3n y\u00a0 por a\u00f1os de desidia esta poblaci\u00f3n, que tiene una esperanza de vida de 40 a\u00f1os, es v\u00edctima de la discriminaci\u00f3n e incluso de transfeminicidios, como el caso de Teruel.<\/p>\n","protected":false},"excerpt":{"rendered":"<p>Ma\u00f1ana 3 de junio, aniversario de la primera movilizaci\u00f3n #Niunamenos el Departamento de G\u00e9neros y Diversidades del Consejo Directivo Provincial (CDP)llevar\u00e1 a cabo un conversatorio virtual para abordar &#8220;los retos de avanzar hacia \u00e1mbitos laborales y sindicales libres de violencias\u201d, como lo anuncia el t\u00edtulo de la convocatoria. La actividad se llevar\u00e1 a cabo alas [&hellip;]<\/p>\n","protected":false},"author":7,"featured_media":26092,"comment_status":"open","ping_status":"open","sticky":true,"template":"","format":"standard","meta":{"_exactmetrics_skip_tracking":false,"_exactmetrics_sitenote_active":false,"_exactmetrics_sitenote_note":"","_exactmetrics_sitenote_category":0,"jnews-multi-image_gallery":[],"jnews_single_post":{"source_name":"","source_url":"","via_name":"","via_url":"","override_template":"0","override":[{"template":"1","single_blog_custom":"","parallax":"1","fullscreen":"0","layout":"right-sidebar","sidebar":"default-sidebar","second_sidebar":"default-sidebar","sticky_sidebar":"1","share_position":"top","share_float_style":"share-monocrhome","show_share_counter":"1","show_view_counter":"1","show_featured":"1","show_post_meta":"1","show_post_author":"1","show_post_author_image":"1","show_post_date":"1","post_date_format":"default","post_date_format_custom":"Y\/m\/d","show_post_category":"1","show_post_reading_time":"0","post_reading_time_wpm":"300","show_zoom_button":"0","zoom_button_out_step":"2","zoom_button_in_step":"3","show_post_tag":"1","show_prev_next_post":"1","show_popup_post":"1","number_popup_post":"1","show_author_box":"0","show_post_related":"0","show_inline_post_related":"0"}],"override_image_size":"0","image_override":[{"single_post_thumbnail_size":"crop-500","single_post_gallery_size":"crop-500"}],"trending_post":"0","trending_post_position":"meta","trending_post_label":"Trending","sponsored_post":"0","sponsored_post_label":"Sponsored by","sponsored_post_name":"","sponsored_post_url":"","sponsored_post_logo_enable":"0","sponsored_post_logo":"","sponsored_post_desc":""},"jnews_primary_category":{"id":""},"jnews_social_meta":{"fb_title":"","fb_description":"","fb_image":"","twitter_title":"","twitter_description":"","twitter_image":""},"jnews_review":[],"enable_review":"0","type":"percentage","name":"","summary":"","brand":"","sku":"","good":[{"good_text":""}],"bad":[{"bad_text":""}],"score_override":"","override_value":"","rating":[{"rating_text":"","rating_number":"10"}],"price":[{"shop":"","price":"","link":"","icon":""}],"jnews_override_counter":{"override_view_counter":"0","view_counter_number":"0","override_share_counter":"0","share_counter_number":"0","override_like_counter":"0","like_counter_number":"0","override_dislike_counter":"0","dislike_counter_number":"0"},"jnews_post_split":{"enable_post_split":"0","post_split":[{"template":"1","tag":"h2","numbering":"asc","mode":"normal"}]},"footnotes":""},"categories":[325],"tags":[834],"class_list":["post-26091","post","type-post","status-publish","format-standard","has-post-thumbnail","hentry","category-generos-y-diversidades","tag-niunamenos"],"jetpack_featured_media_url":"https:\/\/atecordoba.org\/wp-content\/uploads\/2021\/06\/flyer-niunamenos-zoom-3dejunio.jpeg","_links":{"self":[{"href":"https:\/\/atecordoba.org\/index.php?rest_route=\/wp\/v2\/posts\/26091","targetHints":{"allow":["GET"]}}],"collection":[{"href":"https:\/\/atecordoba.org\/index.php?rest_route=\/wp\/v2\/posts"}],"about":[{"href":"https:\/\/atecordoba.org\/index.php?rest_route=\/wp\/v2\/types\/post"}],"author":[{"embeddable":true,"href":"https:\/\/atecordoba.org\/index.php?rest_route=\/wp\/v2\/users\/7"}],"replies":[{"embeddable":true,"href":"https:\/\/atecordoba.org\/index.php?rest_route=%2Fwp%2Fv2%2Fcomments&post=26091"}],"version-history":[{"count":1,"href":"https:\/\/atecordoba.org\/index.php?rest_route=\/wp\/v2\/posts\/26091\/revisions"}],"predecessor-version":[{"id":26093,"href":"https:\/\/atecordoba.org\/index.php?rest_route=\/wp\/v2\/posts\/26091\/revisions\/26093"}],"wp:featuredmedia":[{"embeddable":true,"href":"https:\/\/atecordoba.org\/index.php?rest_route=\/wp\/v2\/media\/26092"}],"wp:attachment":[{"href":"https:\/\/atecordoba.org\/index.php?rest_route=%2Fwp%2Fv2%2Fmedia&parent=26091"}],"wp:term":[{"taxonomy":"category","embeddable":true,"href":"https:\/\/atecordoba.org\/index.php?rest_route=%2Fwp%2Fv2%2Fcategories&post=26091"},{"taxonomy":"post_tag","embeddable":true,"href":"https:\/\/atecordoba.org\/index.php?rest_route=%2Fwp%2Fv2%2Ftags&post=26091"}],"curies":[{"name":"wp","href":"https:\/\/api.w.org\/{rel}","templated":true}]}}