{"id":26076,"date":"2021-06-01T14:22:23","date_gmt":"2021-06-01T17:22:23","guid":{"rendered":"https:\/\/atecordoba.org\/?p=26076"},"modified":"2021-06-01T14:22:23","modified_gmt":"2021-06-01T17:22:23","slug":"la-mesa-de-trabajo-por-los-ddhh-rechaza-la-vuelta-a-la-presencialidad-escolar","status":"publish","type":"post","link":"https:\/\/atecordoba.org\/?p=26076","title":{"rendered":"La Mesa de Trabajo por los DDHH rechaza la vuelta a la presencialidad escolar"},"content":{"rendered":"<p><img loading=\"lazy\" decoding=\"async\" class=\" wp-image-26079 aligncenter\" src=\"https:\/\/atecordoba.org\/wp-content\/uploads\/2021\/06\/mesa-trabajo-300x115.jpg\" alt=\"\" width=\"598\" height=\"229\" srcset=\"https:\/\/atecordoba.org\/wp-content\/uploads\/2021\/06\/mesa-trabajo-300x115.jpg 300w, https:\/\/atecordoba.org\/wp-content\/uploads\/2021\/06\/mesa-trabajo-1024x391.jpg 1024w, https:\/\/atecordoba.org\/wp-content\/uploads\/2021\/06\/mesa-trabajo-768x293.jpg 768w, https:\/\/atecordoba.org\/wp-content\/uploads\/2021\/06\/mesa-trabajo-750x287.jpg 750w, https:\/\/atecordoba.org\/wp-content\/uploads\/2021\/06\/mesa-trabajo-1140x436.jpg 1140w, https:\/\/atecordoba.org\/wp-content\/uploads\/2021\/06\/mesa-trabajo.jpg 1280w\" sizes=\"auto, (max-width: 598px) 100vw, 598px\" \/>La Mesa de Trabajo por los Derechos Humanos emiti\u00f3 un comunicado rechazando la vuelta a la presencialidad escolar, que C\u00f3rdoba resolvi\u00f3 implementar esta semana solamente junto a Mendoza y Ciudad de Buenos Aires, dada la escalada de contagios de Covid-19 y a la saturaci\u00f3n que sufre el sistema sanitario provincial.<\/p>\n<p>ATE integra la entidad junto a otros organizaciones, donde la Comisi\u00f3n de Salud fustig\u00f3 al gobierno provincial y consider\u00f3 que la vuelta a la presencialidad constituye una &#8220;innegable negligencia, dado el nivel de contagios entre la poblaci\u00f3n debido a la gran circulaci\u00f3n de ciudadanes, que se suma a la ya existente&#8221;.<\/p>\n<p>Adem\u00e1s, la Mesa por los Derechos Humanos convoc\u00f3 a la ciudadan\u00eda a firma una carta abierta adhiriendo a la misiva. Se puede acceder <a href=\"https:\/\/docs.google.com\/forms\/d\/e\/1FAIpQLSd8U9J8aNlfPZH5ejDYmoljE4aq6naSsiocX6PRjXKeFRtGpQ\/viewform\">aqu\u00ed<\/a>.<\/p>\n<p>La carta completa:<\/p>\n<p style=\"text-align: center;\"><strong>POR UN ESTADO PRESENTE PARA GARANTIZAR LA SALUD Y LA VIDA<\/strong><\/p>\n<p>Ante las alarmantes y dolorosas cifras de contagios y muertes por COVID 19 en el pa\u00eds y especialmente en nuestra provincia de C\u00f3rdoba, afirmamos la adhesi\u00f3n a medidas de cuidado que restrinjan la circulaci\u00f3n, tal como las tomadas por el gobierno nacional d\u00edas pasados.<\/p>\n<p>Consideramos necesaria y urgente la prolongaci\u00f3n de las mismas ante la situaci\u00f3n de colapso sanitario que presenta nuestra provincia por la falta de camas, de personal y el aumento de la propagaci\u00f3n del virus como as\u00ed tambi\u00e9n la falta de control ante las medidas restrictivas.<\/p>\n<p>Manifestamos nuestro absoluto rechazo a la vuelta a la presencialidad en las escuelas, por cuanto constituye un acto de innegable negligencia, dado el nivel de contagios entre la poblaci\u00f3n debido a la gran circulaci\u00f3n de ciudadanes, que se suma a la ya existente.<\/p>\n<p>Se ha demostrado que se puede continuar en forma virtual y es el estado quien debe garantizar la equidad en el acceso a la conectividad. Como tambi\u00e9n posibilitar otros medios y estrategias que permitan a les estudiantes y docentes acceder a materiales y acompa\u00f1amientos necesarios para posibilitar el derecho a la educaci\u00f3n de todes incluyendo a ni\u00f1es y j\u00f3venes de sectores m\u00e1s vulnerados.<\/p>\n<p>Si bien la campa\u00f1a de vacunaci\u00f3n avanza hacia amplios sectores de la poblaci\u00f3n, sabemos que no son las \u00fanicas medidas para frenar este desborde.<\/p>\n<ul>\n<li>Exigimos URGENTES MEDIDAS ECON\u00d3MICAS PROVINCIALES para atender las necesidades b\u00e1sicas de quienes hoy est\u00e1n en situaci\u00f3n de pobreza e indigencia extrema, como as\u00ed tambi\u00e9n a les trabajadores independientes de sectores no asalariados; todes estos sectores dado el contexto viven situaciones desesperantes con dificultades para acceder a los alimentos, servicios, vivienda, abrigo, que son derechos humanos b\u00e1sicos.<\/li>\n<li>Exigimos un Plan de Acci\u00f3n efectivo en relaci\u00f3n a la gesti\u00f3n de la Pandemia, porque de lo realizado hasta la fecha observamos consecuencias catastr\u00f3ficas para la poblaci\u00f3n: todos los hospitales se encuentran con un 100 % de ocupaci\u00f3n de camas, el personal de salud es insuficiente, con salarios magros y est\u00e1 agotado tras jornadas extenuantes, sobre todo en atenci\u00f3n de pacientes cr\u00edticos. Las guardias se ven desbordadas, siendo muchos pacientes atendidos en los pasillos. Es significativo que en la mayor\u00eda de los casos no hay seguimiento adecuado, de les pacientes COVID aislades en sus domicilios, sin atenci\u00f3n ni asistencia socioecon\u00f3mica.<\/li>\n<\/ul>\n<p>Cuidar la vida tambi\u00e9n es cuidar las condiciones socioecon\u00f3micas. Demandamos un Plan de sostenimiento sanitario social y econ\u00f3mico, que posibilite subsidios energ\u00e9ticos y alimentarios para atender la salud de manera integral.<\/p>\n<p>Cuidar la vida, es disponer de los medios de comunicaci\u00f3n social para la concientizaci\u00f3n y la prevenci\u00f3n mediante la promoci\u00f3n de las medidas de cuidado.<\/p>\n<p>Cuidar la vida, es cuidar al personal de salud. Aumentando la planta de trabajadores sanitarios y del Polo de la Mujer, en lugar de efectuar despidos en medio de una de las cat\u00e1strofes m\u00e1s grandes de la humanidad.<\/p>\n<p>Exigimos al Gobierno y al Ministerio de Salud de la Provincia de C\u00f3rdoba el compromiso y la responsabilidad en el cuidado de la salud y la vida.<\/p>\n<p>\u00a1Convocamos a la ciudadan\u00eda, a sumarse con su adhesi\u00f3n a esta carta a organizarnos y movilizarnos para cuidar la vida y la salud!<\/p>\n<p>&nbsp;<\/p>\n","protected":false},"excerpt":{"rendered":"<p>La Mesa de Trabajo por los Derechos Humanos emiti\u00f3 un comunicado rechazando la vuelta a la presencialidad escolar, que C\u00f3rdoba resolvi\u00f3 implementar esta semana solamente junto a Mendoza y Ciudad de Buenos Aires, dada la escalada de contagios de Covid-19 y a la saturaci\u00f3n que sufre el sistema sanitario provincial. ATE integra la entidad junto [&hellip;]<\/p>\n","protected":false},"author":7,"featured_media":26079,"comment_status":"open","ping_status":"open","sticky":true,"template":"","format":"standard","meta":{"_exactmetrics_skip_tracking":false,"_exactmetrics_sitenote_active":false,"_exactmetrics_sitenote_note":"","_exactmetrics_sitenote_category":0,"jnews-multi-image_gallery":[],"jnews_single_post":{"source_name":"","source_url":"","via_name":"","via_url":"","override_template":"0","override":[{"template":"1","single_blog_custom":"","parallax":"1","fullscreen":"0","layout":"right-sidebar","sidebar":"default-sidebar","second_sidebar":"default-sidebar","sticky_sidebar":"1","share_position":"top","share_float_style":"share-monocrhome","show_share_counter":"1","show_view_counter":"1","show_featured":"1","show_post_meta":"1","show_post_author":"1","show_post_author_image":"1","show_post_date":"1","post_date_format":"default","post_date_format_custom":"Y\/m\/d","show_post_category":"1","show_post_reading_time":"0","post_reading_time_wpm":"300","show_zoom_button":"0","zoom_button_out_step":"2","zoom_button_in_step":"3","show_post_tag":"1","show_prev_next_post":"1","show_popup_post":"1","number_popup_post":"1","show_author_box":"0","show_post_related":"0","show_inline_post_related":"0"}],"override_image_size":"0","image_override":[{"single_post_thumbnail_size":"crop-500","single_post_gallery_size":"crop-500"}],"trending_post":"0","trending_post_position":"meta","trending_post_label":"Trending","sponsored_post":"0","sponsored_post_label":"Sponsored by","sponsored_post_name":"","sponsored_post_url":"","sponsored_post_logo_enable":"0","sponsored_post_logo":"","sponsored_post_desc":""},"jnews_primary_category":{"id":""},"jnews_social_meta":{"fb_title":"","fb_description":"","fb_image":"","twitter_title":"","twitter_description":"","twitter_image":""},"jnews_review":[],"enable_review":"0","type":"percentage","name":"","summary":"","brand":"","sku":"","good":[{"good_text":""}],"bad":[{"bad_text":""}],"score_override":"","override_value":"","rating":[{"rating_text":"","rating_number":"10"}],"price":[{"shop":"","price":"","link":"","icon":""}],"jnews_override_counter":{"override_view_counter":"0","view_counter_number":"0","override_share_counter":"0","share_counter_number":"0","override_like_counter":"0","like_counter_number":"0","override_dislike_counter":"0","dislike_counter_number":"0"},"jnews_post_split":{"enable_post_split":"0","post_split":[{"template":"1","tag":"h2","numbering":"asc","mode":"normal"}]},"footnotes":""},"categories":[10],"tags":[831],"class_list":["post-26076","post","type-post","status-publish","format-standard","has-post-thumbnail","hentry","category-accion-politica","tag-mesa-de-trabajo-ddhh"],"jetpack_featured_media_url":"https:\/\/atecordoba.org\/wp-content\/uploads\/2021\/06\/mesa-trabajo.jpg","_links":{"self":[{"href":"https:\/\/atecordoba.org\/index.php?rest_route=\/wp\/v2\/posts\/26076","targetHints":{"allow":["GET"]}}],"collection":[{"href":"https:\/\/atecordoba.org\/index.php?rest_route=\/wp\/v2\/posts"}],"about":[{"href":"https:\/\/atecordoba.org\/index.php?rest_route=\/wp\/v2\/types\/post"}],"author":[{"embeddable":true,"href":"https:\/\/atecordoba.org\/index.php?rest_route=\/wp\/v2\/users\/7"}],"replies":[{"embeddable":true,"href":"https:\/\/atecordoba.org\/index.php?rest_route=%2Fwp%2Fv2%2Fcomments&post=26076"}],"version-history":[{"count":1,"href":"https:\/\/atecordoba.org\/index.php?rest_route=\/wp\/v2\/posts\/26076\/revisions"}],"predecessor-version":[{"id":26080,"href":"https:\/\/atecordoba.org\/index.php?rest_route=\/wp\/v2\/posts\/26076\/revisions\/26080"}],"wp:featuredmedia":[{"embeddable":true,"href":"https:\/\/atecordoba.org\/index.php?rest_route=\/wp\/v2\/media\/26079"}],"wp:attachment":[{"href":"https:\/\/atecordoba.org\/index.php?rest_route=%2Fwp%2Fv2%2Fmedia&parent=26076"}],"wp:term":[{"taxonomy":"category","embeddable":true,"href":"https:\/\/atecordoba.org\/index.php?rest_route=%2Fwp%2Fv2%2Fcategories&post=26076"},{"taxonomy":"post_tag","embeddable":true,"href":"https:\/\/atecordoba.org\/index.php?rest_route=%2Fwp%2Fv2%2Ftags&post=26076"}],"curies":[{"name":"wp","href":"https:\/\/api.w.org\/{rel}","templated":true}]}}