{"id":2606,"date":"2013-04-17T20:26:02","date_gmt":"2013-04-17T23:26:02","guid":{"rendered":"http:\/\/www.atecordoba.org\/?p=2606"},"modified":"2013-04-17T20:26:02","modified_gmt":"2013-04-17T23:26:02","slug":"julio-fuentes-debemos-unificar-la-lucha-en-el-estado","status":"publish","type":"post","link":"https:\/\/atecordoba.org\/?p=2606","title":{"rendered":"Julio fuentes: &#8220;Debemos unificar la lucha en el Estado&#8221;"},"content":{"rendered":"<p><em>El secretario General de ATE nacional estuvo en C\u00f3rdoba, acompa\u00f1ado por el Gremial Alejandro Garz\u00f3n, y dej\u00f3 algunos conceptos de cara a la conflictividad que se avecina este a\u00f1o. \u00a0Describi\u00f3 la fragmentaci\u00f3n del Estado y la necesidad de revertir un proceso de ajuste que supera los 20 a\u00f1os. Todo, en el marco de la reuni\u00f3n ampliada de la Comisi\u00f3n directiva provincial, encabezada por Mar\u00eda Teresa Romero y con la presencia de los tres secretarios generales de la seccionales.<\/em><\/p>\n<p><a href=\"http:\/\/www.atecordoba.org\/wp-content\/uploads\/2013\/04\/foto-web-17.jpg\"><img loading=\"lazy\" decoding=\"async\" class=\"aligncenter size-medium wp-image-2607\" title=\"foto web 1\" src=\"http:\/\/www.atecordoba.org\/wp-content\/uploads\/2013\/04\/foto-web-17-300x225.jpg\" alt=\"\" width=\"300\" height=\"225\" \/><\/a><\/p>\n<p>El secretario General del Concejo Directivo Nacional (CDN), Julio Fuentes, estuvo en C\u00f3rdoba para participar de una reuni\u00f3n ampliada del Concejo Directivo Provincial, junto con el secretario Gremial nacional, Alejandro Garz\u00f3n. Antes, por la ma\u00f1ana, comparti\u00f3 un plenario nacional de trabajadores del sector nuclear de ATE, que se llev\u00f3 a cabo en la empresa Dioxitek, detacando la importancia que tiene el \u00e1rea dentro de la pol\u00edtica estrat\u00e9gica del Estado nacional.<\/p>\n<p><a href=\"http:\/\/www.atecordoba.org\/wp-content\/uploads\/2013\/04\/foto-web2.jpg\"><img loading=\"lazy\" decoding=\"async\" class=\"aligncenter size-medium wp-image-2608\" title=\"foto web2\" src=\"http:\/\/www.atecordoba.org\/wp-content\/uploads\/2013\/04\/foto-web2-300x225.jpg\" alt=\"\" width=\"300\" height=\"225\" \/><\/a><\/p>\n<p>&#8220;Vamos a aprovechar esta visita de Julio porque ya le hab\u00edamos pedido que baje a las provincias para que los compa\u00f1eros conozcan a los dirigentes y cumpliendo, \u00a0para discutir con \u00e9l y con Alejandro las cosas que nos pasan. Ya se coment\u00f3 en la conducci\u00f3n nacional que hab\u00eda varias provincias, y entre ellas la nuestra que tiene su importancia pro el peso pol\u00edtico de C\u00f3rdoba, en donde la conducci\u00f3n local se hab\u00eda puesto un horizonte de crecimiento y trabajo. Nosotros podemos adelantar que hicimos una comisi\u00f3n ampliada para tratar los temas que se discuten a nivel nacional&#8221;, abri\u00f3 la reuni\u00f3n de la CD C\u00f3rdoba, Mar\u00eda Teresa Romero. La acompa\u00f1aron el secretario General de la seccional R\u00edo Tercero, Cristian Colman, de R\u00edo Cuarto, Federico Giuliani, de Villa Mar\u00eda, Walter Secondino, y el secretario General de la CTA C\u00f3rdoba, Oscar Mengarelli.<\/p>\n<p><a href=\"http:\/\/www.atecordoba.org\/wp-content\/uploads\/2013\/04\/foto-web-35.jpg\"><img loading=\"lazy\" decoding=\"async\" class=\"aligncenter size-medium wp-image-2609\" title=\"foto web 3\" src=\"http:\/\/www.atecordoba.org\/wp-content\/uploads\/2013\/04\/foto-web-35-300x225.jpg\" alt=\"\" width=\"300\" height=\"225\" \/><\/a><\/p>\n<p>Despu\u00e9s del cerrado aplauso de los compa\u00f1eros presentes, Fuentes se\u00f1al\u00f3 que &#8220;sin duda la provincia de C\u00f3rdoba es, en el marco nacional, un \u00e1rea fundamental para desarrollar en funci\u00f3n de una estrategia de crecimiento y conducci\u00f3n que el sindicato debe darse&#8221;.<\/p>\n<p>El dirigente destac\u00f3 la necesidad de &#8220;ser capaces de ensamblar y saber que ATE no est\u00e1 sola entre los trabajadores del Estado. Por eso \u00a0debemos darnos una estrategia para conducir tambi\u00e9n lo que est\u00e1 por los costados, que no es menos importante. Esta coordinaci\u00f3n de gremios estatales es una posibilidad de inclinar la balanza en muchos conflictos que tenemos en distintos sectores del Estado. Sobre todo para superar la fragmentaci\u00f3n de los conflictos, que se limitan a las reivindicaciones de cada sector puntual. Desde 2005 que no tenemos un plan de lucha unificado. Por eso no es lo mismo que vayamos solos ante el Ministerio de Trabajo que en el marco de un frente de estatales. De hecho, de esta forma tuvimos ayer una reuni\u00f3n con la viceministra, Noem\u00ed Rial, donde pudimos plantear nuestras demandas de una paritaria estatal en serio \u00a0y no los decretazos con que suelen manejarse desde hace a\u00f1os&#8221;.<\/p>\n<p><a href=\"http:\/\/www.atecordoba.org\/wp-content\/uploads\/2013\/04\/foto-web-41.jpg\"><img loading=\"lazy\" decoding=\"async\" class=\"aligncenter size-medium wp-image-2610\" title=\"foto web 4\" src=\"http:\/\/www.atecordoba.org\/wp-content\/uploads\/2013\/04\/foto-web-41-300x225.jpg\" alt=\"\" width=\"300\" height=\"225\" \/><\/a><\/p>\n<p>Fuentes se\u00f1al\u00f3 que la precarizaci\u00f3n en los distintos niveles del Estado es una de las situaciones m\u00e1s graves que viven los trabajadores p\u00fablicos. Para modificar esa realidad &#8220;como ATE tenemos que conducir la fuerza propia y ser capaces conducir los gremios con los que podemos acordar&#8221;.<\/p>\n<p>&#8220;Debemos recordar que el ajuste en argentina empez\u00f3 en el Estado nacional y despu\u00e9s bajo a los niveles provinciales y municipales. Cuando lleg\u00f3 Menem a la presidencia, en 1989, hab\u00eda 1.100.000 trabajadores en el Estado nacional, hoy hay 350 mil. Con respeto a los compa\u00f1eros que trabajan en los organismos nacionales, vemos que estos son los despojos de lo que fue en alg\u00fan momento&#8221;, afirm\u00f3.<\/p>\n<p>Ese proceso hist\u00f3rico, explic\u00f3 el dirigente, se sostuvo sobre la base de un ajuste &#8220;que se aplic\u00f3 fue desde la Naci\u00f3n hac\u00eda abajo, a las provincias y los municipios. Por eso es importante centrar actualmente la lucha en el Estado nacional, para revertir ese proceso. En esto debemos tener en cuenta que actualmente de cada peso que se recauda, 75 centavos es del gobierno nacional, 21 de las provincias y s\u00f3lo 4 de los municipios. Al mismo tiempo hay dos millones de trabajadores provinciales y entre un mill\u00f3n y un 1.5 millones de trabajadores municipales. \u00bfPor qu\u00e9 no se sabe cu\u00e1ntos son en realidad? Porque el nivel de precarizaci\u00f3n de estos compa\u00f1eros hace imposible saber a ciencia exacta cu\u00e1ntos municipales hay en el pa\u00eds. Es muy grave que el Estado no sepa la cantidad de trabajadores que tiene en Argentina. En este marco debemos unificar la lucha en el Estado y el primer paso es a nivel nacional. El proceso de ajuste fue desde la Naci\u00f3n hac\u00eda abajo, a las provincias y los municipios&#8221;.<\/p>\n<p><a href=\"http:\/\/www.atecordoba.org\/wp-content\/uploads\/2013\/04\/foto-web-5.jpg\"><img loading=\"lazy\" decoding=\"async\" class=\"aligncenter size-medium wp-image-2611\" title=\"foto web 5\" src=\"http:\/\/www.atecordoba.org\/wp-content\/uploads\/2013\/04\/foto-web-5-300x225.jpg\" alt=\"\" width=\"300\" height=\"225\" \/><\/a><\/p>\n<p>Y agreg\u00f3: &#8220;Debemos tener pol\u00edtica para revertir tambi\u00e9n la injusta distribuci\u00f3n de los impuestos en el pa\u00eds porque es la \u00fanica forma que podamos mejorar la calidad salarial de nuestro compa\u00f1eros provinciales y municipales. En este mapa, adquiere una importancia fundamental golpear duro en el Estado nacional. Si logramos terminar con la precarizaci\u00f3n en la Naci\u00f3n podremos revertir ese proceso tambi\u00e9n para abajo&#8221;.<\/p>\n<p>Fuentes destac\u00f3 que ATE cuenta con 53 mil afiliados municipales en 800 municipios y que la estrategia de nuestra organizaci\u00f3n consiste en crecer, en esta etapa, en un 50%. &#8220;Entre Santa Fe, Entre R\u00edos y C\u00f3rdoba tienen 1000 municipios de los 2200 que hay en todo el pa\u00eds. Por eso rol rol de esta provincia es clave como referencia pol\u00edtica&#8221;.<\/p>\n<p>A su turno, Garz\u00f3n impuls\u00f3 la creaci\u00f3n del Departamento de Municipales. &#8220;Desde el CDN ponemos a disposici\u00f3n los equipos de cuadros pol\u00edticos, de compa\u00f1eros, para recorrer las ciudades y comunas del interior provincial&#8221;, afirm\u00f3 el secretario Gremial.<\/p>\n","protected":false},"excerpt":{"rendered":"<p>El secretario General de ATE nacional estuvo en C\u00f3rdoba, acompa\u00f1ado por el Gremial Alejandro Garz\u00f3n, y dej\u00f3 algunos conceptos de cara a la conflictividad que se avecina este a\u00f1o. \u00a0Describi\u00f3 la fragmentaci\u00f3n del Estado y la necesidad de revertir un proceso de ajuste que supera los 20 a\u00f1os. Todo, en el marco de la reuni\u00f3n [&hellip;]<\/p>\n","protected":false},"author":1,"featured_media":19220,"comment_status":"open","ping_status":"open","sticky":false,"template":"","format":"standard","meta":{"_exactmetrics_skip_tracking":false,"_exactmetrics_sitenote_active":false,"_exactmetrics_sitenote_note":"","_exactmetrics_sitenote_category":0,"jnews-multi-image_gallery":[],"jnews_single_post":[],"jnews_primary_category":[],"jnews_social_meta":[],"jnews_review":[],"enable_review":"","type":"","name":"","summary":"","brand":"","sku":"","good":[],"bad":[],"score_override":"","override_value":"","rating":[],"price":[],"jnews_override_counter":[],"jnews_post_split":[],"footnotes":""},"categories":[18],"tags":[],"class_list":["post-2606","post","type-post","status-publish","format-standard","has-post-thumbnail","hentry","category-nacionales"],"jetpack_featured_media_url":"https:\/\/atecordoba.org\/wp-content\/uploads\/2020\/05\/logo-nuevochico-e1561581322808.png","_links":{"self":[{"href":"https:\/\/atecordoba.org\/index.php?rest_route=\/wp\/v2\/posts\/2606","targetHints":{"allow":["GET"]}}],"collection":[{"href":"https:\/\/atecordoba.org\/index.php?rest_route=\/wp\/v2\/posts"}],"about":[{"href":"https:\/\/atecordoba.org\/index.php?rest_route=\/wp\/v2\/types\/post"}],"author":[{"embeddable":true,"href":"https:\/\/atecordoba.org\/index.php?rest_route=\/wp\/v2\/users\/1"}],"replies":[{"embeddable":true,"href":"https:\/\/atecordoba.org\/index.php?rest_route=%2Fwp%2Fv2%2Fcomments&post=2606"}],"version-history":[{"count":0,"href":"https:\/\/atecordoba.org\/index.php?rest_route=\/wp\/v2\/posts\/2606\/revisions"}],"wp:featuredmedia":[{"embeddable":true,"href":"https:\/\/atecordoba.org\/index.php?rest_route=\/wp\/v2\/media\/19220"}],"wp:attachment":[{"href":"https:\/\/atecordoba.org\/index.php?rest_route=%2Fwp%2Fv2%2Fmedia&parent=2606"}],"wp:term":[{"taxonomy":"category","embeddable":true,"href":"https:\/\/atecordoba.org\/index.php?rest_route=%2Fwp%2Fv2%2Fcategories&post=2606"},{"taxonomy":"post_tag","embeddable":true,"href":"https:\/\/atecordoba.org\/index.php?rest_route=%2Fwp%2Fv2%2Ftags&post=2606"}],"curies":[{"name":"wp","href":"https:\/\/api.w.org\/{rel}","templated":true}]}}