{"id":26057,"date":"2021-05-31T14:59:29","date_gmt":"2021-05-31T17:59:29","guid":{"rendered":"https:\/\/atecordoba.org\/?p=26057"},"modified":"2021-05-31T14:59:29","modified_gmt":"2021-05-31T17:59:29","slug":"cordobazo-multitudinario-conversatorio-evoco-a-hector-la-perra-castro-y-homenajeo-a-los-dirigentes-que-condujeron-la-gesta-historica","status":"publish","type":"post","link":"https:\/\/atecordoba.org\/?p=26057","title":{"rendered":"Cordobazo: multitudinario conversatorio evoc\u00f3 a H\u00e9ctor La Perra Castro y homenaje\u00f3 a los dirigentes que condujeron la gesta hist\u00f3rica"},"content":{"rendered":"<div style='display:none' class=\"jeg_preview_slider gallery_1\" data-selector='gallery_1'>\n                        <div class=\"jeg_preview_holder\">\n                            <div class=\"jeg_preview_media\">\n                        <div class=\"jeg_preview_media_holder\">\n                            <h3>&nbsp;<\/h3>\n                            <div class=\"fullscreen-switch\">\n                                <i class=\"fa\"><\/i>\n                            <\/div>\n                            <div class=\"jeg_preview_media_content\">\n                                <div class=\"jeg_preview_media_content_holder_padding\">\n                                    <div class=\"jeg_preview_media_content_holder\"><\/div>\n                                <\/div>\n                                <div class=\"jeg_preview_media_content_navigation\">\n                                    <div class=\"prev\">\n\t\t\t\t\t\t\t\t\t\t<i class=\"fa\"><\/i>\n\t\t\t\t\t\t\t\t\t<\/div>\n                                    <div class=\"next\">\n\t\t\t\t\t\t\t\t\t\t<i class=\"fa\"><\/i>\n\t\t\t\t\t\t\t\t\t<\/div>\n                                <\/div>\n                                <div class='preview-slider-overlay'>\n                                    <div class='preloader_type preloader_dot'>\n                                        <div class=\"module-preloader jeg_preloader dot\">\n                                            <span><\/span><span><\/span><span><\/span>\n                                        <\/div>\n                                        <div class=\"module-preloader jeg_preloader circle\">\n                                            <div class=\"jnews_preloader_circle_outer\">\n                                                <div class=\"jnews_preloader_circle_inner\"><\/div>\n                                            <\/div>\n                                        <\/div>\n                                        <div class=\"module-preloader jeg_preloader square\">\n                                            <div class=\"jeg_square\">\n                                                <div class=\"jeg_square_inner\"><\/div>\n                                            <\/div>\n                                        <\/div>\n                                    <\/div>\n                                <\/div>\n                            <\/div>\n                            <div class=\"jeg_preview_control\">\n                                <div class=\"left_control\">\n                                    <div class=\"counter\"><span class=\"current\">1<\/span> de  9<\/div>\n                                    <div class=\"subtitle\"><\/div>\n                                <\/div>\n                                <div class=\"zoom\">\n                                    <span class=\"reduce\">-<\/span>\n                                    <span class=\"increase\">+<\/span>\n                                <\/div>\n                            <\/div>\n                        <\/div>\n                    <\/div>\n\n                    <div class=\"jeg_preview_bottom_slider\">\n                        <a data-id=\"0\" data-title=\"\" data-image=\"https:\/\/atecordoba.org\/wp-content\/uploads\/2021\/05\/3.png\" href=\"https:\/\/atecordoba.org\/wp-content\/uploads\/2021\/05\/3.png\" class=\"jeg_preview_item active\">\n                            <div class=\"jeg_preview_item_thumbnail\">\n                                <img loading=\"lazy\" decoding=\"async\" width=\"120\" height=\"86\" src=\"https:\/\/atecordoba.org\/wp-content\/uploads\/2021\/05\/3-120x86.png\" class=\"attachment-jnews-120x86 size-jnews-120x86\" alt=\"\" srcset=\"https:\/\/atecordoba.org\/wp-content\/uploads\/2021\/05\/3-120x86.png 120w, https:\/\/atecordoba.org\/wp-content\/uploads\/2021\/05\/3-350x250.png 350w, https:\/\/atecordoba.org\/wp-content\/uploads\/2021\/05\/3-750x536.png 750w\" sizes=\"auto, (max-width: 120px) 100vw, 120px\" \/>\n                            <\/div>\n                        <\/a><a data-id=\"1\" data-title=\"\" data-image=\"https:\/\/atecordoba.org\/wp-content\/uploads\/2021\/05\/2.png\" href=\"https:\/\/atecordoba.org\/wp-content\/uploads\/2021\/05\/2.png\" class=\"jeg_preview_item \">\n                            <div class=\"jeg_preview_item_thumbnail\">\n                                <img loading=\"lazy\" decoding=\"async\" width=\"120\" height=\"86\" src=\"https:\/\/atecordoba.org\/wp-content\/uploads\/2021\/05\/2-120x86.png\" class=\"attachment-jnews-120x86 size-jnews-120x86\" alt=\"\" srcset=\"https:\/\/atecordoba.org\/wp-content\/uploads\/2021\/05\/2-120x86.png 120w, https:\/\/atecordoba.org\/wp-content\/uploads\/2021\/05\/2-350x250.png 350w, https:\/\/atecordoba.org\/wp-content\/uploads\/2021\/05\/2-750x536.png 750w\" sizes=\"auto, (max-width: 120px) 100vw, 120px\" \/>\n                            <\/div>\n                        <\/a><a data-id=\"2\" data-title=\"\" data-image=\"https:\/\/atecordoba.org\/wp-content\/uploads\/2021\/05\/1.png\" href=\"https:\/\/atecordoba.org\/wp-content\/uploads\/2021\/05\/1.png\" class=\"jeg_preview_item \">\n                            <div class=\"jeg_preview_item_thumbnail\">\n                                <img loading=\"lazy\" decoding=\"async\" width=\"120\" height=\"86\" src=\"https:\/\/atecordoba.org\/wp-content\/uploads\/2021\/05\/1-120x86.png\" class=\"attachment-jnews-120x86 size-jnews-120x86\" alt=\"\" srcset=\"https:\/\/atecordoba.org\/wp-content\/uploads\/2021\/05\/1-120x86.png 120w, https:\/\/atecordoba.org\/wp-content\/uploads\/2021\/05\/1-350x250.png 350w, https:\/\/atecordoba.org\/wp-content\/uploads\/2021\/05\/1-750x536.png 750w\" sizes=\"auto, (max-width: 120px) 100vw, 120px\" \/>\n                            <\/div>\n                        <\/a><a data-id=\"3\" data-title=\"\" data-image=\"https:\/\/atecordoba.org\/wp-content\/uploads\/2021\/05\/9.png\" href=\"https:\/\/atecordoba.org\/wp-content\/uploads\/2021\/05\/9.png\" class=\"jeg_preview_item \">\n                            <div class=\"jeg_preview_item_thumbnail\">\n                                <img loading=\"lazy\" decoding=\"async\" width=\"120\" height=\"86\" src=\"https:\/\/atecordoba.org\/wp-content\/uploads\/2021\/05\/9-120x86.png\" class=\"attachment-jnews-120x86 size-jnews-120x86\" alt=\"\" srcset=\"https:\/\/atecordoba.org\/wp-content\/uploads\/2021\/05\/9-120x86.png 120w, https:\/\/atecordoba.org\/wp-content\/uploads\/2021\/05\/9-350x250.png 350w, https:\/\/atecordoba.org\/wp-content\/uploads\/2021\/05\/9-750x536.png 750w\" sizes=\"auto, (max-width: 120px) 100vw, 120px\" \/>\n                            <\/div>\n                        <\/a><a data-id=\"4\" data-title=\"\" data-image=\"https:\/\/atecordoba.org\/wp-content\/uploads\/2021\/05\/8.png\" href=\"https:\/\/atecordoba.org\/wp-content\/uploads\/2021\/05\/8.png\" class=\"jeg_preview_item \">\n                            <div class=\"jeg_preview_item_thumbnail\">\n                                <img loading=\"lazy\" decoding=\"async\" width=\"120\" height=\"86\" src=\"https:\/\/atecordoba.org\/wp-content\/uploads\/2021\/05\/8-120x86.png\" class=\"attachment-jnews-120x86 size-jnews-120x86\" alt=\"\" srcset=\"https:\/\/atecordoba.org\/wp-content\/uploads\/2021\/05\/8-120x86.png 120w, https:\/\/atecordoba.org\/wp-content\/uploads\/2021\/05\/8-350x250.png 350w, https:\/\/atecordoba.org\/wp-content\/uploads\/2021\/05\/8-750x536.png 750w\" sizes=\"auto, (max-width: 120px) 100vw, 120px\" \/>\n                            <\/div>\n                        <\/a><a data-id=\"5\" data-title=\"\" data-image=\"https:\/\/atecordoba.org\/wp-content\/uploads\/2021\/05\/4.png\" href=\"https:\/\/atecordoba.org\/wp-content\/uploads\/2021\/05\/4.png\" class=\"jeg_preview_item \">\n                            <div class=\"jeg_preview_item_thumbnail\">\n                                <img loading=\"lazy\" decoding=\"async\" width=\"120\" height=\"86\" src=\"https:\/\/atecordoba.org\/wp-content\/uploads\/2021\/05\/4-120x86.png\" class=\"attachment-jnews-120x86 size-jnews-120x86\" alt=\"\" srcset=\"https:\/\/atecordoba.org\/wp-content\/uploads\/2021\/05\/4-120x86.png 120w, https:\/\/atecordoba.org\/wp-content\/uploads\/2021\/05\/4-350x250.png 350w, https:\/\/atecordoba.org\/wp-content\/uploads\/2021\/05\/4-750x536.png 750w\" sizes=\"auto, (max-width: 120px) 100vw, 120px\" \/>\n                            <\/div>\n                        <\/a><a data-id=\"6\" data-title=\"\" data-image=\"https:\/\/atecordoba.org\/wp-content\/uploads\/2021\/05\/5.png\" href=\"https:\/\/atecordoba.org\/wp-content\/uploads\/2021\/05\/5.png\" class=\"jeg_preview_item \">\n                            <div class=\"jeg_preview_item_thumbnail\">\n                                <img loading=\"lazy\" decoding=\"async\" width=\"120\" height=\"86\" src=\"https:\/\/atecordoba.org\/wp-content\/uploads\/2021\/05\/5-120x86.png\" class=\"attachment-jnews-120x86 size-jnews-120x86\" alt=\"\" srcset=\"https:\/\/atecordoba.org\/wp-content\/uploads\/2021\/05\/5-120x86.png 120w, https:\/\/atecordoba.org\/wp-content\/uploads\/2021\/05\/5-350x250.png 350w, https:\/\/atecordoba.org\/wp-content\/uploads\/2021\/05\/5-750x536.png 750w\" sizes=\"auto, (max-width: 120px) 100vw, 120px\" \/>\n                            <\/div>\n                        <\/a><a data-id=\"7\" data-title=\"\" data-image=\"https:\/\/atecordoba.org\/wp-content\/uploads\/2021\/05\/6.png\" href=\"https:\/\/atecordoba.org\/wp-content\/uploads\/2021\/05\/6.png\" class=\"jeg_preview_item \">\n                            <div class=\"jeg_preview_item_thumbnail\">\n                                <img loading=\"lazy\" decoding=\"async\" width=\"120\" height=\"86\" src=\"https:\/\/atecordoba.org\/wp-content\/uploads\/2021\/05\/6-120x86.png\" class=\"attachment-jnews-120x86 size-jnews-120x86\" alt=\"\" srcset=\"https:\/\/atecordoba.org\/wp-content\/uploads\/2021\/05\/6-120x86.png 120w, https:\/\/atecordoba.org\/wp-content\/uploads\/2021\/05\/6-350x250.png 350w, https:\/\/atecordoba.org\/wp-content\/uploads\/2021\/05\/6-750x536.png 750w\" sizes=\"auto, (max-width: 120px) 100vw, 120px\" \/>\n                            <\/div>\n                        <\/a><a data-id=\"8\" data-title=\"\" data-image=\"https:\/\/atecordoba.org\/wp-content\/uploads\/2021\/05\/7.png\" href=\"https:\/\/atecordoba.org\/wp-content\/uploads\/2021\/05\/7.png\" class=\"jeg_preview_item \">\n                            <div class=\"jeg_preview_item_thumbnail\">\n                                <img loading=\"lazy\" decoding=\"async\" width=\"120\" height=\"86\" src=\"https:\/\/atecordoba.org\/wp-content\/uploads\/2021\/05\/7-120x86.png\" class=\"attachment-jnews-120x86 size-jnews-120x86\" alt=\"\" srcset=\"https:\/\/atecordoba.org\/wp-content\/uploads\/2021\/05\/7-120x86.png 120w, https:\/\/atecordoba.org\/wp-content\/uploads\/2021\/05\/7-350x250.png 350w, https:\/\/atecordoba.org\/wp-content\/uploads\/2021\/05\/7-750x536.png 750w\" sizes=\"auto, (max-width: 120px) 100vw, 120px\" \/>\n                            <\/div>\n                        <\/a>\n                    <\/div>\n                        <\/div>\n                        <div class=\"jeg_preview_description\">\n                            \n                            <div class=\"jeg_preview_description_wrapper\">\n                            \n                            <\/div>\n                        <\/div>\n                        <script>\n                            var gallery_1 = {\n                                rtl: false,\n                                native_zoom: false,\n                                zoom_max: 5,\n                                zoom_step: 40,\n                                image_sequence: [{\"src\":\"https:\\\/\\\/atecordoba.org\\\/wp-content\\\/uploads\\\/2021\\\/05\\\/3.png\",\"w\":1122,\"h\":616,\"title\":\"\"},{\"src\":\"https:\\\/\\\/atecordoba.org\\\/wp-content\\\/uploads\\\/2021\\\/05\\\/2.png\",\"w\":1252,\"h\":553,\"title\":\"\"},{\"src\":\"https:\\\/\\\/atecordoba.org\\\/wp-content\\\/uploads\\\/2021\\\/05\\\/1.png\",\"w\":1184,\"h\":612,\"title\":\"\"},{\"src\":\"https:\\\/\\\/atecordoba.org\\\/wp-content\\\/uploads\\\/2021\\\/05\\\/9.png\",\"w\":1279,\"h\":553,\"title\":\"\"},{\"src\":\"https:\\\/\\\/atecordoba.org\\\/wp-content\\\/uploads\\\/2021\\\/05\\\/8.png\",\"w\":1159,\"h\":558,\"title\":\"\"},{\"src\":\"https:\\\/\\\/atecordoba.org\\\/wp-content\\\/uploads\\\/2021\\\/05\\\/4.png\",\"w\":1042,\"h\":565,\"title\":\"\"},{\"src\":\"https:\\\/\\\/atecordoba.org\\\/wp-content\\\/uploads\\\/2021\\\/05\\\/5.png\",\"w\":1256,\"h\":565,\"title\":\"\"},{\"src\":\"https:\\\/\\\/atecordoba.org\\\/wp-content\\\/uploads\\\/2021\\\/05\\\/6.png\",\"w\":1277,\"h\":555,\"title\":\"\"},{\"src\":\"https:\\\/\\\/atecordoba.org\\\/wp-content\\\/uploads\\\/2021\\\/05\\\/7.png\",\"w\":1152,\"h\":573,\"title\":\"\"}]\n                            };\n                        <\/script>\n                    <\/div>\n<p>En un conversatorio virtual convocado por el Consejo Directivo Provincial, ATE C\u00f3rdoba realiz\u00f3 el pasado s\u00e1bado 29 de mayo un homenaje a los l\u00edderes y luchadores del C\u00f3rdobazo, rescatando la figura de H\u00e9ctor &#8216;La Perra&#8217; Castro, dirigente de la seccional C\u00f3rdoba de ATE que particip\u00f3 de la conducci\u00f3n de la CGT C\u00f3rdoba, junto a Atilio L\u00f3pez, Agust\u00edn Tosco y Elpidio Torres y dem\u00e1s dirigentes de la \u00e9poca.<\/p>\n<p>En la oportunidad, la conversatorio rese\u00f1\u00f3 la obra teatral &#8216;H\u00e9ctor La Perra Castro, el olvidado&#8217;, con la participaci\u00f3n del director de la obra, Sebast\u00edan Bererger y el protagonista, Ricardo Tamburrano.<\/p>\n<p>Coordinada por el secretario General de ATE C\u00f3rdoba, Federico Giuliani, la actividad cont\u00f3 con la participaci\u00f3n de Atilo Lopez hijo, Mirta Castro, hermana de H\u00e9ctor, H\u00e9ctor Tosco hijo de Agust\u00edn, Rafael Torres hijo de Elpidio Torr\u00e9s, junto a entra\u00f1ables compa\u00f1eros como Guillermo Galindez o Daniel Dibiase, actor de la obra teatral que evoca a Agust\u00edn Tosco, tambi\u00e9n con la direcci\u00f3n de Sebasti\u00e1n Bererger.<\/p>\n<p>Como introducci\u00f3n, Giuliani dijo que el conversatorio se trataba de un cruce &#8220;entre la cultura y la pol\u00edtica&#8221; en el marco del aniversario del Cordobazo &#8220;esa gran gesta hist\u00f3rica que no solo fue capaz de voltear a la dictadura militar, o la unificaci\u00f3n del movimiento obrero y estudiantil de C\u00f3rdoba, sino tambi\u00e9n fue parte de la siembra de lo que despu\u00e9s fueron las organizaciones revolucionarias\u00a0 de los \u201970.\u00a0 En ese Cordobazo nace la g\u00e9nesis de muchas de las organizaciones \u00a0revolucionarias que tuvimos en Argentina y que hoy se cumple un nuevo aniversario del Aramburazo, con la creaci\u00f3n de Montoneros, el 29 de mayo del \u201870&#8221;.<\/p>\n<p>En ese sentido, Giuliani destac\u00f3 que &#8220;nosotros creemos que somos herederos del C\u00f3rdobazo. No estamos en un momento pol\u00edtico f\u00e1cil, hay una gran crisis de representatividad en la provincia, en los cuadros dirigenciales, pero hay que decir que en medio pas\u00f3 una dictadura, con una bestia como Luciano Benjam\u00edn Men\u00e9ndez como actor principal de la represi\u00f3n. Tampoco hay que olvidarse de sus socios civiles y eclesi\u00e1sticos que hoy caminan todav\u00eda impunes por las calles de C\u00f3rdoba&#8221;.<\/p>\n<p>Seguidamente, el dirigente dio la palabra a Sebastian Bererger, que relat\u00f3 su experiencia como director de teatro y dramaturgo, donde se conjuga la historia con la reivindicaci\u00f3n de la cultura popular. &#8220;Con Tosco empezamos a rescatar personajes hist\u00f3ricos que son fundamentales para la historia de nuestro pa\u00eds. Despu\u00e9s seguimos con Germ\u00e1n Abdala y posteriormente con H\u00e9ctor Castro&#8221;, dijo el art\u00edsta.<\/p>\n<p>Bererger dijo que utiliza el arte &#8220;como un arte cargada de futuro y con capacidades de comunicaci\u00f3n inmensas,\u00a0 donde uno tiene que hacerse cargo de lo que hace, de lo que decide. Estas obras son una elecci\u00f3n para aportar qu\u00e9 puedo cambiar desde mi humilde lugar&#8221;.<\/p>\n<p>En esa l\u00ednea, agradeci\u00f3 &#8220;a ATE nacional que nos abri\u00f3 las puertas cuando les propusimos hacer al obra con la historia de vida de German Abdala, con mucha responsabilidad porque Germ\u00e1n es San Mart\u00edn en ATE, estaba en todos los cuadros colgados del sindicato.\u00a0Estas obras tambi\u00e9n sirvieron para humanizar a estos referentes. Tosco sin mameluco, German fuera del programa\u00a0 de Neustadt. Con H\u00e9ctor Castro no ten\u00edamos filmaciones ni audios ni documentos, pero tuvimos su biograf\u00eda y el testimonio de su familia y gente allegada que nos dio gran aporte para construir la obra. Le agradezco a Federico Giuliani tambi\u00e9n por el apoyo constante, nos hicimos amigos apenas nos conocimos&#8221;, afirm\u00f3 en otro tramo.<\/p>\n<p>Seguidamente, habl\u00f3\u00a0Atilo L\u00f3pez hijo. &#8220;Es un gusto compartir con la familia de ATE y los compa\u00f1eros presentes. Quiero felicitar por el trabajo de Seba Berenger. Tengo un\u00a0 recuerdo enorme de La Perra que estuvo muchas veces en casa, comparti\u00f3 con el Negro Atilio la parte pol\u00edtica, el sindicalismo de la \u00e9poca que comparti\u00f3 en la CGT con todos luchadores, muchos ya no est\u00e1n y otros nos siguen acompa\u00f1ando&#8221;, rese\u00f1\u00f3 Atilio.<\/p>\n<p>L\u00f3pez destac\u00f3 tambi\u00e9n que &#8220;estamos viendo el resurgimiento de la parte sindical con j\u00f3venes dirigentes como Federico Giuliani, para\u00a0 difundir la historia de C\u00f3rdoba y hacer conocer que nos toc\u00f3 vivir.\u00a0Quiero destacar que todos estos grandes dirigentes no tuvieron ning\u00fan problema en poner en pr\u00e1ctica la unidad en la acci\u00f3n. Tosco no era peronista, Manuel Reyes venia del peronismo, como la Perra Castro y Raul Angel Ferreyra, Lumello, por nombrar algunos. \u00a0A pesar que hab\u00edan matices entre la conducci\u00f3n de aquella CGT de la Resistencia, hubo unidad en la acci\u00f3n&#8221;.<\/p>\n<p>Posteriormente, Giuliani invit\u00f3 a dirigirse a los presentes a Mirta Castro, que fue testigo del Cordobazo junto a H\u00e9ctor y como secretaria administrativa de ATE C\u00f3rdoba. &#8220;Mi hermano fue uno de los hacedores del Cordobazo, una cuarta pata que nunca se nombra, como dicen ustedes. Con el Negro L\u00f3pez eran cumpas, anduvieron refugiados juntos ante la persecuci\u00f3n de la \u00e9poca&#8221;. Mirta tambi\u00e9n cort\u00f3 que el doctor Ricardo Obreg\u00f3n Cano, a la postre gobernador de C\u00f3rdoba por el el peronismo elegido en 1973, fue odont\u00f3logo en la antigua sede de calle Corrientes.<\/p>\n<p>Tambi\u00e9n particip\u00f3 del conversatorio H\u00e9ctor Tosco, quien afirm\u00f3 la necesidad de recordar &#8220;los documentos de Huerta Grande, de La Falda, de la CGT de los Argentinos, que son b\u00e1sicamente los documentos que nos dejaron los compa\u00f1eros como una herencia para referenciar el cimiento del C\u00f3rdobazo. Sin que lo supieran sus hacedores, en esos documentos est\u00e1 la base que despu\u00e9s derivar\u00eda en la gesta popular. La gran mayor\u00eda de esa doctrina a\u00fan est\u00e1 vigente&#8221;.<\/p>\n<p>Tosco destac\u00f3 tambi\u00e9n como causas del C\u00f3rdobazo &#8220;el asesinato de tantos m\u00e1rtires asesinados en C\u00f3rdoba, Rosario y Corrientes&#8221;.<\/p>\n<p>Activista sindical al igual que su padre en Luz y Fuerza, H\u00e9ctor dijo que &#8220;creo que la situaci\u00f3n econ\u00f3mica y social\u00a0 en la provincia en la actualidad se asemeja mucho a la que viv\u00edamos en aquel tiempo. Lo que no es igual es que los enemigos dela Naci\u00f3n, de las grandes mayor\u00edas, no se disfrazan de dictadores sino que se camuflan en la democracia, que permite la mentira como un factor m\u00e1s del juego democr\u00e1tico. Y eso es lo que las fuerzas corporativas supieron acaparar y hoy el sometimiento y entrega del patria es similar a la dictadura, pero en base a esas mentiras. Por eso pienso que el Cordobazo debe ser una luz para el presente&#8221;.<\/p>\n<p>Tambi\u00e9n hablaron Torres Galindez y otros, todos en medio de un ambiente de compa\u00f1erismo y fuerte emoci\u00f3n ante el recuerdo de los hechos que marcaron a fuego historia del movimiento obrero cordob\u00e9s. Los interesados pueden ver el conversatorio <a href=\"https:\/\/www.youtube.com\/watch?v=kWKNKR9A-Z8\">aqu\u00ed<\/a>.<\/p>\n<p>Cabe destacar que participaron compa\u00f1eras y compa\u00f1eros de compa\u00f1eros de Fabricaciones Militares, como David Salto y Emiliano Campos de R\u00edo Tercero, de Dioxitek, como su delegado Claudio Cuero Borga, del Ministerio de Trabajo de la Naci\u00f3n, Civiles de las Fuerzas Armadas, PAMI, el secretario Adjunto de la seccional Adelia Mar\u00eda, Roberto Sanchez, Franco Orsato director del Departamento de Discapacidad del CPD, Cesar Theaux referente y director de DDHH de ATE, Leandro\u00a0 Rueda reincorporado del INTI, Rafaela Alcoba secretaria General de ATE R\u00edo Cuarto, Julia Giuliani secretaria de Prensa del CDP, trabajadores provinciales, municipales, de Iosfa y\u00a0 Senasa, entre otros.<\/p>\n<p>&nbsp;<\/p>\n<p>&nbsp;<\/p>\n","protected":false},"excerpt":{"rendered":"<p>En un conversatorio virtual convocado por el Consejo Directivo Provincial, ATE C\u00f3rdoba realiz\u00f3 el pasado s\u00e1bado 29 de mayo un homenaje a los l\u00edderes y luchadores del C\u00f3rdobazo, rescatando la figura de H\u00e9ctor &#8216;La Perra&#8217; Castro, dirigente de la seccional C\u00f3rdoba de ATE que particip\u00f3 de la conducci\u00f3n de la CGT C\u00f3rdoba, junto a Atilio [&hellip;]<\/p>\n","protected":false},"author":7,"featured_media":26058,"comment_status":"open","ping_status":"open","sticky":true,"template":"","format":"standard","meta":{"_exactmetrics_skip_tracking":false,"_exactmetrics_sitenote_active":false,"_exactmetrics_sitenote_note":"","_exactmetrics_sitenote_category":0,"jnews-multi-image_gallery":[],"jnews_single_post":{"source_name":"","source_url":"","via_name":"","via_url":"","override_template":"0","override":[{"template":"1","single_blog_custom":"","parallax":"1","fullscreen":"0","layout":"right-sidebar","sidebar":"default-sidebar","second_sidebar":"default-sidebar","sticky_sidebar":"1","share_position":"top","share_float_style":"share-monocrhome","show_share_counter":"1","show_view_counter":"1","show_featured":"1","show_post_meta":"1","show_post_author":"1","show_post_author_image":"1","show_post_date":"1","post_date_format":"default","post_date_format_custom":"Y\/m\/d","show_post_category":"1","show_post_reading_time":"0","post_reading_time_wpm":"300","show_zoom_button":"0","zoom_button_out_step":"2","zoom_button_in_step":"3","show_post_tag":"1","show_prev_next_post":"1","show_popup_post":"1","number_popup_post":"1","show_author_box":"0","show_post_related":"0","show_inline_post_related":"0"}],"override_image_size":"0","image_override":[{"single_post_thumbnail_size":"crop-500","single_post_gallery_size":"crop-500"}],"trending_post":"0","trending_post_position":"meta","trending_post_label":"Trending","sponsored_post":"0","sponsored_post_label":"Sponsored by","sponsored_post_name":"","sponsored_post_url":"","sponsored_post_logo_enable":"0","sponsored_post_logo":"","sponsored_post_desc":""},"jnews_primary_category":{"id":""},"jnews_social_meta":{"fb_title":"","fb_description":"","fb_image":"","twitter_title":"","twitter_description":"","twitter_image":""},"jnews_review":[],"enable_review":"0","type":"percentage","name":"","summary":"","brand":"","sku":"","good":[{"good_text":""}],"bad":[{"bad_text":""}],"score_override":"","override_value":"","rating":[{"rating_text":"","rating_number":"10"}],"price":[{"shop":"","price":"","link":"","icon":""}],"jnews_override_counter":{"override_view_counter":"0","view_counter_number":"0","override_share_counter":"0","share_counter_number":"0","override_like_counter":"0","like_counter_number":"0","override_dislike_counter":"0","dislike_counter_number":"0"},"jnews_post_split":{"enable_post_split":"0","post_split":[{"template":"1","tag":"h2","numbering":"asc","mode":"normal"}]},"footnotes":""},"categories":[341,88],"tags":[830,720],"class_list":["post-26057","post","type-post","status-publish","format-standard","has-post-thumbnail","hentry","category-cdp","category-formacion","tag-cordobazo","tag-obra-de-teatro"],"jetpack_featured_media_url":"https:\/\/atecordoba.org\/wp-content\/uploads\/2021\/05\/4.png","_links":{"self":[{"href":"https:\/\/atecordoba.org\/index.php?rest_route=\/wp\/v2\/posts\/26057","targetHints":{"allow":["GET"]}}],"collection":[{"href":"https:\/\/atecordoba.org\/index.php?rest_route=\/wp\/v2\/posts"}],"about":[{"href":"https:\/\/atecordoba.org\/index.php?rest_route=\/wp\/v2\/types\/post"}],"author":[{"embeddable":true,"href":"https:\/\/atecordoba.org\/index.php?rest_route=\/wp\/v2\/users\/7"}],"replies":[{"embeddable":true,"href":"https:\/\/atecordoba.org\/index.php?rest_route=%2Fwp%2Fv2%2Fcomments&post=26057"}],"version-history":[{"count":1,"href":"https:\/\/atecordoba.org\/index.php?rest_route=\/wp\/v2\/posts\/26057\/revisions"}],"predecessor-version":[{"id":26067,"href":"https:\/\/atecordoba.org\/index.php?rest_route=\/wp\/v2\/posts\/26057\/revisions\/26067"}],"wp:featuredmedia":[{"embeddable":true,"href":"https:\/\/atecordoba.org\/index.php?rest_route=\/wp\/v2\/media\/26058"}],"wp:attachment":[{"href":"https:\/\/atecordoba.org\/index.php?rest_route=%2Fwp%2Fv2%2Fmedia&parent=26057"}],"wp:term":[{"taxonomy":"category","embeddable":true,"href":"https:\/\/atecordoba.org\/index.php?rest_route=%2Fwp%2Fv2%2Fcategories&post=26057"},{"taxonomy":"post_tag","embeddable":true,"href":"https:\/\/atecordoba.org\/index.php?rest_route=%2Fwp%2Fv2%2Ftags&post=26057"}],"curies":[{"name":"wp","href":"https:\/\/api.w.org\/{rel}","templated":true}]}}