{"id":26026,"date":"2021-05-28T11:49:44","date_gmt":"2021-05-28T14:49:44","guid":{"rendered":"https:\/\/atecordoba.org\/?p=26026"},"modified":"2021-05-28T12:30:03","modified_gmt":"2021-05-28T15:30:03","slug":"la-corredma-repudia-la-convocatoria-de-fadea-de-personal-via-internet","status":"publish","type":"post","link":"https:\/\/atecordoba.org\/?p=26026","title":{"rendered":"La CORREDMA repudia la convocatoria de FADEA de b\u00fasqueda de personal v\u00eda internet"},"content":{"rendered":"<figure id=\"attachment_26027\" aria-describedby=\"caption-attachment-26027\" style=\"width: 598px\" class=\"wp-caption aligncenter\"><a href=\"https:\/\/atecordoba.org\/wp-content\/uploads\/2021\/05\/CARTEL-FADEA.jpeg\"><img loading=\"lazy\" decoding=\"async\" class=\"wp-image-26027\" src=\"https:\/\/atecordoba.org\/wp-content\/uploads\/2021\/05\/CARTEL-FADEA-300x225.jpeg\" alt=\"\" width=\"598\" height=\"448\" srcset=\"https:\/\/atecordoba.org\/wp-content\/uploads\/2021\/05\/CARTEL-FADEA-300x225.jpeg 300w, https:\/\/atecordoba.org\/wp-content\/uploads\/2021\/05\/CARTEL-FADEA-1024x768.jpeg 1024w, https:\/\/atecordoba.org\/wp-content\/uploads\/2021\/05\/CARTEL-FADEA-768x576.jpeg 768w, https:\/\/atecordoba.org\/wp-content\/uploads\/2021\/05\/CARTEL-FADEA-750x563.jpeg 750w, https:\/\/atecordoba.org\/wp-content\/uploads\/2021\/05\/CARTEL-FADEA-1140x855.jpeg 1140w, https:\/\/atecordoba.org\/wp-content\/uploads\/2021\/05\/CARTEL-FADEA.jpeg 1280w\" sizes=\"auto, (max-width: 598px) 100vw, 598px\" \/><\/a><figcaption id=\"caption-attachment-26027\" class=\"wp-caption-text\">Integrantes de la CORREDMA frente a FADEA.<\/figcaption><\/figure>\n<p>Ante la convocatoria v\u00eda Internet de un cargo en FADEA, en una web de b\u00fasqueda laboral, la CORREDMA sali\u00f3 a repudiar a la direcci\u00f3n de la empresa estatal por ignorar el reclamo de las y los despedidos del macrismo por la reincorporaci\u00f3n a sus puestos de trabajo, que lleva ya 18 meses desde la asunci\u00f3n de la actual gesti\u00f3n de gobierno nacional.<\/p>\n<p>Se trata de la b\u00fasqueda de un jefe de mantenimiento realizada en el web computrabajo.com.ar<\/p>\n<p>&#8220;Desde la CORREDMA obviamente que contamos con personal que pueda hacerse cargo de esa tarea \u00a0y mucho m\u00e1s.\u00a0 Por eso sostenemos que claramente es un golpe a los trabajadores y para la gente que se organiza para ser reincorporada y poder trabajar&#8221;, dijo Lucas Arce, trabajador despedido de FADEA e integrante de la CORREDMA.<\/p>\n<p>\u00dd agreg\u00f3: &#8220;as\u00ed como esta convocatoria v\u00eda internet tambi\u00e9n hubieron reingresos de gente que fue elegida por perfiles que presuntamente &#8216;no son problem\u00e1ticos&#8217;, realiz\u00e1ndose contratos para retomar su trabajo. Sabemos que la empresa no quiere reingresar a ning\u00fan trabajador que haya tenido\u00a0 que ver con ATE&#8221;.<\/p>\n<p>&#8220;Es evidente que la direcci\u00f3n de la F\u00e1brica se asemeja a las corporaciones conducidas por CEOS que a una empresa del Estado, como la responsable de Fadea Mirta Iriondo, tomando medidas antipopulares y antitrabajadores y sin acceder a un acercamiento con los cientos de despedidos del macrismo&#8221;, denunci\u00f3 el compa\u00f1ero.<\/p>\n<p>Iriondo realiz\u00f3\u00a0 sendas declaraciones en la prensa, donde menospreci\u00f3 a las y los trabajadores despedidos asegurando que no tienen el perfil que requiere la empresa, cuando hay compa\u00f1eros y compa\u00f1eros con d\u00e9cadas de antig\u00fcedad, cometiendo una falta de respeto total y asoci\u00e1ndose a las justificaciones macristas para cometer los despidos e imponer el ajuste estructural en FADEA.<\/p>\n<p>&#8220;Vale aclarar que las reincorporaci\u00f3n es un derecho que tenemos como trabajadores: el macrismo nos coart\u00f3 la posibilidad de seguir trabajando en la aviaci\u00f3n, lo que sabemos y lo que amamos. Esta administraci\u00f3n prosigue el mismo rumbo&#8221;, dijo Arce.<\/p>\n<p>Y concluy\u00f3 se\u00f1alando que &#8220;de esta forma, la direcci\u00f3n de la empresa apuesta con esta convocatoria a la precarizaci\u00f3n de la mano de obra. Por eso implementan contratos a plazo y monotributos, una evidente\u00a0 involuci\u00f3n para la mano de obra aeron\u00e1utica que necesita de una responsabilidad estricta para realizar trabajos de la envergadura como los que hay que hacer\u00a0 en FADEA. Sabemos que hay gente trabajando bajo convenios de UOM y UOCRA, que no corresponde a la actividad&#8221;.<\/p>\n","protected":false},"excerpt":{"rendered":"<p>Ante la convocatoria v\u00eda Internet de un cargo en FADEA, en una web de b\u00fasqueda laboral, la CORREDMA sali\u00f3 a repudiar a la direcci\u00f3n de la empresa estatal por ignorar el reclamo de las y los despedidos del macrismo por la reincorporaci\u00f3n a sus puestos de trabajo, que lleva ya 18 meses desde la asunci\u00f3n [&hellip;]<\/p>\n","protected":false},"author":7,"featured_media":26027,"comment_status":"open","ping_status":"open","sticky":true,"template":"","format":"standard","meta":{"_exactmetrics_skip_tracking":false,"_exactmetrics_sitenote_active":false,"_exactmetrics_sitenote_note":"","_exactmetrics_sitenote_category":0,"jnews-multi-image_gallery":[],"jnews_single_post":{"source_name":"","source_url":"","via_name":"","via_url":"","override_template":"0","override":[{"template":"1","single_blog_custom":"","parallax":"1","fullscreen":"0","layout":"right-sidebar","sidebar":"default-sidebar","second_sidebar":"default-sidebar","sticky_sidebar":"1","share_position":"top","share_float_style":"share-monocrhome","show_share_counter":"1","show_view_counter":"1","show_featured":"1","show_post_meta":"1","show_post_author":"1","show_post_author_image":"1","show_post_date":"1","post_date_format":"default","post_date_format_custom":"Y\/m\/d","show_post_category":"1","show_post_reading_time":"0","post_reading_time_wpm":"300","show_zoom_button":"0","zoom_button_out_step":"2","zoom_button_in_step":"3","show_post_tag":"1","show_prev_next_post":"1","show_popup_post":"1","number_popup_post":"1","show_author_box":"0","show_post_related":"0","show_inline_post_related":"0"}],"override_image_size":"0","image_override":[{"single_post_thumbnail_size":"crop-500","single_post_gallery_size":"crop-500"}],"trending_post":"0","trending_post_position":"meta","trending_post_label":"Trending","sponsored_post":"0","sponsored_post_label":"Sponsored by","sponsored_post_name":"","sponsored_post_url":"","sponsored_post_logo_enable":"0","sponsored_post_logo":"","sponsored_post_desc":""},"jnews_primary_category":{"id":""},"jnews_social_meta":{"fb_title":"","fb_description":"","fb_image":"","twitter_title":"","twitter_description":"","twitter_image":""},"jnews_review":[],"enable_review":"0","type":"percentage","name":"","summary":"","brand":"","sku":"","good":[{"good_text":""}],"bad":[{"bad_text":""}],"score_override":"","override_value":"","rating":[{"rating_text":"","rating_number":"10"}],"price":[{"shop":"","price":"","link":"","icon":""}],"jnews_override_counter":{"override_view_counter":"0","view_counter_number":"0","override_share_counter":"0","share_counter_number":"0","override_like_counter":"0","like_counter_number":"0","override_dislike_counter":"0","dislike_counter_number":"0"},"jnews_post_split":{"enable_post_split":"0","post_split":[{"template":"1","tag":"h2","numbering":"asc","mode":"normal"}]},"footnotes":""},"categories":[152],"tags":[165],"class_list":["post-26026","post","type-post","status-publish","format-standard","has-post-thumbnail","hentry","category-despedidos","tag-fadea"],"jetpack_featured_media_url":"https:\/\/atecordoba.org\/wp-content\/uploads\/2021\/05\/CARTEL-FADEA.jpeg","_links":{"self":[{"href":"https:\/\/atecordoba.org\/index.php?rest_route=\/wp\/v2\/posts\/26026","targetHints":{"allow":["GET"]}}],"collection":[{"href":"https:\/\/atecordoba.org\/index.php?rest_route=\/wp\/v2\/posts"}],"about":[{"href":"https:\/\/atecordoba.org\/index.php?rest_route=\/wp\/v2\/types\/post"}],"author":[{"embeddable":true,"href":"https:\/\/atecordoba.org\/index.php?rest_route=\/wp\/v2\/users\/7"}],"replies":[{"embeddable":true,"href":"https:\/\/atecordoba.org\/index.php?rest_route=%2Fwp%2Fv2%2Fcomments&post=26026"}],"version-history":[{"count":3,"href":"https:\/\/atecordoba.org\/index.php?rest_route=\/wp\/v2\/posts\/26026\/revisions"}],"predecessor-version":[{"id":26034,"href":"https:\/\/atecordoba.org\/index.php?rest_route=\/wp\/v2\/posts\/26026\/revisions\/26034"}],"wp:featuredmedia":[{"embeddable":true,"href":"https:\/\/atecordoba.org\/index.php?rest_route=\/wp\/v2\/media\/26027"}],"wp:attachment":[{"href":"https:\/\/atecordoba.org\/index.php?rest_route=%2Fwp%2Fv2%2Fmedia&parent=26026"}],"wp:term":[{"taxonomy":"category","embeddable":true,"href":"https:\/\/atecordoba.org\/index.php?rest_route=%2Fwp%2Fv2%2Fcategories&post=26026"},{"taxonomy":"post_tag","embeddable":true,"href":"https:\/\/atecordoba.org\/index.php?rest_route=%2Fwp%2Fv2%2Ftags&post=26026"}],"curies":[{"name":"wp","href":"https:\/\/api.w.org\/{rel}","templated":true}]}}