{"id":26017,"date":"2021-05-28T09:10:04","date_gmt":"2021-05-28T12:10:04","guid":{"rendered":"https:\/\/atecordoba.org\/?p=26017"},"modified":"2021-05-28T09:10:52","modified_gmt":"2021-05-28T12:10:52","slug":"ministerio-de-trabajo-las-y-los-trabajadores-de-cordoba-y-rio-cuarto-frente-a-la-paritaria","status":"publish","type":"post","link":"https:\/\/atecordoba.org\/?p=26017","title":{"rendered":"Ministerio de Trabajo: las y los trabajadores de C\u00f3rdoba y R\u00edo Cuarto frente a la paritaria"},"content":{"rendered":"<p><img loading=\"lazy\" decoding=\"async\" class=\" wp-image-26018 alignleft\" src=\"https:\/\/atecordoba.org\/wp-content\/uploads\/2021\/05\/Reuni\u00f3n-20-05-300x137.jpeg\" alt=\"\" width=\"528\" height=\"241\" srcset=\"https:\/\/atecordoba.org\/wp-content\/uploads\/2021\/05\/Reuni\u00f3n-20-05-300x137.jpeg 300w, https:\/\/atecordoba.org\/wp-content\/uploads\/2021\/05\/Reuni\u00f3n-20-05.jpeg 588w\" sizes=\"auto, (max-width: 528px) 100vw, 528px\" \/>El pasado jueves 20 de mayo, trabajadores y trabajadoras del Ministerio de Trabajo, Empleo y Seguridad Social de la Naci\u00f3n de las agencias territoriales C\u00f3rdoba y R\u00edo Cuarto realizaron una a una Asamblea Virtual conjunta, que cont\u00f3 con la participaci\u00f3n de m\u00e1s de 20 compa\u00f1eras y compa\u00f1eros de ambas delegaciones.<\/p>\n<p>Con la apertura del delegado Jorge Chalup y la delegada Elisa Mar\u00eda Sotti, la asamblea hizo un repaso de las participaciones de plenarios en las que estuvieron presentes. Los temas en los que se debati\u00f3 se pueden resumir en los siguientes:<\/p>\n<ul>\n<li>el pliego de reclamos expuestos en la Asamblea de Nacionales convocadas tanto por el Consejo Directivo Provincial (CDP) de ATE C\u00f3rdoba c\u00f3mo por la Junta Interna ATE Trabajo, destacando que el aumento salarial deber estar por encima de la inflaci\u00f3n sino se quiere condenar a la pobreza al conjunto de trabajadores.<\/li>\n<li>terminar con salarios de pobreza y el silencio de las autoridades frente a los pedidos y necesidades de las y los trabajadores que quieren trabajar, pero no les facilitan las herramientas para hacerlo. Se propusieron acciones de protesta virtuales y medidas de fuerza en caso de que la paritaria no alcance a saldar lo que hace a\u00f1os venimos perdiendo con la inflaci\u00f3n.<\/li>\n<li>la necesidad de avanzar en la estabilidad en la funci\u00f3n p\u00fablica. En tal sentido, se pas\u00f3 en limpio la situaci\u00f3n real de los concursos a planta permanente: el remanente de 2015, y las futuras convocatorias. Fue manifestada la necesidad de la presencia y la lucha gremial en las primeras instancias del armado de bases de los concursos con recursos humanos, para garantizar esta federalidad de los puestos y con perspectiva de g\u00e9nero.<\/li>\n<\/ul>\n<p>Por \u00faltimo, el cuerpo de delegados se despidi\u00f3 de sus funciones porque se inicia un proceso de renovaci\u00f3n y recambio, asumiendo como representantes normalizadores hasta que se puedan hacer elecciones, hoy vedado por la Resoluci\u00f3n 133\/21 del MTEySS: Emiliano \u201cFlaco\u201d Navarro y Mar\u00eda Elena \u201cMale\u201d Berger por ATE C\u00f3rdoba y Mar\u00eda Eva Velasco por ATE R\u00edo Cuarto.<\/p>\n","protected":false},"excerpt":{"rendered":"<p>El pasado jueves 20 de mayo, trabajadores y trabajadoras del Ministerio de Trabajo, Empleo y Seguridad Social de la Naci\u00f3n de las agencias territoriales C\u00f3rdoba y R\u00edo Cuarto realizaron una a una Asamblea Virtual conjunta, que cont\u00f3 con la participaci\u00f3n de m\u00e1s de 20 compa\u00f1eras y compa\u00f1eros de ambas delegaciones. Con la apertura del delegado [&hellip;]<\/p>\n","protected":false},"author":7,"featured_media":26018,"comment_status":"open","ping_status":"open","sticky":true,"template":"","format":"standard","meta":{"_exactmetrics_skip_tracking":false,"_exactmetrics_sitenote_active":false,"_exactmetrics_sitenote_note":"","_exactmetrics_sitenote_category":0,"jnews-multi-image_gallery":[],"jnews_single_post":{"source_name":"","source_url":"","via_name":"","via_url":"","override_template":"0","override":[{"template":"1","single_blog_custom":"","parallax":"1","fullscreen":"0","layout":"right-sidebar","sidebar":"default-sidebar","second_sidebar":"default-sidebar","sticky_sidebar":"1","share_position":"top","share_float_style":"share-monocrhome","show_share_counter":"1","show_view_counter":"1","show_featured":"1","show_post_meta":"1","show_post_author":"1","show_post_author_image":"1","show_post_date":"1","post_date_format":"default","post_date_format_custom":"Y\/m\/d","show_post_category":"1","show_post_reading_time":"0","post_reading_time_wpm":"300","show_zoom_button":"0","zoom_button_out_step":"2","zoom_button_in_step":"3","show_post_tag":"1","show_prev_next_post":"1","show_popup_post":"1","number_popup_post":"1","show_author_box":"0","show_post_related":"0","show_inline_post_related":"0"}],"override_image_size":"0","image_override":[{"single_post_thumbnail_size":"crop-500","single_post_gallery_size":"crop-500"}],"trending_post":"0","trending_post_position":"meta","trending_post_label":"Trending","sponsored_post":"0","sponsored_post_label":"Sponsored by","sponsored_post_name":"","sponsored_post_url":"","sponsored_post_logo_enable":"0","sponsored_post_logo":"","sponsored_post_desc":""},"jnews_primary_category":{"id":""},"jnews_social_meta":{"fb_title":"","fb_description":"","fb_image":"","twitter_title":"","twitter_description":"","twitter_image":""},"jnews_review":[],"enable_review":"0","type":"percentage","name":"","summary":"","brand":"","sku":"","good":[{"good_text":""}],"bad":[{"bad_text":""}],"score_override":"","override_value":"","rating":[{"rating_text":"","rating_number":"10"}],"price":[{"shop":"","price":"","link":"","icon":""}],"jnews_override_counter":{"override_view_counter":"0","view_counter_number":"0","override_share_counter":"0","share_counter_number":"0","override_like_counter":"0","like_counter_number":"0","override_dislike_counter":"0","dislike_counter_number":"0"},"jnews_post_split":{"enable_post_split":"0","post_split":[{"template":"1","tag":"h2","numbering":"asc","mode":"normal"}]},"footnotes":""},"categories":[341,18,12],"tags":[338],"class_list":["post-26017","post","type-post","status-publish","format-standard","has-post-thumbnail","hentry","category-cdp","category-nacionales","category-rio-cuarto","tag-ministerio-de-trabajo-de-la-nacion"],"jetpack_featured_media_url":"https:\/\/atecordoba.org\/wp-content\/uploads\/2021\/05\/Reuni\u00f3n-20-05.jpeg","_links":{"self":[{"href":"https:\/\/atecordoba.org\/index.php?rest_route=\/wp\/v2\/posts\/26017","targetHints":{"allow":["GET"]}}],"collection":[{"href":"https:\/\/atecordoba.org\/index.php?rest_route=\/wp\/v2\/posts"}],"about":[{"href":"https:\/\/atecordoba.org\/index.php?rest_route=\/wp\/v2\/types\/post"}],"author":[{"embeddable":true,"href":"https:\/\/atecordoba.org\/index.php?rest_route=\/wp\/v2\/users\/7"}],"replies":[{"embeddable":true,"href":"https:\/\/atecordoba.org\/index.php?rest_route=%2Fwp%2Fv2%2Fcomments&post=26017"}],"version-history":[{"count":2,"href":"https:\/\/atecordoba.org\/index.php?rest_route=\/wp\/v2\/posts\/26017\/revisions"}],"predecessor-version":[{"id":26020,"href":"https:\/\/atecordoba.org\/index.php?rest_route=\/wp\/v2\/posts\/26017\/revisions\/26020"}],"wp:featuredmedia":[{"embeddable":true,"href":"https:\/\/atecordoba.org\/index.php?rest_route=\/wp\/v2\/media\/26018"}],"wp:attachment":[{"href":"https:\/\/atecordoba.org\/index.php?rest_route=%2Fwp%2Fv2%2Fmedia&parent=26017"}],"wp:term":[{"taxonomy":"category","embeddable":true,"href":"https:\/\/atecordoba.org\/index.php?rest_route=%2Fwp%2Fv2%2Fcategories&post=26017"},{"taxonomy":"post_tag","embeddable":true,"href":"https:\/\/atecordoba.org\/index.php?rest_route=%2Fwp%2Fv2%2Ftags&post=26017"}],"curies":[{"name":"wp","href":"https:\/\/api.w.org\/{rel}","templated":true}]}}