{"id":2601,"date":"2013-04-17T17:11:00","date_gmt":"2013-04-17T20:11:00","guid":{"rendered":"http:\/\/www.atecordoba.org\/?p=2601"},"modified":"2013-04-17T17:11:00","modified_gmt":"2013-04-17T20:11:00","slug":"continua-el-conflicto-en-pami-rio-ceballos","status":"publish","type":"post","link":"https:\/\/atecordoba.org\/?p=2601","title":{"rendered":"Contin\u00faa el conflicto en PAMI R\u00edo Ceballos"},"content":{"rendered":"<p><em>Esta ma\u00f1ana se llev\u00f3 a cabo la tercera asamblea en la sede PAMI de R\u00edo Ceballos en el marco del conflicto surgido por las denuncias de violencia y malos tratos por parte de la jefa de la agencia, Claudia Palloto, hacia los trabajadores del sector y a los jubilados.<\/em><\/p>\n<p><a href=\"http:\/\/www.atecordoba.org\/wp-content\/uploads\/2013\/04\/Asamblea-PAMI-Miercoles-17-04-13.jpg\"><img loading=\"lazy\" decoding=\"async\" class=\"aligncenter size-medium wp-image-2602\" title=\"Asamblea PAMI Miercoles 17-04-13\" src=\"http:\/\/www.atecordoba.org\/wp-content\/uploads\/2013\/04\/Asamblea-PAMI-Miercoles-17-04-13-300x225.jpg\" alt=\"\" width=\"300\" height=\"225\" \/><\/a><\/p>\n<p>La asamblea dio comienzo a las 10 de la ma\u00f1ana y acudieron a la convocatoria los trabajadores del sector, representantes de la junta interna de PAMI C\u00f3rdoba, miembros del consejo directivo ATE C\u00f3rdoba y jubilados.<\/p>\n<p>El tema central fue la falta de respuesta de las autoridades del PAMI ante los reiterados reclamos de que cesen los actos de violencia y malos tratos como as\u00ed tambi\u00e9n la inmediata reincorporaci\u00f3n del compa\u00f1ero Carlos Centeno, cuyo traslado a otra dependencia es una clara muestra de disciplinamiento de la patronal hacia los trabajadores que se animan a denunciar este estado de iniquidades.<\/p>\n<p>\u201cEst\u00e1 haciendo quedar muy mal a la instituci\u00f3n\u201d; dijo uno de los trabajadores teniendo en cuenta que es pol\u00edtica del Estado Nacional proveer de los espacios de contenci\u00f3n y buena atenci\u00f3n a los jubilados. Pero pol\u00edtica que se no se lleva a t\u00e9rmino dadas las demoras inexplicables en el curso de los tr\u00e1mites, el retiro arbitrario de bolsones adem\u00e1s de los malos tratos ya mencionados. \u201cQueremos que se nos trate como seres humanos\u201d, declar\u00f3 en la asamblea una de las compa\u00f1eras jubiladas en vista de las consumadas violaciones a sus derechos por el trato negligente y desp\u00f3tico de la funcionaria. Este reclamo se hizo extensivo a las autoridades del PAMI por ignorar estos justos reclamos y contribuir a que el conflicto cobre mayores dimensiones.<\/p>\n<p>El pr\u00f3ximo paso a seguir es la declaraci\u00f3n de medidas de acci\u00f3n directa con paro y movilizaci\u00f3n a la sede central del PAMI C\u00f3rdoba en donde se va a convocar adem\u00e1s a los medios de comunicaci\u00f3n para que transmitan a la comunidad la desaprensi\u00f3n y hostigamiento hacia los jubilados y los trabajadores por parte de funcionarios que se creen que est\u00e1n en un feudo y no en una funci\u00f3n de servicio p\u00fablico.<\/p>\n<p>A tales efectos, este viernes 19, a las 17 hs., los jubilados se van a reunir en la puerta de la capilla vieja en R\u00edo Ceballos para organizar la marcha hacia la sede PAMI de la ciudad de C\u00f3rdoba.<\/p>\n<p>Asimismo, en la asamblea se anunci\u00f3 que el equipo jur\u00eddico del CDP est\u00e1 estudiando la posibilidad de realizar las presentaciones judiciales pertinentes a los fines de que el compa\u00f1ero Carlos Centeno se restituido a su puesto de trabajo en la unidad de Rio Ceballos<\/p>\n","protected":false},"excerpt":{"rendered":"<p>Esta ma\u00f1ana se llev\u00f3 a cabo la tercera asamblea en la sede PAMI de R\u00edo Ceballos en el marco del conflicto surgido por las denuncias de violencia y malos tratos por parte de la jefa de la agencia, Claudia Palloto, hacia los trabajadores del sector y a los jubilados. La asamblea dio comienzo a las [&hellip;]<\/p>\n","protected":false},"author":1,"featured_media":19220,"comment_status":"open","ping_status":"open","sticky":false,"template":"","format":"standard","meta":{"_exactmetrics_skip_tracking":false,"_exactmetrics_sitenote_active":false,"_exactmetrics_sitenote_note":"","_exactmetrics_sitenote_category":0,"jnews-multi-image_gallery":[],"jnews_single_post":[],"jnews_primary_category":[],"jnews_social_meta":[],"jnews_review":[],"enable_review":"","type":"","name":"","summary":"","brand":"","sku":"","good":[],"bad":[],"score_override":"","override_value":"","rating":[],"price":[],"jnews_override_counter":[],"jnews_post_split":[],"footnotes":""},"categories":[18],"tags":[],"class_list":["post-2601","post","type-post","status-publish","format-standard","has-post-thumbnail","hentry","category-nacionales"],"jetpack_featured_media_url":"https:\/\/atecordoba.org\/wp-content\/uploads\/2020\/05\/logo-nuevochico-e1561581322808.png","_links":{"self":[{"href":"https:\/\/atecordoba.org\/index.php?rest_route=\/wp\/v2\/posts\/2601","targetHints":{"allow":["GET"]}}],"collection":[{"href":"https:\/\/atecordoba.org\/index.php?rest_route=\/wp\/v2\/posts"}],"about":[{"href":"https:\/\/atecordoba.org\/index.php?rest_route=\/wp\/v2\/types\/post"}],"author":[{"embeddable":true,"href":"https:\/\/atecordoba.org\/index.php?rest_route=\/wp\/v2\/users\/1"}],"replies":[{"embeddable":true,"href":"https:\/\/atecordoba.org\/index.php?rest_route=%2Fwp%2Fv2%2Fcomments&post=2601"}],"version-history":[{"count":0,"href":"https:\/\/atecordoba.org\/index.php?rest_route=\/wp\/v2\/posts\/2601\/revisions"}],"wp:featuredmedia":[{"embeddable":true,"href":"https:\/\/atecordoba.org\/index.php?rest_route=\/wp\/v2\/media\/19220"}],"wp:attachment":[{"href":"https:\/\/atecordoba.org\/index.php?rest_route=%2Fwp%2Fv2%2Fmedia&parent=2601"}],"wp:term":[{"taxonomy":"category","embeddable":true,"href":"https:\/\/atecordoba.org\/index.php?rest_route=%2Fwp%2Fv2%2Fcategories&post=2601"},{"taxonomy":"post_tag","embeddable":true,"href":"https:\/\/atecordoba.org\/index.php?rest_route=%2Fwp%2Fv2%2Ftags&post=2601"}],"curies":[{"name":"wp","href":"https:\/\/api.w.org\/{rel}","templated":true}]}}