{"id":26008,"date":"2021-05-26T14:56:21","date_gmt":"2021-05-26T17:56:21","guid":{"rendered":"https:\/\/atecordoba.org\/?p=26008"},"modified":"2021-05-26T14:57:39","modified_gmt":"2021-05-26T17:57:39","slug":"ate-reclama-a-la-provincia-que-los-municipios-cumplan-medidas-sanitarias-con-sus-propios-trabajadores-y-trabajadoras","status":"publish","type":"post","link":"https:\/\/atecordoba.org\/?p=26008","title":{"rendered":"ATE reclama a la Provincia que los municipios cumplan medidas sanitarias con sus propios trabajadores y trabajadoras"},"content":{"rendered":"<p><img loading=\"lazy\" decoding=\"async\" class=\" wp-image-26011 alignleft\" src=\"https:\/\/atecordoba.org\/wp-content\/uploads\/2021\/05\/rafaela-alcoba-300x169.jpg\" alt=\"\" width=\"437\" height=\"246\" srcset=\"https:\/\/atecordoba.org\/wp-content\/uploads\/2021\/05\/rafaela-alcoba-300x169.jpg 300w, https:\/\/atecordoba.org\/wp-content\/uploads\/2021\/05\/rafaela-alcoba-1024x576.jpg 1024w, https:\/\/atecordoba.org\/wp-content\/uploads\/2021\/05\/rafaela-alcoba-768x432.jpg 768w, https:\/\/atecordoba.org\/wp-content\/uploads\/2021\/05\/rafaela-alcoba-1536x864.jpg 1536w, https:\/\/atecordoba.org\/wp-content\/uploads\/2021\/05\/rafaela-alcoba-750x422.jpg 750w, https:\/\/atecordoba.org\/wp-content\/uploads\/2021\/05\/rafaela-alcoba-1140x641.jpg 1140w, https:\/\/atecordoba.org\/wp-content\/uploads\/2021\/05\/rafaela-alcoba.jpg 1920w\" sizes=\"auto, (max-width: 437px) 100vw, 437px\" \/>A trav\u00e9s de la secretaria General de la seccional R\u00edo Cuarto, Rafaela Alcoba, ATE reclam\u00f3 al gobierno provincial que instruya a los municipios de toda C\u00f3rdoba a cu8mplir con la normativa que regula el trabajo en el Estado durante la pandemia.<\/p>\n<p>&#8220;M\u00e1s all\u00e1 de la autonom\u00eda de cada estado municipal existe un decreto nacional que establece el confinamiento\u00a0 y la adecuaci\u00f3n y adaptaci\u00f3n de los sectores laborales para la atenci\u00f3n.\u00a0 Pero es muy poco el porcentaje en la provincia donde se realizaron medidas tendientes a disminuir la cantidad de personal en los sectores de trabajo, son muy pocos los testeos realizados, muy pocos los que redujeron horarios&#8221;, dijo Alcoba.<\/p>\n<p>La dirigente afirm\u00f3 que, en ese marco, la autonom\u00eda no puede permitir que en los municipios no se cumpla con lo establecido por el decreto nacional.<\/p>\n<p>&nbsp;<\/p>\n","protected":false},"excerpt":{"rendered":"<p>A trav\u00e9s de la secretaria General de la seccional R\u00edo Cuarto, Rafaela Alcoba, ATE reclam\u00f3 al gobierno provincial que instruya a los municipios de toda C\u00f3rdoba a cu8mplir con la normativa que regula el trabajo en el Estado durante la pandemia. &#8220;M\u00e1s all\u00e1 de la autonom\u00eda de cada estado municipal existe un decreto nacional que [&hellip;]<\/p>\n","protected":false},"author":7,"featured_media":26011,"comment_status":"open","ping_status":"open","sticky":true,"template":"","format":"standard","meta":{"_exactmetrics_skip_tracking":false,"_exactmetrics_sitenote_active":false,"_exactmetrics_sitenote_note":"","_exactmetrics_sitenote_category":0,"jnews-multi-image_gallery":[],"jnews_single_post":{"source_name":"","source_url":"","via_name":"","via_url":"","override_template":"0","override":[{"template":"1","single_blog_custom":"","parallax":"1","fullscreen":"0","layout":"right-sidebar","sidebar":"default-sidebar","second_sidebar":"default-sidebar","sticky_sidebar":"1","share_position":"top","share_float_style":"share-monocrhome","show_share_counter":"1","show_view_counter":"1","show_featured":"1","show_post_meta":"1","show_post_author":"1","show_post_author_image":"1","show_post_date":"1","post_date_format":"default","post_date_format_custom":"Y\/m\/d","show_post_category":"1","show_post_reading_time":"0","post_reading_time_wpm":"300","show_zoom_button":"0","zoom_button_out_step":"2","zoom_button_in_step":"3","show_post_tag":"1","show_prev_next_post":"1","show_popup_post":"1","number_popup_post":"1","show_author_box":"0","show_post_related":"0","show_inline_post_related":"0"}],"override_image_size":"0","image_override":[{"single_post_thumbnail_size":"crop-500","single_post_gallery_size":"crop-500"}],"trending_post":"0","trending_post_position":"meta","trending_post_label":"Trending","sponsored_post":"0","sponsored_post_label":"Sponsored by","sponsored_post_name":"","sponsored_post_url":"","sponsored_post_logo_enable":"0","sponsored_post_logo":"","sponsored_post_desc":""},"jnews_primary_category":{"id":""},"jnews_social_meta":{"fb_title":"","fb_description":"","fb_image":"","twitter_title":"","twitter_description":"","twitter_image":""},"jnews_review":[],"enable_review":"0","type":"percentage","name":"","summary":"","brand":"","sku":"","good":[{"good_text":""}],"bad":[{"bad_text":""}],"score_override":"","override_value":"","rating":[{"rating_text":"","rating_number":"10"}],"price":[{"shop":"","price":"","link":"","icon":""}],"jnews_override_counter":{"override_view_counter":"0","view_counter_number":"0","override_share_counter":"0","share_counter_number":"0","override_like_counter":"0","like_counter_number":"0","override_dislike_counter":"0","dislike_counter_number":"0"},"jnews_post_split":{"enable_post_split":"0","post_split":[{"template":"1","tag":"h2","numbering":"asc","mode":"normal"}]},"footnotes":""},"categories":[20],"tags":[358,827],"class_list":["post-26008","post","type-post","status-publish","format-standard","has-post-thumbnail","hentry","category-municipales","tag-covid-19","tag-dnu-confinamiento"],"jetpack_featured_media_url":"https:\/\/atecordoba.org\/wp-content\/uploads\/2021\/05\/rafaela-alcoba.jpg","_links":{"self":[{"href":"https:\/\/atecordoba.org\/index.php?rest_route=\/wp\/v2\/posts\/26008","targetHints":{"allow":["GET"]}}],"collection":[{"href":"https:\/\/atecordoba.org\/index.php?rest_route=\/wp\/v2\/posts"}],"about":[{"href":"https:\/\/atecordoba.org\/index.php?rest_route=\/wp\/v2\/types\/post"}],"author":[{"embeddable":true,"href":"https:\/\/atecordoba.org\/index.php?rest_route=\/wp\/v2\/users\/7"}],"replies":[{"embeddable":true,"href":"https:\/\/atecordoba.org\/index.php?rest_route=%2Fwp%2Fv2%2Fcomments&post=26008"}],"version-history":[{"count":1,"href":"https:\/\/atecordoba.org\/index.php?rest_route=\/wp\/v2\/posts\/26008\/revisions"}],"predecessor-version":[{"id":26012,"href":"https:\/\/atecordoba.org\/index.php?rest_route=\/wp\/v2\/posts\/26008\/revisions\/26012"}],"wp:featuredmedia":[{"embeddable":true,"href":"https:\/\/atecordoba.org\/index.php?rest_route=\/wp\/v2\/media\/26011"}],"wp:attachment":[{"href":"https:\/\/atecordoba.org\/index.php?rest_route=%2Fwp%2Fv2%2Fmedia&parent=26008"}],"wp:term":[{"taxonomy":"category","embeddable":true,"href":"https:\/\/atecordoba.org\/index.php?rest_route=%2Fwp%2Fv2%2Fcategories&post=26008"},{"taxonomy":"post_tag","embeddable":true,"href":"https:\/\/atecordoba.org\/index.php?rest_route=%2Fwp%2Fv2%2Ftags&post=26008"}],"curies":[{"name":"wp","href":"https:\/\/api.w.org\/{rel}","templated":true}]}}