{"id":26006,"date":"2021-05-26T14:50:38","date_gmt":"2021-05-26T17:50:38","guid":{"rendered":"https:\/\/atecordoba.org\/?p=26006"},"modified":"2021-05-26T16:45:12","modified_gmt":"2021-05-26T19:45:12","slug":"ate-cordoba-el-acuerdo-paritario-firmado-con-el-estado-nacional-es-insuficiente","status":"publish","type":"post","link":"https:\/\/atecordoba.org\/?p=26006","title":{"rendered":"ATE C\u00f3rdoba: \u201cEl acuerdo paritario firmado con el Estado Nacional es insuficiente\u201d"},"content":{"rendered":"<p><a href=\"https:\/\/atecordoba.org\/wp-content\/uploads\/2021\/03\/18-03-Jornada-Lucha-Paro-y-Movilizacion-Min-Trabajo_35.jpg\"><img loading=\"lazy\" decoding=\"async\" class=\"alignleft wp-image-24892\" src=\"https:\/\/atecordoba.org\/wp-content\/uploads\/2021\/03\/18-03-Jornada-Lucha-Paro-y-Movilizacion-Min-Trabajo_35-300x200.jpg\" alt=\"\" width=\"511\" height=\"340\" srcset=\"https:\/\/atecordoba.org\/wp-content\/uploads\/2021\/03\/18-03-Jornada-Lucha-Paro-y-Movilizacion-Min-Trabajo_35-300x200.jpg 300w, https:\/\/atecordoba.org\/wp-content\/uploads\/2021\/03\/18-03-Jornada-Lucha-Paro-y-Movilizacion-Min-Trabajo_35-1024x683.jpg 1024w, https:\/\/atecordoba.org\/wp-content\/uploads\/2021\/03\/18-03-Jornada-Lucha-Paro-y-Movilizacion-Min-Trabajo_35-768x512.jpg 768w, https:\/\/atecordoba.org\/wp-content\/uploads\/2021\/03\/18-03-Jornada-Lucha-Paro-y-Movilizacion-Min-Trabajo_35-1536x1024.jpg 1536w, https:\/\/atecordoba.org\/wp-content\/uploads\/2021\/03\/18-03-Jornada-Lucha-Paro-y-Movilizacion-Min-Trabajo_35-2048x1365.jpg 2048w, https:\/\/atecordoba.org\/wp-content\/uploads\/2021\/03\/18-03-Jornada-Lucha-Paro-y-Movilizacion-Min-Trabajo_35-750x500.jpg 750w, https:\/\/atecordoba.org\/wp-content\/uploads\/2021\/03\/18-03-Jornada-Lucha-Paro-y-Movilizacion-Min-Trabajo_35-1140x760.jpg 1140w\" sizes=\"auto, (max-width: 511px) 100vw, 511px\" \/><\/a><a href=\"https:\/\/ate.org.ar\/paritaria-nacional-ate-acepto-una-recomposicion-salarial-del-35-con-revision-en-noviembre\/\" target=\"_blank\" rel=\"noopener noreferrer\">El aumento del 35% pactado se pagar\u00e1 en 6 tramos<\/a> distribuidos -seg\u00fan el acta rubricada hoy- de la siguiente manera: 10% en junio, 5% en agosto, 5% en septiembre, 4% en diciembre, 6% en enero de 2022 y 5% en febrero de 2022. Desde ATE C\u00f3rdoba estimamos que la cifra acordada no est\u00e1 muy lejos de las expectativas de nuestro Plenario de Delegadas y Delegados del Estado Nacional, pero s\u00ed el t\u00e9rmino pautado. <strong>La recomposici\u00f3n de ese porcentual es, a nuestro entender, URGENTE.<\/strong> Parece que no se ha considerado que la inflaci\u00f3n registrada por el INDEC en el primer cuatrimestre de este a\u00f1o es del 17,6 por ciento y que los trabajadores y trabajadoras estatales venimos con una p\u00e9rdida de nuestro poder adquisitivo cercano al 40 por ciento desde diciembre de 2015, seg\u00fan c\u00e1lculos de la Junta Interna de ATE-INDEC, quienes adem\u00e1s informaron que un hogar formado por una pareja de 35 a\u00f1os con 2 hijos en edad escolar necesit\u00f3, el 31 de marzo para la regi\u00f3n del AMBA, $92.928 para satisfacer sus necesidades b\u00e1sicas.<\/p>\n<p><a href=\"https:\/\/atecordoba.org\/?p=25890\" target=\"_blank\" rel=\"noopener noreferrer\"><strong>Nuestro Plenario de Delegadas\/os de sectores nacionales fue muy claro y manifest\u00f3 que para tomar decisiones que implican al conjunto de las y los trabajadores\/as nacionales deb\u00edan sostenerse, por un lado, las Asambleas de base y, por otro, un Plenario Nacional de Delegadas\/os.<\/strong><\/a> Creemos firmemente que el encuentro de nuestras bases federales realmente fortalece la democracia interna para la toma de decisiones colectivas de nuestra organizaci\u00f3n gremial y da fuerza y contundencia al reclamo del conjunto de las y los trabajadores. Realizar un an\u00e1lisis de coyuntura socioecon\u00f3mica y construir un plan y mandato nacional que adquiera direcci\u00f3n y pertenencia de clase, solo es posible si damos lugar a instancias que as\u00ed lo permitan.<\/p>\n<p><strong>En toda la pandemia las y los trabajadores seguimos manteniendo en funcionamiento el Estado Nacional.<\/strong> Y lo hicimos de manera presencial o a trav\u00e9s del trabajo remoto. Somos esenciales para ello, pero, en el caso de quienes trabajan de manera presencial, esta situaci\u00f3n no ha sido tenida en cuenta por el Gobierno Nacional a la hora de planificar la vacunaci\u00f3n. Insistimos en que no podemos seguir pagando los costos de una crisis generada por la desmesurada deuda tomada por el gobierno de Mauricio Macri. Por eso decimos que la deuda es con el pueblo y que no tenemos que pagar las y los trabajadores una crisis que no generamos.<\/p>\n<p><strong>Nuestro Plenario de Delegadas\/os hab\u00eda ponderado positivamente<\/strong> el anuncio del 7 de mayo, por parte del Gobierno Nacional, del <strong>pase a planta permanente de 8300 trabajadoras y trabajadores<\/strong>, pero insisti\u00f3 en reclamar la inclusi\u00f3n de sectores que \u201cquedaron afuera\u201d como SENASA o ANAC (entre otros) y reclam\u00f3 que los pases a planta sean realizados con criterio Federal y de equidad de g\u00e9neros. Al respecto, no ha habido noticias en el acta rubricada.<\/p>\n<p>La reapertura de la paritaria en Salud, Ciencia y T\u00e9cnica y Civiles y Docentes de las Fuerzas Armadas, de Seguridad y de Iosfa es otro punto a destacar de este acuerdo: desde 2009 que no se realizaba esta reapertura de la discusi\u00f3n, con lo cual es un paso importante, al igual que la reapertura del SINEP para adecuar las unidades remunerativas con un 4 por ciento de aumento extra.<\/p>\n<p>Alertamos, asimismo, que <strong>el acuerdo firmado hoy no ha dado cuenta de c\u00f3mo ni cu\u00e1ndo se realizar\u00eda la reincorporaci\u00f3n de las miles de personas que dej\u00f3 el despedidas el anterior Gobierno<\/strong> en su paso por el Estado Nacional y por las cuales venimos luchando desde la CORREDMA. Vemos con preocupaci\u00f3n que, arribando hacia fin de a\u00f1o a la mitad de su mandato, este Gobierno no haya cumplido con la promesa de reincorporaci\u00f3n de estas trabajadoras y trabajadores cuyas familias a\u00fan aguardan por esa ansiada vuelta al trabajo.<\/p>\n<p>Por todo ello, <strong>seguimos reivindicando nuestro pliego aprobado en Plenario de Delegadas Delegados de ATE C\u00f3rdoba:<\/strong><br \/>\n+ Recomposici\u00f3n salarial del 40 por ciento antes de fin de a\u00f1o -con revisi\u00f3n y gatillo-;<br \/>\n+ Reincorporaci\u00f3n de Despedidxs tal como lo reclamamos desde la CORREDMA;<br \/>\n+ Pase a Planta Permanente con criterio Federal y de equidad de G\u00e9nero;<br \/>\n+ Vacunaci\u00f3n a todes les esenciales;<br \/>\n+ Incorporaci\u00f3n de ATE C\u00f3rdoba a la pr\u00f3xima Mesa Paritaria con el Estado Nacional.<br \/>\n+ Herramientas y adicional por costo de trabajo remoto en el hogar;<br \/>\n+ Incorporaci\u00f3n con cumplimiento de Cupo Laboral Trans y Cupo por Discapacidad;<br \/>\n+ Plenario Nacional de Delegados y delegadas de Sectores Nacionales de ATE Nacional;<br \/>\n+ Apertura de todos los convenios sectoriales;<br \/>\n+ Plan de lucha Unificado de todos los organismos Nacionales.<\/p>\n<p>Las y los trabajadores estatales debemos retomar el debate de qu\u00e9 Estado queremos: Un Estado que recupere los resortes estrat\u00e9gicos de nuestra econom\u00eda, que recupere el control de nuestros puertos, la industria de la defensa, el control del comercio exterior; la soberan\u00eda alimentaria, la revalorizaci\u00f3n del trabajador p\u00fablico, en definitiva un estado en favor de las mayor\u00edas populares que tenga como bandera la producci\u00f3n para la soberan\u00eda nacional, o un estado gerencial en favor de las grandes corporaciones.<\/p>\n","protected":false},"excerpt":{"rendered":"<p>El aumento del 35% pactado se pagar\u00e1 en 6 tramos distribuidos -seg\u00fan el acta rubricada hoy- de la siguiente manera: 10% en junio, 5% en agosto, 5% en septiembre, 4% en diciembre, 6% en enero de 2022 y 5% en febrero de 2022. Desde ATE C\u00f3rdoba estimamos que la cifra acordada no est\u00e1 muy lejos [&hellip;]<\/p>\n","protected":false},"author":6,"featured_media":24891,"comment_status":"open","ping_status":"open","sticky":false,"template":"","format":"standard","meta":{"_exactmetrics_skip_tracking":false,"_exactmetrics_sitenote_active":false,"_exactmetrics_sitenote_note":"","_exactmetrics_sitenote_category":0,"jnews-multi-image_gallery":[],"jnews_single_post":{"source_name":"","source_url":"","via_name":"","via_url":"","override_template":"0","override":[{"template":"1","single_blog_custom":"","parallax":"1","fullscreen":"0","layout":"right-sidebar","sidebar":"default-sidebar","second_sidebar":"default-sidebar","sticky_sidebar":"1","share_position":"top","share_float_style":"share-monocrhome","show_share_counter":"1","show_view_counter":"1","show_featured":"1","show_post_meta":"1","show_post_author":"1","show_post_author_image":"1","show_post_date":"1","post_date_format":"default","post_date_format_custom":"Y\/m\/d","show_post_category":"1","show_post_reading_time":"0","post_reading_time_wpm":"300","show_zoom_button":"0","zoom_button_out_step":"2","zoom_button_in_step":"3","show_post_tag":"1","show_prev_next_post":"1","show_popup_post":"1","number_popup_post":"1","show_author_box":"0","show_post_related":"0","show_inline_post_related":"0"}],"override_image_size":"0","image_override":[{"single_post_thumbnail_size":"crop-500","single_post_gallery_size":"crop-500"}],"trending_post":"0","trending_post_position":"meta","trending_post_label":"Trending","sponsored_post":"0","sponsored_post_label":"Sponsored by","sponsored_post_name":"","sponsored_post_url":"","sponsored_post_logo_enable":"0","sponsored_post_logo":"","sponsored_post_desc":""},"jnews_primary_category":{"id":""},"jnews_social_meta":{"fb_title":"","fb_description":"","fb_image":"","twitter_title":"","twitter_description":"","twitter_image":""},"jnews_review":[],"enable_review":"0","type":"percentage","name":"","summary":"","brand":"","sku":"","good":[{"good_text":""}],"bad":[{"bad_text":""}],"score_override":"","override_value":"","rating":[{"rating_text":"","rating_number":"10"}],"price":[{"shop":"","price":"","link":"","icon":""}],"jnews_override_counter":{"override_view_counter":"0","view_counter_number":"0","override_share_counter":"0","share_counter_number":"0","override_like_counter":"0","like_counter_number":"0","override_dislike_counter":"0","dislike_counter_number":"0"},"jnews_post_split":{"enable_post_split":"0","post_split":[{"template":"1","tag":"h2","numbering":"asc","mode":"normal"}]},"footnotes":""},"categories":[756,341,18],"tags":[],"class_list":["post-26006","post","type-post","status-publish","format-standard","has-post-thumbnail","hentry","category-consejo-directivo-nacional-cdn","category-cdp","category-nacionales"],"jetpack_featured_media_url":"https:\/\/atecordoba.org\/wp-content\/uploads\/2021\/03\/18-03-Jornada-Lucha-Paro-y-Movilizacion-Min-Trabajo_34.jpg","_links":{"self":[{"href":"https:\/\/atecordoba.org\/index.php?rest_route=\/wp\/v2\/posts\/26006","targetHints":{"allow":["GET"]}}],"collection":[{"href":"https:\/\/atecordoba.org\/index.php?rest_route=\/wp\/v2\/posts"}],"about":[{"href":"https:\/\/atecordoba.org\/index.php?rest_route=\/wp\/v2\/types\/post"}],"author":[{"embeddable":true,"href":"https:\/\/atecordoba.org\/index.php?rest_route=\/wp\/v2\/users\/6"}],"replies":[{"embeddable":true,"href":"https:\/\/atecordoba.org\/index.php?rest_route=%2Fwp%2Fv2%2Fcomments&post=26006"}],"version-history":[{"count":6,"href":"https:\/\/atecordoba.org\/index.php?rest_route=\/wp\/v2\/posts\/26006\/revisions"}],"predecessor-version":[{"id":26016,"href":"https:\/\/atecordoba.org\/index.php?rest_route=\/wp\/v2\/posts\/26006\/revisions\/26016"}],"wp:featuredmedia":[{"embeddable":true,"href":"https:\/\/atecordoba.org\/index.php?rest_route=\/wp\/v2\/media\/24891"}],"wp:attachment":[{"href":"https:\/\/atecordoba.org\/index.php?rest_route=%2Fwp%2Fv2%2Fmedia&parent=26006"}],"wp:term":[{"taxonomy":"category","embeddable":true,"href":"https:\/\/atecordoba.org\/index.php?rest_route=%2Fwp%2Fv2%2Fcategories&post=26006"},{"taxonomy":"post_tag","embeddable":true,"href":"https:\/\/atecordoba.org\/index.php?rest_route=%2Fwp%2Fv2%2Ftags&post=26006"}],"curies":[{"name":"wp","href":"https:\/\/api.w.org\/{rel}","templated":true}]}}