{"id":25994,"date":"2021-05-21T12:39:08","date_gmt":"2021-05-21T15:39:08","guid":{"rendered":"https:\/\/atecordoba.org\/?p=25994"},"modified":"2021-05-21T14:47:57","modified_gmt":"2021-05-21T17:47:57","slug":"trabajadoras-del-polo-de-la-mujer-llevaron-su-plan-de-lucha-al-patio-olmos","status":"publish","type":"post","link":"https:\/\/atecordoba.org\/?p=25994","title":{"rendered":"Trabajadoras del Polo de la Mujer llevaron su plan de lucha al Patio Olmos"},"content":{"rendered":"<p><img loading=\"lazy\" decoding=\"async\" class=\" wp-image-25995 aligncenter\" src=\"https:\/\/atecordoba.org\/wp-content\/uploads\/2021\/05\/protesta-polo-de-la-mujer-en-patio-olmos-300x225.jpeg\" alt=\"\" width=\"553\" height=\"415\" srcset=\"https:\/\/atecordoba.org\/wp-content\/uploads\/2021\/05\/protesta-polo-de-la-mujer-en-patio-olmos-300x225.jpeg 300w, https:\/\/atecordoba.org\/wp-content\/uploads\/2021\/05\/protesta-polo-de-la-mujer-en-patio-olmos-1024x768.jpeg 1024w, https:\/\/atecordoba.org\/wp-content\/uploads\/2021\/05\/protesta-polo-de-la-mujer-en-patio-olmos-768x576.jpeg 768w, https:\/\/atecordoba.org\/wp-content\/uploads\/2021\/05\/protesta-polo-de-la-mujer-en-patio-olmos-750x563.jpeg 750w, https:\/\/atecordoba.org\/wp-content\/uploads\/2021\/05\/protesta-polo-de-la-mujer-en-patio-olmos.jpeg 1032w\" sizes=\"auto, (max-width: 553px) 100vw, 553px\" \/>Ayer por la ma\u00f1ana las trabajadoras del Polo de la Mujer llevaron a cabo una intervenci\u00f3n p\u00fablica frente al Patio Olmos, para visibilizar la lucha del sector contra la precarizaci\u00f3n laboral y los p\u00e9simos sueldos que paga el gobierno de Juan Schiaretti en el sector.<\/p>\n<p>Ese reclamo lleva largo tiempo, a pesar de las intensas campa\u00f1as de marking que despliega el Ministerio de la Mujer, para contener los reclamos sobre la necesidad de intervenci\u00f3n estatal frente a la violencia contra las mujeres, que se patentiza en primer t\u00e9rmino en la cantidad de femicidios que hay en C\u00f3rdoba.<\/p>\n<p>\u201cLas compa\u00f1eras vienen dando una enorme pelea contra la precarizaci\u00f3n laboral a la que las somete el gobierno de Schiaretti junto con Claudia Mart\u00ednez. La atenci\u00f3n y erradicaci\u00f3n de la violencia machista debe ser una prioridad\u201d, alertaron las compa\u00f1eras en el lugar.<\/p>\n<p>Y agregaron que \u201cpor el contrario, la pol\u00edtica del gobierno es la de ajustar y despedir cuando se necesita m\u00e1s presupuesto y personal para atender las necesidades urgentes de las mujeres tortas, travas, trans bisexuales y no binaries\u201d.<\/p>\n<p>En tal sentido expresaron una serie de consignas para concientizar sobre la penosa situaci\u00f3n que afronta en sector:<\/p>\n<ul>\n<li>Precarizar es violencia!<\/li>\n<li>Cuidemos a lxs que nos cuidan!<\/li>\n<li>Reincorporaci\u00f3n inmediata de lxs compa\u00f1erxs despedidxs<\/li>\n<li>Abajo los descuentos por paro y asambleas. No a los traslados compulsivos<\/li>\n<li>Pase a planta permanente de todas las trabajadoras. Aumento salarial de emergencia de acuerdo a la canasta familiar<\/li>\n<li>Reconocimiento del r\u00e9gimen especial por tarea de riesgo psico social<\/li>\n<li>Aumento de presupuesto para combatir la violencia de g\u00e9nero que parta del no pago de la deuda externa y la quita de subsidios a la iglesia cat\u00f3lica<\/li>\n<\/ul>\n<p>Par apoyar este reclamo y firmar el petitorio hay que ingresar <a href=\"https:\/\/docs.google.com\/forms\/u\/0\/d\/e\/1FAIpQLSdmju_Fauf3Iwzi-1rKIRcuMe8WV41fyi7xVFFjGj1xH5b4sw\/formResponse\">aqu\u00ed<\/a>.<\/p>\n<p><strong>Pedido de audiencia<\/strong><\/p>\n<p>En esa l\u00ednea, el secretario General de ATE C\u00f3rdoba, Federico Giuliani, renov\u00f3 un pedido de audiencia con la ministra del \u00e1rea, Claudia Mart\u00ednez.<\/p>\n<p>El dirigente plantea abordar la agenda de reclamos, donde a la situaci\u00f3n laboral y los bajos sueldos se suma la pandemia, que el sector<a href=\"https:\/\/atecordoba.org\/?p=21928\"> viene denunciando<\/a> desde el a\u00f1o pasado.<\/p>\n<p><img loading=\"lazy\" decoding=\"async\" class=\" wp-image-25996 aligncenter\" src=\"https:\/\/atecordoba.org\/wp-content\/uploads\/2021\/05\/pedido-de-audiencia_claudia-martinez-213x300.jpeg\" alt=\"\" width=\"507\" height=\"714\" srcset=\"https:\/\/atecordoba.org\/wp-content\/uploads\/2021\/05\/pedido-de-audiencia_claudia-martinez-213x300.jpeg 213w, https:\/\/atecordoba.org\/wp-content\/uploads\/2021\/05\/pedido-de-audiencia_claudia-martinez-726x1024.jpeg 726w, https:\/\/atecordoba.org\/wp-content\/uploads\/2021\/05\/pedido-de-audiencia_claudia-martinez-750x1058.jpeg 750w\" sizes=\"auto, (max-width: 507px) 100vw, 507px\" \/><\/p>\n<p>&nbsp;<\/p>\n","protected":false},"excerpt":{"rendered":"<p>Ayer por la ma\u00f1ana las trabajadoras del Polo de la Mujer llevaron a cabo una intervenci\u00f3n p\u00fablica frente al Patio Olmos, para visibilizar la lucha del sector contra la precarizaci\u00f3n laboral y los p\u00e9simos sueldos que paga el gobierno de Juan Schiaretti en el sector. Ese reclamo lleva largo tiempo, a pesar de las intensas [&hellip;]<\/p>\n","protected":false},"author":7,"featured_media":25995,"comment_status":"open","ping_status":"open","sticky":true,"template":"","format":"standard","meta":{"_exactmetrics_skip_tracking":false,"_exactmetrics_sitenote_active":false,"_exactmetrics_sitenote_note":"","_exactmetrics_sitenote_category":0,"jnews-multi-image_gallery":[],"jnews_single_post":{"source_name":"","source_url":"","via_name":"","via_url":"","override_template":"0","override":[{"template":"1","single_blog_custom":"","parallax":"1","fullscreen":"0","layout":"right-sidebar","sidebar":"default-sidebar","second_sidebar":"default-sidebar","sticky_sidebar":"1","share_position":"top","share_float_style":"share-monocrhome","show_share_counter":"1","show_view_counter":"1","show_featured":"1","show_post_meta":"1","show_post_author":"1","show_post_author_image":"1","show_post_date":"1","post_date_format":"default","post_date_format_custom":"Y\/m\/d","show_post_category":"1","show_post_reading_time":"0","post_reading_time_wpm":"300","show_zoom_button":"0","zoom_button_out_step":"2","zoom_button_in_step":"3","show_post_tag":"1","show_prev_next_post":"1","show_popup_post":"1","number_popup_post":"1","show_author_box":"0","show_post_related":"0","show_inline_post_related":"0"}],"override_image_size":"0","image_override":[{"single_post_thumbnail_size":"crop-500","single_post_gallery_size":"crop-500"}],"trending_post":"0","trending_post_position":"meta","trending_post_label":"Trending","sponsored_post":"0","sponsored_post_label":"Sponsored by","sponsored_post_name":"","sponsored_post_url":"","sponsored_post_logo_enable":"0","sponsored_post_logo":"","sponsored_post_desc":"","subtitle":"En su pelea contra la precarizaci\u00f3n laboral juntaron firmas de la comunidad para avalar el reclamo ante el gobierno. Nuevo pedido de audiencia con la ministra de la Mujer.","format":"standard"},"jnews_primary_category":{"id":""},"jnews_social_meta":{"fb_title":"","fb_description":"","fb_image":"","twitter_title":"","twitter_description":"","twitter_image":""},"jnews_review":[],"enable_review":"0","type":"percentage","name":"","summary":"","brand":"","sku":"","good":[{"good_text":""}],"bad":[{"bad_text":""}],"score_override":"","override_value":"","rating":[{"rating_text":"","rating_number":"10"}],"price":[{"shop":"","price":"","link":"","icon":""}],"jnews_override_counter":{"override_view_counter":"0","view_counter_number":"0","override_share_counter":"0","share_counter_number":"0","override_like_counter":"0","like_counter_number":"0","override_dislike_counter":"0","dislike_counter_number":"0"},"jnews_post_split":{"enable_post_split":"0","post_split":[{"template":"1","tag":"h2","numbering":"asc","mode":"normal"}]},"footnotes":""},"categories":[8],"tags":[747],"class_list":["post-25994","post","type-post","status-publish","format-standard","has-post-thumbnail","hentry","category-provinciales","tag-polo-de-la-mujer"],"jetpack_featured_media_url":"https:\/\/atecordoba.org\/wp-content\/uploads\/2021\/05\/protesta-polo-de-la-mujer-en-patio-olmos.jpeg","_links":{"self":[{"href":"https:\/\/atecordoba.org\/index.php?rest_route=\/wp\/v2\/posts\/25994","targetHints":{"allow":["GET"]}}],"collection":[{"href":"https:\/\/atecordoba.org\/index.php?rest_route=\/wp\/v2\/posts"}],"about":[{"href":"https:\/\/atecordoba.org\/index.php?rest_route=\/wp\/v2\/types\/post"}],"author":[{"embeddable":true,"href":"https:\/\/atecordoba.org\/index.php?rest_route=\/wp\/v2\/users\/7"}],"replies":[{"embeddable":true,"href":"https:\/\/atecordoba.org\/index.php?rest_route=%2Fwp%2Fv2%2Fcomments&post=25994"}],"version-history":[{"count":2,"href":"https:\/\/atecordoba.org\/index.php?rest_route=\/wp\/v2\/posts\/25994\/revisions"}],"predecessor-version":[{"id":25998,"href":"https:\/\/atecordoba.org\/index.php?rest_route=\/wp\/v2\/posts\/25994\/revisions\/25998"}],"wp:featuredmedia":[{"embeddable":true,"href":"https:\/\/atecordoba.org\/index.php?rest_route=\/wp\/v2\/media\/25995"}],"wp:attachment":[{"href":"https:\/\/atecordoba.org\/index.php?rest_route=%2Fwp%2Fv2%2Fmedia&parent=25994"}],"wp:term":[{"taxonomy":"category","embeddable":true,"href":"https:\/\/atecordoba.org\/index.php?rest_route=%2Fwp%2Fv2%2Fcategories&post=25994"},{"taxonomy":"post_tag","embeddable":true,"href":"https:\/\/atecordoba.org\/index.php?rest_route=%2Fwp%2Fv2%2Ftags&post=25994"}],"curies":[{"name":"wp","href":"https:\/\/api.w.org\/{rel}","templated":true}]}}