{"id":2598,"date":"2013-04-16T19:27:53","date_gmt":"2013-04-16T22:27:53","guid":{"rendered":"http:\/\/www.atecordoba.org\/?p=2598"},"modified":"2013-04-16T19:27:53","modified_gmt":"2013-04-16T22:27:53","slug":"reincorporan-a-afiliada-de-ate-en-la-unc","status":"publish","type":"post","link":"https:\/\/atecordoba.org\/?p=2598","title":{"rendered":"Reincorporan a afiliada de ATE en la UNC"},"content":{"rendered":"<p><em>Despu\u00e9s de no renovarse el contrato de una trabajadora de servicios generales en la Facultad de Lenguas de la UNC, a instancias del jefe de personal Pablo Pulisich, ATE logr\u00f3 la reincorporaci\u00f3n de la compa\u00f1era, Patricia Capilla, al llevar nuestro reclamo ante las autoridades de la unidad acad\u00e9mica.<\/em><\/p>\n<p><a href=\"http:\/\/www.atecordoba.org\/wp-content\/uploads\/2013\/04\/foto-web1.jpg\"><img loading=\"lazy\" decoding=\"async\" class=\"aligncenter size-full wp-image-2599\" title=\"foto web1\" src=\"http:\/\/www.atecordoba.org\/wp-content\/uploads\/2013\/04\/foto-web1.jpg\" alt=\"\" width=\"584\" height=\"438\" \/><\/a><\/p>\n<p>Esta trabajadora se encuentra desde hace cinco a\u00f1os renovando contratos precarios y sufri\u00f3 el abuso de Pulisich, pero posteriormente la decana Silvia Barei dio marcha atr\u00e1s con la medida y devolvi\u00f3 a la compa\u00f1era a su lugar de trabajo en conformidad con el reclamo de ATE, atendiendo a los argumentos sobre los derechos adquiridos de la trabajadora. Esto se logr\u00f3 por medio de una reuni\u00f3n en buenos t\u00e9rminos donde nuestra organizaci\u00f3n pudo expresar su posici\u00f3n.<\/p>\n<p>De esta manera, ATE contin\u00faa ejerciendo la potestad de defender a los compa\u00f1eros no docentes de la UNC, impulsando reclamos para que finalice la situaci\u00f3n de precariedad laboral de los trabajadores del sector.<\/p>\n","protected":false},"excerpt":{"rendered":"<p>Despu\u00e9s de no renovarse el contrato de una trabajadora de servicios generales en la Facultad de Lenguas de la UNC, a instancias del jefe de personal Pablo Pulisich, ATE logr\u00f3 la reincorporaci\u00f3n de la compa\u00f1era, Patricia Capilla, al llevar nuestro reclamo ante las autoridades de la unidad acad\u00e9mica. Esta trabajadora se encuentra desde hace cinco [&hellip;]<\/p>\n","protected":false},"author":1,"featured_media":19220,"comment_status":"open","ping_status":"open","sticky":false,"template":"","format":"standard","meta":{"_exactmetrics_skip_tracking":false,"_exactmetrics_sitenote_active":false,"_exactmetrics_sitenote_note":"","_exactmetrics_sitenote_category":0,"jnews-multi-image_gallery":[],"jnews_single_post":[],"jnews_primary_category":[],"jnews_social_meta":[],"jnews_review":[],"enable_review":"","type":"","name":"","summary":"","brand":"","sku":"","good":[],"bad":[],"score_override":"","override_value":"","rating":[],"price":[],"jnews_override_counter":[],"jnews_post_split":[],"footnotes":""},"categories":[18],"tags":[],"class_list":["post-2598","post","type-post","status-publish","format-standard","has-post-thumbnail","hentry","category-nacionales"],"jetpack_featured_media_url":"https:\/\/atecordoba.org\/wp-content\/uploads\/2020\/05\/logo-nuevochico-e1561581322808.png","_links":{"self":[{"href":"https:\/\/atecordoba.org\/index.php?rest_route=\/wp\/v2\/posts\/2598","targetHints":{"allow":["GET"]}}],"collection":[{"href":"https:\/\/atecordoba.org\/index.php?rest_route=\/wp\/v2\/posts"}],"about":[{"href":"https:\/\/atecordoba.org\/index.php?rest_route=\/wp\/v2\/types\/post"}],"author":[{"embeddable":true,"href":"https:\/\/atecordoba.org\/index.php?rest_route=\/wp\/v2\/users\/1"}],"replies":[{"embeddable":true,"href":"https:\/\/atecordoba.org\/index.php?rest_route=%2Fwp%2Fv2%2Fcomments&post=2598"}],"version-history":[{"count":0,"href":"https:\/\/atecordoba.org\/index.php?rest_route=\/wp\/v2\/posts\/2598\/revisions"}],"wp:featuredmedia":[{"embeddable":true,"href":"https:\/\/atecordoba.org\/index.php?rest_route=\/wp\/v2\/media\/19220"}],"wp:attachment":[{"href":"https:\/\/atecordoba.org\/index.php?rest_route=%2Fwp%2Fv2%2Fmedia&parent=2598"}],"wp:term":[{"taxonomy":"category","embeddable":true,"href":"https:\/\/atecordoba.org\/index.php?rest_route=%2Fwp%2Fv2%2Fcategories&post=2598"},{"taxonomy":"post_tag","embeddable":true,"href":"https:\/\/atecordoba.org\/index.php?rest_route=%2Fwp%2Fv2%2Ftags&post=2598"}],"curies":[{"name":"wp","href":"https:\/\/api.w.org\/{rel}","templated":true}]}}