{"id":25967,"date":"2021-05-20T14:24:11","date_gmt":"2021-05-20T17:24:11","guid":{"rendered":"https:\/\/atecordoba.org\/?p=25967"},"modified":"2021-05-20T14:24:11","modified_gmt":"2021-05-20T17:24:11","slug":"elecciones-en-peru-castillo-contra-fujimori-y-la-derecha-concentrada","status":"publish","type":"post","link":"https:\/\/atecordoba.org\/?p=25967","title":{"rendered":"Elecciones en Per\u00fa: Castillo contra Fujimori y la derecha concentrada"},"content":{"rendered":"<p><img loading=\"lazy\" decoding=\"async\" class=\" wp-image-25972 aligncenter\" src=\"https:\/\/atecordoba.org\/wp-content\/uploads\/2021\/05\/castillo-peru-300x200.jpg\" alt=\"\" width=\"599\" height=\"399\" srcset=\"https:\/\/atecordoba.org\/wp-content\/uploads\/2021\/05\/castillo-peru-300x200.jpg 300w, https:\/\/atecordoba.org\/wp-content\/uploads\/2021\/05\/castillo-peru-1024x683.jpg 1024w, https:\/\/atecordoba.org\/wp-content\/uploads\/2021\/05\/castillo-peru-768x512.jpg 768w, https:\/\/atecordoba.org\/wp-content\/uploads\/2021\/05\/castillo-peru-750x500.jpg 750w, https:\/\/atecordoba.org\/wp-content\/uploads\/2021\/05\/castillo-peru-1140x760.jpg 1140w, https:\/\/atecordoba.org\/wp-content\/uploads\/2021\/05\/castillo-peru.jpg 1200w\" sizes=\"auto, (max-width: 599px) 100vw, 599px\" \/>El pr\u00f3ximo 6 de junio se celebra el balotaje para definir el pr\u00f3ximo presidente del Per\u00fa, donde compiten el sindicalista docente de izquierda Pedro Castillo y Keika Fujimori, hija del ex presidente Fujimori que est\u00e1 condenado a prisi\u00f3n perpetua por delitos de lesa humanidad durante su mandato y por robo de fondos p\u00fablicos.<\/p>\n<p>Para conocer la situaci\u00f3n de primera mano, el programa radial Entre Todos y Todas, que conducen la secretaria de Prensa de ATE C\u00f3rdoba Julia Giuliani y Franco Ayesa entrevistaron al activista \u00c1lvaro Torero, que integra la campa\u00f1a de Castillo en C\u00f3rdoba.<\/p>\n<p>Torero comenz\u00f3 se\u00f1alando que &#8220;hoy en Per\u00fa, sobre todo en Lima, se est\u00e1 viviendo una polarizaci\u00f3n muy fuerte entre dos candidatos antag\u00f3nicos, Pedro Castillo -que qued\u00f3 en primer lugar- y Keiko Fujimori&#8221;.<\/p>\n<p><strong>\u00bfC\u00f3mo se vive esa polarizaci\u00f3n?<\/strong><\/p>\n<p>La derecha ha monopolizado los medios de comunicaci\u00f3n e incluso los periodistas que se manifestaron en favor de la imparcialidad fueron despedidos. Esto provoca que en el transcurso de las \u00faltimas tres semanas, Castillo paso de tener 20 puntos de diferencia en intenci\u00f3n de voto a solo 3%. Esto genera preocupaci\u00f3n en las fuerzas progresistas, m\u00e1s all\u00e1 de los errores que pudieran existir en la campa\u00f1a de Castillo, por todo este poder medi\u00e1tico que junta la derecha, sumado a la generaci\u00f3n de odio al relacionar a nuestro candidato con Venezuela o el comunismo.\u00a0Tambi\u00e9n acusan a Pedro Castillo de no tener programa ni equipos cuando acaba de presentar sus equipos de gobierno esta semana.<\/p>\n<p><strong>Este retorno de la derecha a los paradigmas de los \u201990 con la figura de Fujimori est\u00e1 marcando la campa\u00f1a electoral. \u00bfCu\u00e1l es el papel del empresariado y de la embajada de EEUU en este contexto?<\/strong><\/p>\n<p>La influencia del capital es muy grande y hay muchos intereses en juego. Pero es contradictorio porque una de las evidencias del agotamiento del neoliberalismo como forma de gobierno,\u00a0 como modelo econ\u00f3mico, pol\u00edtico y cultural, es sin duda la inyecci\u00f3n de dinero a los sectores m\u00e1s vulnerables que hizo el gobierno de Trump o la administraci\u00f3n actual de Biden.<\/p>\n<p><strong>\u00bfEn el marco de la polarizaci\u00f3n, y la ca\u00edda de esa diferencia en la intensi\u00f3n de votos entre los candidatos, cu\u00e1l es la importancia del voto en el extranjero y c\u00f3mo se est\u00e1 organizando el proceso del voto en Argentina?<\/strong><\/p>\n<p>En este marco de polarizaci\u00f3n tan extrema se est\u00e1 peleando cada voto. Creo que desde la izquierda debemos garantizar la defensa del voto. En C\u00f3rdoba Fujimori gan\u00f3 pero la sorpresa fue el segundo lugar de Pedro Castillo. Son tiempos\u00a0 para defender la democracia y la memoria del pa\u00eds. Por eso estamos trabajando codo a codo para tratar de ganar C\u00f3rdoba y el pa\u00eds para Castillo.<\/p>\n<p><strong>\u00bfCu\u00e1l es el rol del movimiento obrero y el movimiento campesino en esta elecci\u00f3n?<\/strong><\/p>\n<p>Castillo se reuni\u00f3 hace pocos d\u00edas con la CGTP, central obrera peruana, para concretar su apoyo para las elecciones. Hay que tener en cuenta que en Per\u00fa el movimiento obrero est\u00e1 muy fragmentado y no tiene tanto peso como en Argentina. Siempre\u00a0 coment\u00f3 que cuando llegu\u00e9 ac\u00e1 me sorprendi\u00f3 la cantidad de sindicatos y el nivel de lucha que tiene el movimiento obrero.<\/p>\n<p>En cuanto al movimiento campesino es muy importante el voto rural y m\u00e1s empobrecido, que le ha dado su apoyo a Castillo, defendiendo cambios profundos y no de maquillaje para el Per\u00fa.<\/p>\n<p><strong>\u00bfQui\u00e9n es Pedro Castillo? <\/strong><\/p>\n<p>Es un dirigente sindical y maestro, con alguna participaci\u00f3n pol\u00edtica pero, sobre todo, con presencia en las movilizaciones del magisterio en el 2017. En ese momento su figura cobra notoriedad para todo el pa\u00eds.<\/p>\n<p><strong>Muchas gracias y estamos a disposici\u00f3n para esta elecci\u00f3n tan importante para Per\u00fa y para Latinoam\u00e9rica.<\/strong><\/p>\n<p>Gracias. Saludamos desde aqu\u00ed a todas las organizaciones argentinas, como ATE y la CTA Aut\u00f3noma, que han mostrado su predisposici\u00f3n para cerrarle el paso al fujimorismo.\u00a0 En este momento es muy importante la uni\u00f3n de las y los trabajadores y de los sectores progresistas para sacar de la crisis que atraviesa nuestro pueblo tan golpeado en estos tiempos de pandemia.<\/p>\n<p>Hoy en Per\u00fa, sobre todo en Lima, se est\u00e1 viviendo una polarizaci\u00f3n muy fuerte en esta campa\u00f1a electoral donde pasaron al balotaje dos candidatos antag\u00f3nicos, Pedro Castillo que qued\u00f3 en primer lugar y Keiko Fujimori.<\/p>\n<p>En este contexto, la derecha ha monopolizado los medios de comunicaci\u00f3n e incluso hay periodistas que se manifiestan en favor de la imparcialidad y fueron despedidos.<\/p>\n<p>Esto provoca que en el transcurso de los \u00faltimos 20 d\u00edas, cuando que Castillo ten\u00eda 20 puntos de diferencia en intenci\u00f3n de voto hoy solo tenga 3% y se genera preocupaci\u00f3n en las fuerzas progresistas, m\u00e1s all\u00e1 de los errores que pudieran existir en la campa\u00f1a de Castillo. Todo este poder medi\u00e1tico que junta la derecha y la generaci\u00f3n de odio y relacionando a nuestro candidato con Venezuela o el comunismo.<\/p>\n<p>Tambi\u00e9n acusan a Pedro Castillo de no tener programa ni equipos cuando acaba de presentar sus equipos de gobierno esta semana.<\/p>\n<p><strong>Este retorno de la derecha a los paradigmas de los \u201990 con la figura de Fujimori est\u00e1 marcando la campa\u00f1a electoral. \u00bfCu\u00e1l es el papel del empresariado y de la embajada de EEUU en este contexto?<\/strong><\/p>\n<p>La influencia del capital es muy grande y hay muchos intereses en juego. Pero es contradictorio porque una de las evidencias del agotamiento del neoliberalismo como forma de gobierno,\u00a0 como modelo econ\u00f3mico, pol\u00edtico y cultural, es sin duda la inyecci\u00f3n de dinero a los sectores m\u00e1s vulnerables que hizo el gobierno de Trump o la administraci\u00f3n actual de Biden.<\/p>\n<p><strong>\u00bfEn el marco de la polarizaci\u00f3n y la ca\u00edda de esa diferencia entre los candidatos cu\u00e1l es la importancia del voto en el extranjero y c\u00f3mo se est\u00e1 organizando el proceso del voto en Argentina?<\/strong><\/p>\n<p>En este marco de polarizaci\u00f3n tan extrema se est\u00e1 peleando cada voto. Creo que desde la izquierda debemos garantizar la defensa del voto. En C\u00f3rdoba Fujimori gan\u00f3 pero la sorpresa fue el segundo lugar de Pedro Castillo. Son tiempos\u00a0 para defender la democracia y la memoria del pa\u00eds. Por eso estamos trabajando codo a codo para tratar de ganar C\u00f3rdoba y el pa\u00eds para Castillo.<\/p>\n<p><strong>\u00bfCu\u00e1l es el rol del movimiento obrero y el movimiento campesino en esta elecci\u00f3n?<\/strong><\/p>\n<p>Castillo se reuni\u00f3 hace pocos d\u00edas con la CGTP, central obrera peruana, para concretar su apoyo para las elecciones. Hay que tener en cuenta que en Per\u00fa el movimiento obrero est\u00e1 muy fragmentado y no tiene tanto peso como en Argentina. Siempre\u00a0 coment\u00f3 que cuando llegu\u00e9 ac\u00e1 me sorprendi\u00f3 la cantidad de sindicatos y el nivel de lucha que tiene el movimiento obrero.<\/p>\n<p>En cuanto al movimiento campesino es muy importante el voto rural y m\u00e1s empobrecido, que le ha dado su apoyo a Castillo, defendiendo cambios profundos y no de maquillaje para el Per\u00fa.<\/p>\n<p><strong>\u00bfQui\u00e9n es Pedro Castillo? <\/strong><\/p>\n<p>Es un dirigente sindical y maestro, con alguna participaci\u00f3n pol\u00edtica, pero sobre todo con presencia en las movilizaciones del magisterio en el 2017. En ese momento su figura cobra notoriedad para todo el pa\u00eds.<\/p>\n<p><strong>Muchas gracias y estamos a disposici\u00f3n para esta elecci\u00f3n tan importante para Per\u00fa y para Latinoam\u00e9rica.<\/strong><\/p>\n<p>Gracias. Saludamos desde aqu\u00ed a todas las organizaciones argentinas, como ATE y la CTA Aut\u00f3noma, que han mostrado su predisposici\u00f3n para cerrarle el paso al fujimorismo.\u00a0 En este momento es muy importante la uni\u00f3n de las y los trabajadores y de los sectores progresistas para sacar de la crisis que atraviesa nuestro pueblo tan golpeado en estos tiempos de pandemia.<\/p>\n","protected":false},"excerpt":{"rendered":"<p>El pr\u00f3ximo 6 de junio se celebra el balotaje para definir el pr\u00f3ximo presidente del Per\u00fa, donde compiten el sindicalista docente de izquierda Pedro Castillo y Keika Fujimori, hija del ex presidente Fujimori que est\u00e1 condenado a prisi\u00f3n perpetua por delitos de lesa humanidad durante su mandato y por robo de fondos p\u00fablicos. Para conocer [&hellip;]<\/p>\n","protected":false},"author":7,"featured_media":25972,"comment_status":"open","ping_status":"open","sticky":true,"template":"","format":"standard","meta":{"_exactmetrics_skip_tracking":false,"_exactmetrics_sitenote_active":false,"_exactmetrics_sitenote_note":"","_exactmetrics_sitenote_category":0,"jnews-multi-image_gallery":[],"jnews_single_post":{"source_name":"","source_url":"","via_name":"","via_url":"","override_template":"0","override":[{"template":"1","single_blog_custom":"","parallax":"1","fullscreen":"0","layout":"right-sidebar","sidebar":"default-sidebar","second_sidebar":"default-sidebar","sticky_sidebar":"1","share_position":"top","share_float_style":"share-monocrhome","show_share_counter":"1","show_view_counter":"1","show_featured":"1","show_post_meta":"1","show_post_author":"1","show_post_author_image":"1","show_post_date":"1","post_date_format":"default","post_date_format_custom":"Y\/m\/d","show_post_category":"1","show_post_reading_time":"0","post_reading_time_wpm":"300","show_zoom_button":"0","zoom_button_out_step":"2","zoom_button_in_step":"3","show_post_tag":"1","show_prev_next_post":"1","show_popup_post":"1","number_popup_post":"1","show_author_box":"0","show_post_related":"0","show_inline_post_related":"0"}],"override_image_size":"0","image_override":[{"single_post_thumbnail_size":"crop-500","single_post_gallery_size":"crop-500"}],"trending_post":"0","trending_post_position":"meta","trending_post_label":"Trending","sponsored_post":"0","sponsored_post_label":"Sponsored by","sponsored_post_name":"","sponsored_post_url":"","sponsored_post_logo_enable":"0","sponsored_post_logo":"","sponsored_post_desc":""},"jnews_primary_category":{"id":""},"jnews_social_meta":{"fb_title":"","fb_description":"","fb_image":"","twitter_title":"","twitter_description":"","twitter_image":""},"jnews_review":[],"enable_review":"0","type":"percentage","name":"","summary":"","brand":"","sku":"","good":[{"good_text":""}],"bad":[{"bad_text":""}],"score_override":"","override_value":"","rating":[{"rating_text":"","rating_number":"10"}],"price":[{"shop":"","price":"","link":"","icon":""}],"jnews_override_counter":{"override_view_counter":"0","view_counter_number":"0","override_share_counter":"0","share_counter_number":"0","override_like_counter":"0","like_counter_number":"0","override_dislike_counter":"0","dislike_counter_number":"0"},"jnews_post_split":{"enable_post_split":"0","post_split":[{"template":"1","tag":"h2","numbering":"asc","mode":"normal"}]},"footnotes":""},"categories":[10,346],"tags":[825],"class_list":["post-25967","post","type-post","status-publish","format-standard","has-post-thumbnail","hentry","category-accion-politica","category-prensa-y-comunicacion","tag-peru"],"jetpack_featured_media_url":"https:\/\/atecordoba.org\/wp-content\/uploads\/2021\/05\/castillo-peru.jpg","_links":{"self":[{"href":"https:\/\/atecordoba.org\/index.php?rest_route=\/wp\/v2\/posts\/25967","targetHints":{"allow":["GET"]}}],"collection":[{"href":"https:\/\/atecordoba.org\/index.php?rest_route=\/wp\/v2\/posts"}],"about":[{"href":"https:\/\/atecordoba.org\/index.php?rest_route=\/wp\/v2\/types\/post"}],"author":[{"embeddable":true,"href":"https:\/\/atecordoba.org\/index.php?rest_route=\/wp\/v2\/users\/7"}],"replies":[{"embeddable":true,"href":"https:\/\/atecordoba.org\/index.php?rest_route=%2Fwp%2Fv2%2Fcomments&post=25967"}],"version-history":[{"count":1,"href":"https:\/\/atecordoba.org\/index.php?rest_route=\/wp\/v2\/posts\/25967\/revisions"}],"predecessor-version":[{"id":25973,"href":"https:\/\/atecordoba.org\/index.php?rest_route=\/wp\/v2\/posts\/25967\/revisions\/25973"}],"wp:featuredmedia":[{"embeddable":true,"href":"https:\/\/atecordoba.org\/index.php?rest_route=\/wp\/v2\/media\/25972"}],"wp:attachment":[{"href":"https:\/\/atecordoba.org\/index.php?rest_route=%2Fwp%2Fv2%2Fmedia&parent=25967"}],"wp:term":[{"taxonomy":"category","embeddable":true,"href":"https:\/\/atecordoba.org\/index.php?rest_route=%2Fwp%2Fv2%2Fcategories&post=25967"},{"taxonomy":"post_tag","embeddable":true,"href":"https:\/\/atecordoba.org\/index.php?rest_route=%2Fwp%2Fv2%2Ftags&post=25967"}],"curies":[{"name":"wp","href":"https:\/\/api.w.org\/{rel}","templated":true}]}}