{"id":25959,"date":"2021-05-20T12:45:08","date_gmt":"2021-05-20T15:45:08","guid":{"rendered":"https:\/\/atecordoba.org\/?p=25959"},"modified":"2021-05-20T13:17:57","modified_gmt":"2021-05-20T16:17:57","slug":"triunfo-de-ate-cordoba-en-villa-carlos-paz-la-justicia-ordeno-al-municipio-reincorporar-al-personal-de-salud-despedido-el-31-de-diciembre","status":"publish","type":"post","link":"https:\/\/atecordoba.org\/?p=25959","title":{"rendered":"Triunfo de ATE C\u00f3rdoba en Villa Carlos Paz: la Justicia orden\u00f3 al Municipio reincorporar al personal de salud despedido el 31 de diciembre."},"content":{"rendered":"<p><strong>La Justicia de primera instancia de Carlos Paz orden\u00f3 la reinstalaci\u00f3n de las trabajadoras y trabajadores de la Salud Municipal despedidos arbitrariamente el 31 de diciembre pasado por el Gobierno de Daniel G\u00f3mez Gesteira.<\/strong> La Jueza Viviana Rodr\u00edguez orden\u00f3 que la reinstalaci\u00f3n sea &#8220;en las mismas e id\u00e9nticas condiciones laborales y horarias&#8221; de cuando se produjeron los despidos, en un plazo de 72hs desde notificada la patronal. De esa forma, <strong>las y los profesionales Roberto Alvarez, Mirta Alejandra Manquilef, Miguel Olivera, Mar\u00eda Eugenia Cordi y Jos\u00e9 Andr\u00e9s Rojo Mallea, volver\u00edan a sus puestos de trabajo en la Salud Municipal de Villa Carlos Paz a partir de la semana pr\u00f3xima.<\/strong><\/p>\n<p><strong><a href=\"https:\/\/atecordoba.org\/wp-content\/uploads\/2021\/04\/08-04-Concentraci\u00f3n-Carlos-Paz.jpeg\"><img loading=\"lazy\" decoding=\"async\" class=\" wp-image-25270 alignright\" src=\"https:\/\/atecordoba.org\/wp-content\/uploads\/2021\/04\/08-04-Concentraci\u00f3n-Carlos-Paz-300x169.jpeg\" alt=\"\" width=\"360\" height=\"203\" srcset=\"https:\/\/atecordoba.org\/wp-content\/uploads\/2021\/04\/08-04-Concentraci\u00f3n-Carlos-Paz-300x169.jpeg 300w, https:\/\/atecordoba.org\/wp-content\/uploads\/2021\/04\/08-04-Concentraci\u00f3n-Carlos-Paz-1024x576.jpeg 1024w, https:\/\/atecordoba.org\/wp-content\/uploads\/2021\/04\/08-04-Concentraci\u00f3n-Carlos-Paz-768x432.jpeg 768w, https:\/\/atecordoba.org\/wp-content\/uploads\/2021\/04\/08-04-Concentraci\u00f3n-Carlos-Paz-750x422.jpeg 750w, https:\/\/atecordoba.org\/wp-content\/uploads\/2021\/04\/08-04-Concentraci\u00f3n-Carlos-Paz-1140x641.jpeg 1140w, https:\/\/atecordoba.org\/wp-content\/uploads\/2021\/04\/08-04-Concentraci\u00f3n-Carlos-Paz.jpeg 1280w\" sizes=\"auto, (max-width: 360px) 100vw, 360px\" \/><\/a>&#8220;Porque ustedes lucharon, conseguimos esto: no podr\u00eda haber triunfado la estrategia judicial de ATE si no hubiera habido lucha y organizaci\u00f3n de parte de las y los trabajadores&#8221;, manifest\u00f3 la Dra. Mar\u00eda Terragno,<\/strong> integrante del equipo legal del Consejo Directivo Provincial de ATE C\u00f3rdoba -que llev\u00f3 adelante la causa-, al momento de dar la noticia al personal despedido.<strong> &#8220;Es momento de volver, con la frente bien alta, con la raz\u00f3n que siempre supimos que ten\u00edamos, ahora ratificada por la Justicia.<\/strong> Las personas que hostigaron y hostigan, que maltratan, que persiguen, que desconocen, que pisotean nuestros derechos, que despiden arbitrariamente,<strong> van a tener que cuidarse m\u00e1s porque hoy ATE es un colectivo organizado y fuerte en Villa Carlos Paz, que va a hacer cumplir los derechos de las y los trabajadores&#8221;, enfatiz\u00f3 la Secretaria de Prensa del CDP, Julia Giuliani.<\/strong> &#8220;Estos personajes van a tener que bajar la cabeza y nunca m\u00e1s podr\u00e1n dirigirse por arriba del hombro, maltratando a nuestras compa\u00f1eras y compa\u00f1eros. Y eso lo conseguimos por este fallo hist\u00f3rico, pero sobre todo porque no bajamos nunca los brazos y seguimos firmes construyendo este sindicato en la Municipalidad de Villa Carlos Paz&#8221;, ratific\u00f3 Giuliani.<\/p>\n<p>Por su parte, el Secretario General de ATE C\u00f3rdoba, <strong>Federico Giuliani, expres\u00f3 que &#8220;la cautelar es una medida de justicia ante el despido arbitrario y unilateral del Intendente<\/strong> que, en pleno a\u00f1o nuevo y mientras \u00e9l gastaba millones en fuegos artificiales, dejaba a estas familias sin trabajo, a profesionales que durante todo el 2020 hab\u00edan puesto el cuerpo y arriesgado su vida en la primera l\u00ednea de combate contra la pandemia. Los despidos vinieron a ratificar algo que sab\u00edamos y que hab\u00edamos empezado a reclamar desde el primer momento en la ciudad: la regularizaci\u00f3n de las nefastas condiciones de trabajo del personal municipal y el fin de la arbitrariedad y el maltrato de las autoridades para con sus trabajadoras y trabajadores&#8221;. Adem\u00e1s, el Secretario General de ATE C\u00f3rdoba manifest\u00f3 que desde el sindicato se espera que el <strong>&#8220;reingreso sea pronto, bajo los t\u00e9rminos que orden\u00f3 la jueza, sin sobresaltos&#8221; y que se producir\u00e1 &#8220;con la compa\u00f1\u00eda de ATE&#8221;, en cada caso.<\/strong> &#8220;Ratificamos que no hay que abandonar la lucha, que es importante la organizaci\u00f3n sindical y que, como dijimos en la inauguraci\u00f3n del local el otro d\u00eda, ATE lleg\u00f3 para quedarse en Villa Carlos Paz: esperemos, ahora, que las puertas del di\u00e1logo oficial se abran, que la convivencia democr\u00e1tica con el Municipio pueda entablarse como ha sido nuestra voluntad desde el primer d\u00eda en que nos presentamos en la ciudad&#8221;, enfatiz\u00f3 Federico Giuliani.<\/p>\n<div id='gallery_1' class='gallery galleryid-25959 gallery-columns-3 gallery-size-medium'><figure class='gallery-item'>\n                <div class='gallery-icon landscape'>\n                    <a href='https:\/\/atecordoba.org\/wp-content\/uploads\/2021\/04\/Colinas-marcha-por-salud-Foto-Carlos-Paz-Profunda-696x522-1.jpg'><img loading=\"lazy\" decoding=\"async\" width=\"300\" height=\"225\" src=\"\" class=\"attachment-medium size-medium lazyload\" alt=\"\" data-src=\"https:\/\/atecordoba.org\/wp-content\/uploads\/2021\/04\/Colinas-marcha-por-salud-Foto-Carlos-Paz-Profunda-696x522-1-300x225.jpg\" data-sizes=\"auto\" data-srcset=\"https:\/\/atecordoba.org\/wp-content\/uploads\/2021\/04\/Colinas-marcha-por-salud-Foto-Carlos-Paz-Profunda-696x522-1-300x225.jpg 300w, https:\/\/atecordoba.org\/wp-content\/uploads\/2021\/04\/Colinas-marcha-por-salud-Foto-Carlos-Paz-Profunda-696x522-1.jpg 696w\" data-expand=\"700\" \/><\/a>\n                <\/div><\/figure><figure class='gallery-item'>\n                <div class='gallery-icon landscape'>\n                    <a href='https:\/\/atecordoba.org\/wp-content\/uploads\/2021\/02\/26-02-ATE-Carlos-Paz-llego-para-quedarse-flyer.jpg'><img loading=\"lazy\" decoding=\"async\" width=\"300\" height=\"300\" src=\"\" class=\"attachment-medium size-medium lazyload\" alt=\"\" data-src=\"https:\/\/atecordoba.org\/wp-content\/uploads\/2021\/02\/26-02-ATE-Carlos-Paz-llego-para-quedarse-flyer-300x300.jpg\" data-sizes=\"auto\" data-srcset=\"https:\/\/atecordoba.org\/wp-content\/uploads\/2021\/02\/26-02-ATE-Carlos-Paz-llego-para-quedarse-flyer-300x300.jpg 300w, https:\/\/atecordoba.org\/wp-content\/uploads\/2021\/02\/26-02-ATE-Carlos-Paz-llego-para-quedarse-flyer-1024x1024.jpg 1024w, https:\/\/atecordoba.org\/wp-content\/uploads\/2021\/02\/26-02-ATE-Carlos-Paz-llego-para-quedarse-flyer-150x150.jpg 150w, https:\/\/atecordoba.org\/wp-content\/uploads\/2021\/02\/26-02-ATE-Carlos-Paz-llego-para-quedarse-flyer-768x768.jpg 768w, https:\/\/atecordoba.org\/wp-content\/uploads\/2021\/02\/26-02-ATE-Carlos-Paz-llego-para-quedarse-flyer-560x560.jpg 560w, https:\/\/atecordoba.org\/wp-content\/uploads\/2021\/02\/26-02-ATE-Carlos-Paz-llego-para-quedarse-flyer-75x75.jpg 75w, https:\/\/atecordoba.org\/wp-content\/uploads\/2021\/02\/26-02-ATE-Carlos-Paz-llego-para-quedarse-flyer-750x750.jpg 750w, https:\/\/atecordoba.org\/wp-content\/uploads\/2021\/02\/26-02-ATE-Carlos-Paz-llego-para-quedarse-flyer.jpg 1080w\" data-expand=\"700\" \/><\/a>\n                <\/div><\/figure><figure class='gallery-item'>\n                <div class='gallery-icon landscape'>\n                    <a href='https:\/\/atecordoba.org\/wp-content\/uploads\/2021\/01\/28-01-Flyer-Asamblea-P\u00fablica-Vecinal-Carlos-paz-80.jpg'><img loading=\"lazy\" decoding=\"async\" width=\"300\" height=\"300\" src=\"\" class=\"attachment-medium size-medium lazyload\" alt=\"\" data-src=\"https:\/\/atecordoba.org\/wp-content\/uploads\/2021\/01\/28-01-Flyer-Asamblea-P\u00fablica-Vecinal-Carlos-paz-80-300x300.jpg\" data-sizes=\"auto\" data-srcset=\"https:\/\/atecordoba.org\/wp-content\/uploads\/2021\/01\/28-01-Flyer-Asamblea-P\u00fablica-Vecinal-Carlos-paz-80-300x300.jpg 300w, https:\/\/atecordoba.org\/wp-content\/uploads\/2021\/01\/28-01-Flyer-Asamblea-P\u00fablica-Vecinal-Carlos-paz-80-1024x1024.jpg 1024w, https:\/\/atecordoba.org\/wp-content\/uploads\/2021\/01\/28-01-Flyer-Asamblea-P\u00fablica-Vecinal-Carlos-paz-80-150x150.jpg 150w, https:\/\/atecordoba.org\/wp-content\/uploads\/2021\/01\/28-01-Flyer-Asamblea-P\u00fablica-Vecinal-Carlos-paz-80-768x768.jpg 768w, https:\/\/atecordoba.org\/wp-content\/uploads\/2021\/01\/28-01-Flyer-Asamblea-P\u00fablica-Vecinal-Carlos-paz-80-560x560.jpg 560w, https:\/\/atecordoba.org\/wp-content\/uploads\/2021\/01\/28-01-Flyer-Asamblea-P\u00fablica-Vecinal-Carlos-paz-80-75x75.jpg 75w, https:\/\/atecordoba.org\/wp-content\/uploads\/2021\/01\/28-01-Flyer-Asamblea-P\u00fablica-Vecinal-Carlos-paz-80-750x750.jpg 750w, https:\/\/atecordoba.org\/wp-content\/uploads\/2021\/01\/28-01-Flyer-Asamblea-P\u00fablica-Vecinal-Carlos-paz-80.jpg 1081w\" data-expand=\"700\" \/><\/a>\n                <\/div><\/figure><br style=\"clear: both\" \/><figure class='gallery-item'>\n                <div class='gallery-icon landscape'>\n                    <a href='https:\/\/atecordoba.org\/wp-content\/uploads\/2021\/01\/04-01-Invitaci\u00f3n-Asamblea-Carlos-Paz-100-min.jpg'><img loading=\"lazy\" decoding=\"async\" width=\"300\" height=\"300\" src=\"\" class=\"attachment-medium size-medium lazyload\" alt=\"\" aria-describedby=\"gallery_1-24023\" data-src=\"https:\/\/atecordoba.org\/wp-content\/uploads\/2021\/01\/04-01-Invitaci\u00f3n-Asamblea-Carlos-Paz-100-min-300x300.jpg\" data-sizes=\"auto\" data-srcset=\"https:\/\/atecordoba.org\/wp-content\/uploads\/2021\/01\/04-01-Invitaci\u00f3n-Asamblea-Carlos-Paz-100-min-300x300.jpg 300w, https:\/\/atecordoba.org\/wp-content\/uploads\/2021\/01\/04-01-Invitaci\u00f3n-Asamblea-Carlos-Paz-100-min-1024x1024.jpg 1024w, https:\/\/atecordoba.org\/wp-content\/uploads\/2021\/01\/04-01-Invitaci\u00f3n-Asamblea-Carlos-Paz-100-min-150x150.jpg 150w, https:\/\/atecordoba.org\/wp-content\/uploads\/2021\/01\/04-01-Invitaci\u00f3n-Asamblea-Carlos-Paz-100-min-768x768.jpg 768w, https:\/\/atecordoba.org\/wp-content\/uploads\/2021\/01\/04-01-Invitaci\u00f3n-Asamblea-Carlos-Paz-100-min-560x560.jpg 560w, https:\/\/atecordoba.org\/wp-content\/uploads\/2021\/01\/04-01-Invitaci\u00f3n-Asamblea-Carlos-Paz-100-min-75x75.jpg 75w, https:\/\/atecordoba.org\/wp-content\/uploads\/2021\/01\/04-01-Invitaci\u00f3n-Asamblea-Carlos-Paz-100-min-750x750.jpg 750w, https:\/\/atecordoba.org\/wp-content\/uploads\/2021\/01\/04-01-Invitaci\u00f3n-Asamblea-Carlos-Paz-100-min.jpg 1080w\" data-expand=\"700\" \/><\/a>\n                <\/div>\n                    <figcaption class='wp-caption-text gallery-caption' id='gallery_1-24023'>\n                    Convocatoria a Asambleas.\n                    <\/figcaption><\/figure><figure class='gallery-item'>\n                <div class='gallery-icon landscape'>\n                    <a href='https:\/\/atecordoba.org\/wp-content\/uploads\/2021\/05\/05-05-Inauguraci\u00f3n-Carlos-Paz-80.jpg'><img loading=\"lazy\" decoding=\"async\" width=\"300\" height=\"300\" src=\"\" class=\"attachment-medium size-medium lazyload\" alt=\"\" data-src=\"https:\/\/atecordoba.org\/wp-content\/uploads\/2021\/05\/05-05-Inauguraci\u00f3n-Carlos-Paz-80-300x300.jpg\" data-sizes=\"auto\" data-srcset=\"https:\/\/atecordoba.org\/wp-content\/uploads\/2021\/05\/05-05-Inauguraci\u00f3n-Carlos-Paz-80-300x300.jpg 300w, https:\/\/atecordoba.org\/wp-content\/uploads\/2021\/05\/05-05-Inauguraci\u00f3n-Carlos-Paz-80-1024x1024.jpg 1024w, https:\/\/atecordoba.org\/wp-content\/uploads\/2021\/05\/05-05-Inauguraci\u00f3n-Carlos-Paz-80-150x150.jpg 150w, https:\/\/atecordoba.org\/wp-content\/uploads\/2021\/05\/05-05-Inauguraci\u00f3n-Carlos-Paz-80-768x768.jpg 768w, https:\/\/atecordoba.org\/wp-content\/uploads\/2021\/05\/05-05-Inauguraci\u00f3n-Carlos-Paz-80-560x560.jpg 560w, https:\/\/atecordoba.org\/wp-content\/uploads\/2021\/05\/05-05-Inauguraci\u00f3n-Carlos-Paz-80-75x75.jpg 75w, https:\/\/atecordoba.org\/wp-content\/uploads\/2021\/05\/05-05-Inauguraci\u00f3n-Carlos-Paz-80-750x750.jpg 750w, https:\/\/atecordoba.org\/wp-content\/uploads\/2021\/05\/05-05-Inauguraci\u00f3n-Carlos-Paz-80.jpg 1080w\" data-expand=\"700\" \/><\/a>\n                <\/div><\/figure><figure class='gallery-item'>\n                <div class='gallery-icon landscape'>\n                    <a href='https:\/\/atecordoba.org\/wp-content\/uploads\/2021\/01\/Caravana-11-1-Villa-Carlos-Paz-portada.jpg'><img loading=\"lazy\" decoding=\"async\" width=\"300\" height=\"300\" src=\"\" class=\"attachment-medium size-medium lazyload\" alt=\"\" data-src=\"https:\/\/atecordoba.org\/wp-content\/uploads\/2021\/01\/Caravana-11-1-Villa-Carlos-Paz-portada-300x300.jpg\" data-sizes=\"auto\" data-srcset=\"https:\/\/atecordoba.org\/wp-content\/uploads\/2021\/01\/Caravana-11-1-Villa-Carlos-Paz-portada-300x300.jpg 300w, https:\/\/atecordoba.org\/wp-content\/uploads\/2021\/01\/Caravana-11-1-Villa-Carlos-Paz-portada-150x150.jpg 150w, https:\/\/atecordoba.org\/wp-content\/uploads\/2021\/01\/Caravana-11-1-Villa-Carlos-Paz-portada-75x75.jpg 75w, https:\/\/atecordoba.org\/wp-content\/uploads\/2021\/01\/Caravana-11-1-Villa-Carlos-Paz-portada.jpg 540w\" data-expand=\"700\" \/><\/a>\n                <\/div><\/figure><br style=\"clear: both\" \/><figure class='gallery-item'>\n                <div class='gallery-icon landscape'>\n                    <a href='https:\/\/atecordoba.org\/wp-content\/uploads\/2021\/01\/28-01-Asamblea-y-abrazo-Carlos-Paz-2.jpeg'><img loading=\"lazy\" decoding=\"async\" width=\"300\" height=\"169\" src=\"\" class=\"attachment-medium size-medium lazyload\" alt=\"\" data-src=\"https:\/\/atecordoba.org\/wp-content\/uploads\/2021\/01\/28-01-Asamblea-y-abrazo-Carlos-Paz-2-300x169.jpeg\" data-sizes=\"auto\" data-srcset=\"https:\/\/atecordoba.org\/wp-content\/uploads\/2021\/01\/28-01-Asamblea-y-abrazo-Carlos-Paz-2-300x169.jpeg 300w, https:\/\/atecordoba.org\/wp-content\/uploads\/2021\/01\/28-01-Asamblea-y-abrazo-Carlos-Paz-2-1024x576.jpeg 1024w, https:\/\/atecordoba.org\/wp-content\/uploads\/2021\/01\/28-01-Asamblea-y-abrazo-Carlos-Paz-2-768x432.jpeg 768w, https:\/\/atecordoba.org\/wp-content\/uploads\/2021\/01\/28-01-Asamblea-y-abrazo-Carlos-Paz-2-750x422.jpeg 750w, https:\/\/atecordoba.org\/wp-content\/uploads\/2021\/01\/28-01-Asamblea-y-abrazo-Carlos-Paz-2-1140x641.jpeg 1140w, https:\/\/atecordoba.org\/wp-content\/uploads\/2021\/01\/28-01-Asamblea-y-abrazo-Carlos-Paz-2.jpeg 1280w\" data-expand=\"700\" \/><\/a>\n                <\/div><\/figure><figure class='gallery-item'>\n                <div class='gallery-icon landscape'>\n                    <a href='https:\/\/atecordoba.org\/wp-content\/uploads\/2021\/05\/13-05-Carlos-Paz-Fede-Giuliani-4.jpeg'><img loading=\"lazy\" decoding=\"async\" width=\"300\" height=\"169\" src=\"\" class=\"attachment-medium size-medium lazyload\" alt=\"\" data-src=\"https:\/\/atecordoba.org\/wp-content\/uploads\/2021\/05\/13-05-Carlos-Paz-Fede-Giuliani-4-300x169.jpeg\" data-sizes=\"auto\" data-srcset=\"https:\/\/atecordoba.org\/wp-content\/uploads\/2021\/05\/13-05-Carlos-Paz-Fede-Giuliani-4-300x169.jpeg 300w, https:\/\/atecordoba.org\/wp-content\/uploads\/2021\/05\/13-05-Carlos-Paz-Fede-Giuliani-4-1024x576.jpeg 1024w, https:\/\/atecordoba.org\/wp-content\/uploads\/2021\/05\/13-05-Carlos-Paz-Fede-Giuliani-4-768x432.jpeg 768w, https:\/\/atecordoba.org\/wp-content\/uploads\/2021\/05\/13-05-Carlos-Paz-Fede-Giuliani-4-750x422.jpeg 750w, https:\/\/atecordoba.org\/wp-content\/uploads\/2021\/05\/13-05-Carlos-Paz-Fede-Giuliani-4-1140x641.jpeg 1140w, https:\/\/atecordoba.org\/wp-content\/uploads\/2021\/05\/13-05-Carlos-Paz-Fede-Giuliani-4.jpeg 1280w\" data-expand=\"700\" \/><\/a>\n                <\/div><\/figure><figure class='gallery-item'>\n                <div class='gallery-icon landscape'>\n                    <a href='https:\/\/atecordoba.org\/wp-content\/uploads\/2021\/01\/20-01-Nora-Corti\u00f1as-Villa-Carlos-Paz-apoyo-portada.jpg'><img loading=\"lazy\" decoding=\"async\" width=\"300\" height=\"171\" src=\"\" class=\"attachment-medium size-medium lazyload\" alt=\"\" data-src=\"https:\/\/atecordoba.org\/wp-content\/uploads\/2021\/01\/20-01-Nora-Corti\u00f1as-Villa-Carlos-Paz-apoyo-portada-300x171.jpg\" data-sizes=\"auto\" data-srcset=\"https:\/\/atecordoba.org\/wp-content\/uploads\/2021\/01\/20-01-Nora-Corti\u00f1as-Villa-Carlos-Paz-apoyo-portada-300x171.jpg 300w, https:\/\/atecordoba.org\/wp-content\/uploads\/2021\/01\/20-01-Nora-Corti\u00f1as-Villa-Carlos-Paz-apoyo-portada-1024x583.jpg 1024w, https:\/\/atecordoba.org\/wp-content\/uploads\/2021\/01\/20-01-Nora-Corti\u00f1as-Villa-Carlos-Paz-apoyo-portada-768x437.jpg 768w, https:\/\/atecordoba.org\/wp-content\/uploads\/2021\/01\/20-01-Nora-Corti\u00f1as-Villa-Carlos-Paz-apoyo-portada-750x427.jpg 750w, https:\/\/atecordoba.org\/wp-content\/uploads\/2021\/01\/20-01-Nora-Corti\u00f1as-Villa-Carlos-Paz-apoyo-portada-1140x649.jpg 1140w, https:\/\/atecordoba.org\/wp-content\/uploads\/2021\/01\/20-01-Nora-Corti\u00f1as-Villa-Carlos-Paz-apoyo-portada.jpg 1388w\" data-expand=\"700\" \/><\/a>\n                <\/div><\/figure><br style=\"clear: both\" \/>\n            <\/div>\n\n<p>Aunque la Municipalidad podr\u00eda apelar la decisi\u00f3n, solicitando su suspensi\u00f3n, manifestando la incompetencia de la Justicia Laboral ante el caso, la actuaci\u00f3n recaer\u00eda sobre la misma C\u00e1mara Laboral de C\u00f3rdoba que ya dio lugar al pedido de competencia de ATE C\u00f3rdoba, con lo que se presupone que dicha Sala ratificar\u00eda la medida cautelar favorable a las y los profesionales de la salud -otorgada hace menos de un mes-, quienes continuar\u00edan trabajando por orden de la Jueza Rodr\u00edguez hasta tanto se resuelva la cuesti\u00f3n de fondo con respecto a &#8220;los despidos encubiertos y discrimatorios, trat\u00e1ndose de personal contratado durante a\u00f1os de manera precaria, cumpliendo funciones permanentes, y que fue despedido simplemente por peticionar mejores condiciones laborales&#8221;, tal el planteo de fondo de ATE.<\/p>\n<p>&nbsp;<\/p>\n","protected":false},"excerpt":{"rendered":"<p>La Justicia de primera instancia de Carlos Paz orden\u00f3 la reinstalaci\u00f3n de las trabajadoras y trabajadores de la Salud Municipal despedidos arbitrariamente el 31 de diciembre pasado por el Gobierno de Daniel G\u00f3mez Gesteira. La Jueza Viviana Rodr\u00edguez orden\u00f3 que la reinstalaci\u00f3n sea &#8220;en las mismas e id\u00e9nticas condiciones laborales y horarias&#8221; de cuando se [&hellip;]<\/p>\n","protected":false},"author":6,"featured_media":24232,"comment_status":"open","ping_status":"open","sticky":false,"template":"","format":"standard","meta":{"_exactmetrics_skip_tracking":false,"_exactmetrics_sitenote_active":false,"_exactmetrics_sitenote_note":"","_exactmetrics_sitenote_category":0,"jnews-multi-image_gallery":[],"jnews_single_post":{"source_name":"","source_url":"","via_name":"","via_url":"","override_template":"0","override":[{"template":"1","single_blog_custom":"","parallax":"1","fullscreen":"0","layout":"right-sidebar","sidebar":"default-sidebar","second_sidebar":"default-sidebar","sticky_sidebar":"1","share_position":"top","share_float_style":"share-monocrhome","show_share_counter":"1","show_view_counter":"1","show_featured":"1","show_post_meta":"1","show_post_author":"1","show_post_author_image":"1","show_post_date":"1","post_date_format":"default","post_date_format_custom":"Y\/m\/d","show_post_category":"1","show_post_reading_time":"0","post_reading_time_wpm":"300","show_zoom_button":"0","zoom_button_out_step":"2","zoom_button_in_step":"3","show_post_tag":"1","show_prev_next_post":"1","show_popup_post":"1","number_popup_post":"1","show_author_box":"0","show_post_related":"0","show_inline_post_related":"0"}],"override_image_size":"0","image_override":[{"single_post_thumbnail_size":"crop-500","single_post_gallery_size":"crop-500"}],"trending_post":"0","trending_post_position":"meta","trending_post_label":"Trending","sponsored_post":"0","sponsored_post_label":"Sponsored by","sponsored_post_name":"","sponsored_post_url":"","sponsored_post_logo_enable":"0","sponsored_post_logo":"","sponsored_post_desc":""},"jnews_primary_category":{"id":""},"jnews_social_meta":{"fb_title":"","fb_description":"","fb_image":"","twitter_title":"","twitter_description":"","twitter_image":""},"jnews_review":[],"enable_review":"0","type":"percentage","name":"","summary":"","brand":"","sku":"","good":[{"good_text":""}],"bad":[{"bad_text":""}],"score_override":"","override_value":"","rating":[{"rating_text":"","rating_number":"10"}],"price":[{"shop":"","price":"","link":"","icon":""}],"jnews_override_counter":{"override_view_counter":"0","view_counter_number":"0","override_share_counter":"0","share_counter_number":"0","override_like_counter":"0","like_counter_number":"0","override_dislike_counter":"0","dislike_counter_number":"0"},"jnews_post_split":{"enable_post_split":"0","post_split":[{"template":"1","tag":"h2","numbering":"asc","mode":"normal"}]},"footnotes":""},"categories":[341,20],"tags":[760,737],"class_list":["post-25959","post","type-post","status-publish","format-standard","has-post-thumbnail","hentry","category-cdp","category-municipales","tag-hospital-sayago","tag-villa-carlos-paz"],"jetpack_featured_media_url":"https:\/\/atecordoba.org\/wp-content\/uploads\/2021\/02\/DSC_2024-Medium-2.jpg","_links":{"self":[{"href":"https:\/\/atecordoba.org\/index.php?rest_route=\/wp\/v2\/posts\/25959","targetHints":{"allow":["GET"]}}],"collection":[{"href":"https:\/\/atecordoba.org\/index.php?rest_route=\/wp\/v2\/posts"}],"about":[{"href":"https:\/\/atecordoba.org\/index.php?rest_route=\/wp\/v2\/types\/post"}],"author":[{"embeddable":true,"href":"https:\/\/atecordoba.org\/index.php?rest_route=\/wp\/v2\/users\/6"}],"replies":[{"embeddable":true,"href":"https:\/\/atecordoba.org\/index.php?rest_route=%2Fwp%2Fv2%2Fcomments&post=25959"}],"version-history":[{"count":6,"href":"https:\/\/atecordoba.org\/index.php?rest_route=\/wp\/v2\/posts\/25959\/revisions"}],"predecessor-version":[{"id":25969,"href":"https:\/\/atecordoba.org\/index.php?rest_route=\/wp\/v2\/posts\/25959\/revisions\/25969"}],"wp:featuredmedia":[{"embeddable":true,"href":"https:\/\/atecordoba.org\/index.php?rest_route=\/wp\/v2\/media\/24232"}],"wp:attachment":[{"href":"https:\/\/atecordoba.org\/index.php?rest_route=%2Fwp%2Fv2%2Fmedia&parent=25959"}],"wp:term":[{"taxonomy":"category","embeddable":true,"href":"https:\/\/atecordoba.org\/index.php?rest_route=%2Fwp%2Fv2%2Fcategories&post=25959"},{"taxonomy":"post_tag","embeddable":true,"href":"https:\/\/atecordoba.org\/index.php?rest_route=%2Fwp%2Fv2%2Ftags&post=25959"}],"curies":[{"name":"wp","href":"https:\/\/api.w.org\/{rel}","templated":true}]}}