{"id":25953,"date":"2021-05-20T12:17:05","date_gmt":"2021-05-20T15:17:05","guid":{"rendered":"https:\/\/atecordoba.org\/?p=25953"},"modified":"2021-05-20T15:23:08","modified_gmt":"2021-05-20T18:23:08","slug":"ataque-israeli-a-gaza-una-mirada-de-los-estatales","status":"publish","type":"post","link":"https:\/\/atecordoba.org\/?p=25953","title":{"rendered":"Ataque israel\u00ed a Gaza, una mirada de las y los estatales"},"content":{"rendered":"<p><img loading=\"lazy\" decoding=\"async\" class=\" wp-image-25955 aligncenter\" src=\"https:\/\/atecordoba.org\/wp-content\/uploads\/2021\/05\/Gaza04-300x190.jpg\" alt=\"\" width=\"600\" height=\"380\" srcset=\"https:\/\/atecordoba.org\/wp-content\/uploads\/2021\/05\/Gaza04-300x190.jpg 300w, https:\/\/atecordoba.org\/wp-content\/uploads\/2021\/05\/Gaza04.jpg 620w\" sizes=\"auto, (max-width: 600px) 100vw, 600px\" \/>La grav\u00edsima situaci\u00f3n humanitaria que sufre actualmente y desde hace dos semanas la Franja de Gaza, como resultado del ataque militar de Israel al pueblo palestino, fue abordado por el programa radial Entre Todos y Todas, espacio semanal de la Secretar\u00eda de Prensa del Consejo Directivo Provincial (CDP) de ATE C\u00f3rdoba.<\/p>\n<p>Para la oportunidad, la emisi\u00f3n cont\u00f3 con la participaci\u00f3n del compa\u00f1ero Carlos Rang, especialista en Estudios Latinoamericanos, docente de la Universidad Nacional de R\u00edo Cuarto\u00a0 y delegado de ATE en la Secretaria de Agricultura Familiar de C\u00f3rdoba.<\/p>\n<figure id=\"attachment_25954\" aria-describedby=\"caption-attachment-25954\" style=\"width: 398px\" class=\"wp-caption alignright\"><img loading=\"lazy\" decoding=\"async\" class=\"wp-image-25954\" src=\"https:\/\/atecordoba.org\/wp-content\/uploads\/2021\/05\/carlos-rang-300x169.jpg\" alt=\"\" width=\"398\" height=\"224\" srcset=\"https:\/\/atecordoba.org\/wp-content\/uploads\/2021\/05\/carlos-rang-300x169.jpg 300w, https:\/\/atecordoba.org\/wp-content\/uploads\/2021\/05\/carlos-rang-1024x576.jpg 1024w, https:\/\/atecordoba.org\/wp-content\/uploads\/2021\/05\/carlos-rang-768x432.jpg 768w, https:\/\/atecordoba.org\/wp-content\/uploads\/2021\/05\/carlos-rang-750x422.jpg 750w, https:\/\/atecordoba.org\/wp-content\/uploads\/2021\/05\/carlos-rang-1140x641.jpg 1140w, https:\/\/atecordoba.org\/wp-content\/uploads\/2021\/05\/carlos-rang.jpg 1280w\" sizes=\"auto, (max-width: 398px) 100vw, 398px\" \/><figcaption id=\"caption-attachment-25954\" class=\"wp-caption-text\">Carlos Rang.<\/figcaption><\/figure>\n<p><strong>\u00bfC\u00f3mo comienza el conflicto entre palestinos e israel\u00edes? <\/strong><\/p>\n<p>Es un conflicto geopol\u00edtico hist\u00f3rico y asim\u00e9trico que tiene al pueblo palestino con miles de muertos y refugiados desde hace d\u00e9cadas, convirtiendo en un polvor\u00edn a Medio Oriente. Una zona donde vive mucha gente en una cantidad de tierra muy escasa, y con la mayor densidad poblacional del mundo. Sumado a que vivimos un momento con una pobreza muy compleja, con mucha desocupaci\u00f3n en Palestina en medio de la pandemia.<\/p>\n<p>Este conflicto hist\u00f3rico se origina en la Europa del siglo XIX, en torno a una pol\u00edtica contra los jud\u00edos, donde nace el sionismo como respuesta que pide un Estado para los jud\u00edos. Somos parte de esa historia porque uno de los lugares donde quer\u00edan venir a construir ese Estado es Argentina. Terminaron eligiendo esta zona santa, como la llaman ellos, donde est\u00e1 el muro de los lamentos. La primera migraci\u00f3n all\u00ed se da en 1892 y fue financiada por la banca Rothschild.<\/p>\n<p><strong>\u00bfC\u00f3mo sigui\u00f3 a partir de all\u00ed?<\/strong><\/p>\n<p>Tras la primera guerra mundial, la ca\u00edda del Imperio Otomano deriv\u00f3 en una repartija como bot\u00edn de guerra de sus antiguos territorios, y al Reino Unido le qued\u00f3 la zona de Palestina. La primera oleada fue de unos 2000 jud\u00edos, pero ya despu\u00e9s de la segunda guerra mundial arribaron 600 mil m\u00e1s. Ah\u00ed empiezan las tensiones con los pueblos ya asentados previamente.<\/p>\n<figure id=\"attachment_25957\" aria-describedby=\"caption-attachment-25957\" style=\"width: 442px\" class=\"wp-caption alignleft\"><img loading=\"lazy\" decoding=\"async\" class=\"wp-image-25957\" src=\"https:\/\/atecordoba.org\/wp-content\/uploads\/2021\/05\/ni\u00f1\u00e7os.jpg\" alt=\"\" width=\"442\" height=\"293\" \/><figcaption id=\"caption-attachment-25957\" class=\"wp-caption-text\">Dos ni\u00f1as en Gaza.<\/figcaption><\/figure>\n<p>En 1946 Inglaterra se retira de Palestina y la ONU establece un plan para crear dos estados independientes, dejando a Jerusal\u00e9n como una administraci\u00f3n independiente. Los \u00e1rabes rechazan esta alternativa y el conflicto mayor se arma en mayo del \u201948, donde los israel\u00edes se declaran Estado y entonces cinco pa\u00edses \u00e1rabes le declaran la guerra. En un a\u00f1o Israel gana esa guerra y como consecuencia aumenta su territorio un\u00a0 23% (respecto al planteo inicial de la ONU) agravando la situaci\u00f3n, cuando incorpora el control (militar) de Jerusal\u00e9n; Cisjordania y Gaza le quedan a Egipto. \u00a0Esto produjo grandes desplazados en el mundo, los palestinos suman cinco millones que se\u00a0 encuentran la mayor\u00eda en Jordania, en L\u00edbano. En 1967 se produce la &#8220;Guerra de los Seis D\u00edas&#8221;, tras la ofensiva de Israel contra la coalici\u00f3n \u00e1rabe, de la cual tambi\u00e9n result\u00f3 vencedor.<\/p>\n<p><strong>\u00bfCu\u00e1l es tu mirada de la actualidad?<\/strong><\/p>\n<p>Hoy Palestina est\u00e1 dividida en dos, una parte en Cisjordania y otra en la Franja de Gaza. Esta \u00faltima est\u00e1 gobernada por Hamas, un grupo pol\u00edtico isl\u00e1mico de los Hermanos Musulmanes que concentra el poder a partir de haber ganado las elecciones en 2007, pero que adem\u00e1s posee una amplia red de asistencia y ayuda social.<\/p>\n<p>Este conflicto es totalmente asim\u00e9trico porque uno es un Estado muy pertrechado con armas, ojivas nucleares y un escudo antimisiles y otro es un pueblo con un gobierno religioso, que tiene misiles m\u00e1s de tipo casero y un sistema militar bastante elemental, con un poder de da\u00f1o \u00ednfimamente menor.<\/p>\n<p>La avanzada se da en un momento de crisis general porque Israel no puede generar gobierno hace cuatro elecciones. Por el lado palestino, despu\u00e9s de 15 a\u00f1os de enfrentamiento, hab\u00eda una posibilidad de uni\u00f3n entre las fuerzas de Al Fatha y Hamas para ir a elecciones, en un contexto en que muchos pa\u00edses est\u00e1n firmando la paz con Israel, lo cual debilita en la geopol\u00edtica regional al planteo palestino.<\/p>\n<figure id=\"attachment_25958\" aria-describedby=\"caption-attachment-25958\" style=\"width: 479px\" class=\"wp-caption alignright\"><img loading=\"lazy\" decoding=\"async\" class=\"wp-image-25958\" src=\"https:\/\/atecordoba.org\/wp-content\/uploads\/2021\/05\/resar.jpg\" alt=\"\" width=\"479\" height=\"268\" \/><figcaption id=\"caption-attachment-25958\" class=\"wp-caption-text\">Pobladores rezando en zona arrasada.<\/figcaption><\/figure>\n<p>Las acciones se liberaron tras las protestas por el avance de los colonos israel\u00edes sobre palestinos que fueron desahuciados, sacados de sus casas, ante \u00f3rdenes judiciales del Estado sionista.<\/p>\n<p>Pero el conflicto viene desde hace mucho tiempo. La primera Intifada (rebeli\u00f3n de las piedras) fue en 1987, donde naci\u00f3 Hamas, y se sucedieron muchas otras, la \u00faltima durante el gobierno de Trump cuando ese presidente de EEUU reconoce a Jerusal\u00e9n como capital de Israel.<\/p>\n<p><strong>\u00bfC\u00f3mo ves que est\u00e1 el papel de la clase trabajadora en este contexto?<\/strong><\/p>\n<p>En Israel viven dos millones de \u00e1rabes y siempre fueron la mano de obra barata que tiene el Estado sionista. Como detalle curioso cabe destacar que mientras Israel realiza una espectacular campa\u00f1a de vacunaci\u00f3n de su poblaci\u00f3n, solo permiti\u00f3 que se vacuna en Gaza al 4% de sus habitantes. Estamos viendo una gran discriminaci\u00f3n hacia los trabajadores palestinos.<\/p>\n<figure id=\"attachment_25956\" aria-describedby=\"caption-attachment-25956\" style=\"width: 448px\" class=\"wp-caption alignleft\"><img loading=\"lazy\" decoding=\"async\" class=\"wp-image-25956\" src=\"https:\/\/atecordoba.org\/wp-content\/uploads\/2021\/05\/mi-abuelo.jpg\" alt=\"\" width=\"448\" height=\"251\" \/><figcaption id=\"caption-attachment-25956\" class=\"wp-caption-text\">Protesta contra la guerra en Israel: &#8220;No se salvo mi abuelo de Auschwitz para bombardear Gaza&#8221;.<\/figcaption><\/figure>\n<p>Salvo Ir\u00e1n, que lo quiere borrar del mapa, el resto de los pa\u00edses \u00e1rabes firmaron la paz con Israel. Por eso la salida de los pueblos \u00e1rabes a trav\u00e9s de movimientos nacionalistas y religiosos va perdiendo peso.\u00a0 Me parece que deber\u00edan buscar una salida de los trabajadores, afuera y dentro de Israel, porque no todos los jud\u00edos son sionistas, igual que no todos los palestinos musulmanes son islamistas. Hay un mont\u00f3n de trabajadores que viven\u00a0 de ambos lados y podr\u00edan buscar una v\u00eda de huelgas de masas en contra del Estado capitalista israel\u00ed, que hoy domina tanto Cisjordania y Gaza. Entre los trabajadores israel\u00edes hay muchos que est\u00e1n en contra del sionismo al igual que lo est\u00e1n muchos jud\u00edos ortodoxos.<\/p>\n<p>Un cronograma conjunto que unifique a trabajadores israel\u00edes y \u00e1rabes, permitir\u00eda salir del atolladero con un programa para el conjunto de la clase obrera. Lo otro lleva a profundizar los enfrentamientos y muertes en un\u00a0 conflicto asim\u00e9trico que deriva en un genocidio a las puertas de verse.<\/p>\n<p><strong>Pero el camino parece ser uno distinto.<\/strong><\/p>\n<p>Lo que busca Hamas a trav\u00e9s de sus ataques es ganar moralmente para esperar que se levanten los pueblos del mundo para lograr\u00a0 una victoria pol\u00edtica.<\/p>\n<p>Israel intenta buscar tambi\u00e9n una salida militar. En los \u00faltimos bombardeos le mataron el cuerpo de inteligencia d Hamas y su dirigencia pol\u00edtica m\u00e1s importante, atacando sus familias. Al mismo tiempo rompieron todas las estructuras de la sociedad civil como las escuelas, los hospitales, donde los que pagan\u00a0 son los trabajadores. Sucede de ambos lados y por eso la necesidad de un programa unificado y la solidaridad\u00a0 internacional de la clase trabajadora. Los trabajadores argentinos tambi\u00e9n debemos solidarizarnos con la paz y un camino con una salida program\u00e1tica de la clase obrera.<\/p>\n<p>&nbsp;<\/p>\n","protected":false},"excerpt":{"rendered":"<p>La grav\u00edsima situaci\u00f3n humanitaria que sufre actualmente y desde hace dos semanas la Franja de Gaza, como resultado del ataque militar de Israel al pueblo palestino, fue abordado por el programa radial Entre Todos y Todas, espacio semanal de la Secretar\u00eda de Prensa del Consejo Directivo Provincial (CDP) de ATE C\u00f3rdoba. Para la oportunidad, la [&hellip;]<\/p>\n","protected":false},"author":7,"featured_media":25955,"comment_status":"open","ping_status":"open","sticky":true,"template":"","format":"standard","meta":{"_exactmetrics_skip_tracking":false,"_exactmetrics_sitenote_active":false,"_exactmetrics_sitenote_note":"","_exactmetrics_sitenote_category":0,"jnews-multi-image_gallery":[],"jnews_single_post":{"source_name":"","source_url":"","via_name":"","via_url":"","override_template":"0","override":[{"template":"1","single_blog_custom":"","parallax":"1","fullscreen":"0","layout":"right-sidebar","sidebar":"default-sidebar","second_sidebar":"default-sidebar","sticky_sidebar":"1","share_position":"top","share_float_style":"share-monocrhome","show_share_counter":"1","show_view_counter":"1","show_featured":"1","show_post_meta":"1","show_post_author":"1","show_post_author_image":"1","show_post_date":"1","post_date_format":"default","post_date_format_custom":"Y\/m\/d","show_post_category":"1","show_post_reading_time":"0","post_reading_time_wpm":"300","show_zoom_button":"0","zoom_button_out_step":"2","zoom_button_in_step":"3","show_post_tag":"1","show_prev_next_post":"1","show_popup_post":"1","number_popup_post":"1","show_author_box":"0","show_post_related":"0","show_inline_post_related":"0"}],"override_image_size":"0","image_override":[{"single_post_thumbnail_size":"crop-500","single_post_gallery_size":"crop-500"}],"trending_post":"0","trending_post_position":"meta","trending_post_label":"Trending","sponsored_post":"0","sponsored_post_label":"Sponsored by","sponsored_post_name":"","sponsored_post_url":"","sponsored_post_logo_enable":"0","sponsored_post_logo":"","sponsored_post_desc":""},"jnews_primary_category":{"id":""},"jnews_social_meta":{"fb_title":"","fb_description":"","fb_image":"","twitter_title":"","twitter_description":"","twitter_image":""},"jnews_review":[],"enable_review":"0","type":"percentage","name":"","summary":"","brand":"","sku":"","good":[{"good_text":""}],"bad":[{"bad_text":""}],"score_override":"","override_value":"","rating":[{"rating_text":"","rating_number":"10"}],"price":[{"shop":"","price":"","link":"","icon":""}],"jnews_override_counter":{"override_view_counter":"0","view_counter_number":"0","override_share_counter":"0","share_counter_number":"0","override_like_counter":"0","like_counter_number":"0","override_dislike_counter":"0","dislike_counter_number":"0"},"jnews_post_split":{"enable_post_split":"0","post_split":[{"template":"1","tag":"h2","numbering":"asc","mode":"normal"}]},"footnotes":""},"categories":[346],"tags":[824],"class_list":["post-25953","post","type-post","status-publish","format-standard","has-post-thumbnail","hentry","category-prensa-y-comunicacion","tag-gaza"],"jetpack_featured_media_url":"https:\/\/atecordoba.org\/wp-content\/uploads\/2021\/05\/Gaza04.jpg","_links":{"self":[{"href":"https:\/\/atecordoba.org\/index.php?rest_route=\/wp\/v2\/posts\/25953","targetHints":{"allow":["GET"]}}],"collection":[{"href":"https:\/\/atecordoba.org\/index.php?rest_route=\/wp\/v2\/posts"}],"about":[{"href":"https:\/\/atecordoba.org\/index.php?rest_route=\/wp\/v2\/types\/post"}],"author":[{"embeddable":true,"href":"https:\/\/atecordoba.org\/index.php?rest_route=\/wp\/v2\/users\/7"}],"replies":[{"embeddable":true,"href":"https:\/\/atecordoba.org\/index.php?rest_route=%2Fwp%2Fv2%2Fcomments&post=25953"}],"version-history":[{"count":6,"href":"https:\/\/atecordoba.org\/index.php?rest_route=\/wp\/v2\/posts\/25953\/revisions"}],"predecessor-version":[{"id":25976,"href":"https:\/\/atecordoba.org\/index.php?rest_route=\/wp\/v2\/posts\/25953\/revisions\/25976"}],"wp:featuredmedia":[{"embeddable":true,"href":"https:\/\/atecordoba.org\/index.php?rest_route=\/wp\/v2\/media\/25955"}],"wp:attachment":[{"href":"https:\/\/atecordoba.org\/index.php?rest_route=%2Fwp%2Fv2%2Fmedia&parent=25953"}],"wp:term":[{"taxonomy":"category","embeddable":true,"href":"https:\/\/atecordoba.org\/index.php?rest_route=%2Fwp%2Fv2%2Fcategories&post=25953"},{"taxonomy":"post_tag","embeddable":true,"href":"https:\/\/atecordoba.org\/index.php?rest_route=%2Fwp%2Fv2%2Ftags&post=25953"}],"curies":[{"name":"wp","href":"https:\/\/api.w.org\/{rel}","templated":true}]}}