{"id":2594,"date":"2013-04-16T16:21:11","date_gmt":"2013-04-16T19:21:11","guid":{"rendered":"http:\/\/www.atecordoba.org\/?p=2594"},"modified":"2013-04-16T16:21:11","modified_gmt":"2013-04-16T19:21:11","slug":"pami-rio-ceballos-nueva-asamblea-manana-en-repudio-a-los-maltratos-de-las-autoridades","status":"publish","type":"post","link":"https:\/\/atecordoba.org\/?p=2594","title":{"rendered":"PAMI R\u00edo Ceballos: Nueva asamblea ma\u00f1ana en repudio a los maltratos de las autoridades"},"content":{"rendered":"<p><em>Ma\u00f1ana\u00a0mi\u00e9rcoles ATE realizar\u00e1 una asamblea con los trabajadores de la agencia PAMI en repudio a los maltratos que la encargada del sector, Claudia Pallotto, impone a empleados y jubilados que de atienden en el organismo.\u00a0<\/em><\/p>\n<p>&nbsp;<\/p>\n<p><a href=\"http:\/\/www.atecordoba.org\/wp-content\/uploads\/2013\/04\/foto-web-16.jpg\"><img loading=\"lazy\" decoding=\"async\" class=\"aligncenter size-medium wp-image-2595\" title=\"foto web 1\" src=\"http:\/\/www.atecordoba.org\/wp-content\/uploads\/2013\/04\/foto-web-16-300x225.jpg\" alt=\"\" width=\"300\" height=\"225\" \/><\/a><\/p>\n<p>La semana pasada se realiz\u00f3 una multitudinaria asamblea donde los 8 trabajadores de la dependencia y decenas de afiliados entablaron a las autoridades para que se respete el derecho de los compa\u00f1eros en PAMI R\u00edo Ceballos.<\/p>\n<p>En consecuencia, la atenci\u00f3n se ver\u00e1 restringida a partir de las 10 horas y hasta las 12 horas.<\/p>\n<p>&nbsp;<\/p>\n<p style=\"text-align: right;\">Mar\u00eda Teresa Romero<\/p>\n<p style=\"text-align: right;\">Secretaria General<\/p>\n<p style=\"text-align: right;\">ATE C\u00f3rdoba<\/p>\n","protected":false},"excerpt":{"rendered":"<p>Ma\u00f1ana\u00a0mi\u00e9rcoles ATE realizar\u00e1 una asamblea con los trabajadores de la agencia PAMI en repudio a los maltratos que la encargada del sector, Claudia Pallotto, impone a empleados y jubilados que de atienden en el organismo.\u00a0 &nbsp; La semana pasada se realiz\u00f3 una multitudinaria asamblea donde los 8 trabajadores de la dependencia y decenas de afiliados [&hellip;]<\/p>\n","protected":false},"author":1,"featured_media":19220,"comment_status":"open","ping_status":"open","sticky":false,"template":"","format":"standard","meta":{"_exactmetrics_skip_tracking":false,"_exactmetrics_sitenote_active":false,"_exactmetrics_sitenote_note":"","_exactmetrics_sitenote_category":0,"jnews-multi-image_gallery":[],"jnews_single_post":[],"jnews_primary_category":[],"jnews_social_meta":[],"jnews_review":[],"enable_review":"","type":"","name":"","summary":"","brand":"","sku":"","good":[],"bad":[],"score_override":"","override_value":"","rating":[],"price":[],"jnews_override_counter":[],"jnews_post_split":[],"footnotes":""},"categories":[53,18],"tags":[],"class_list":["post-2594","post","type-post","status-publish","format-standard","has-post-thumbnail","hentry","category-comunicados-de-prensa","category-nacionales"],"jetpack_featured_media_url":"https:\/\/atecordoba.org\/wp-content\/uploads\/2020\/05\/logo-nuevochico-e1561581322808.png","_links":{"self":[{"href":"https:\/\/atecordoba.org\/index.php?rest_route=\/wp\/v2\/posts\/2594","targetHints":{"allow":["GET"]}}],"collection":[{"href":"https:\/\/atecordoba.org\/index.php?rest_route=\/wp\/v2\/posts"}],"about":[{"href":"https:\/\/atecordoba.org\/index.php?rest_route=\/wp\/v2\/types\/post"}],"author":[{"embeddable":true,"href":"https:\/\/atecordoba.org\/index.php?rest_route=\/wp\/v2\/users\/1"}],"replies":[{"embeddable":true,"href":"https:\/\/atecordoba.org\/index.php?rest_route=%2Fwp%2Fv2%2Fcomments&post=2594"}],"version-history":[{"count":0,"href":"https:\/\/atecordoba.org\/index.php?rest_route=\/wp\/v2\/posts\/2594\/revisions"}],"wp:featuredmedia":[{"embeddable":true,"href":"https:\/\/atecordoba.org\/index.php?rest_route=\/wp\/v2\/media\/19220"}],"wp:attachment":[{"href":"https:\/\/atecordoba.org\/index.php?rest_route=%2Fwp%2Fv2%2Fmedia&parent=2594"}],"wp:term":[{"taxonomy":"category","embeddable":true,"href":"https:\/\/atecordoba.org\/index.php?rest_route=%2Fwp%2Fv2%2Fcategories&post=2594"},{"taxonomy":"post_tag","embeddable":true,"href":"https:\/\/atecordoba.org\/index.php?rest_route=%2Fwp%2Fv2%2Ftags&post=2594"}],"curies":[{"name":"wp","href":"https:\/\/api.w.org\/{rel}","templated":true}]}}