{"id":25939,"date":"2021-05-19T14:10:50","date_gmt":"2021-05-19T17:10:50","guid":{"rendered":"https:\/\/atecordoba.org\/?p=25939"},"modified":"2021-05-19T14:10:50","modified_gmt":"2021-05-19T17:10:50","slug":"la-seccional-rio-cuarto-se-reunio-con-referentes-politicos-de-villa-carlos-paz-para-analizar-la-situacion-de-las-y-los-municipales-en-ambas-ciudades","status":"publish","type":"post","link":"https:\/\/atecordoba.org\/?p=25939","title":{"rendered":"La seccional R\u00edo Cuarto se reuni\u00f3 con referentes pol\u00edticos de Villa Carlos Paz para analizar la situaci\u00f3n de las y los municipales en ambas ciudades"},"content":{"rendered":"<p><img loading=\"lazy\" decoding=\"async\" class=\" wp-image-25950 aligncenter\" src=\"https:\/\/atecordoba.org\/wp-content\/uploads\/2021\/05\/rio-cuarto_carlos-paz-despierta-300x225.jpeg\" alt=\"\" width=\"608\" height=\"456\" srcset=\"https:\/\/atecordoba.org\/wp-content\/uploads\/2021\/05\/rio-cuarto_carlos-paz-despierta-300x225.jpeg 300w, https:\/\/atecordoba.org\/wp-content\/uploads\/2021\/05\/rio-cuarto_carlos-paz-despierta-1024x768.jpeg 1024w, https:\/\/atecordoba.org\/wp-content\/uploads\/2021\/05\/rio-cuarto_carlos-paz-despierta-768x576.jpeg 768w, https:\/\/atecordoba.org\/wp-content\/uploads\/2021\/05\/rio-cuarto_carlos-paz-despierta-750x563.jpeg 750w, https:\/\/atecordoba.org\/wp-content\/uploads\/2021\/05\/rio-cuarto_carlos-paz-despierta-1140x855.jpeg 1140w, https:\/\/atecordoba.org\/wp-content\/uploads\/2021\/05\/rio-cuarto_carlos-paz-despierta.jpeg 1280w\" sizes=\"auto, (max-width: 608px) 100vw, 608px\" \/>Hoy se llev\u00f3 a cabo un encuentro en la sede la seccional ATE R\u00edo Cuarto, entre la conducci\u00f3n local, encabezada por su secretaria General Rafaela Alcoba, con los referentes del espacio pol\u00edtico Carlos Paz Despierta, para intercambiar experiencias sobre la situaci\u00f3n de las y los municipales de R\u00edo Cuarto y Villa Carlos Paz.<\/p>\n<p>De parte de ATE estuvieron presentes, adem\u00e1s, la secretaria Proadministrativa Gabriela Alcoba y el compa\u00f1ero del Ente Municipal de Obras P\u00fablicas, Mauricio Macio, en tanto por Carlos Paz Despierta, el concejal Daniel Ribetti y el referente y m\u00e9dico sanitarista Emilio Iosa.<\/p>\n<p>&#8220;Tanto Ribetti como Iosa no acompa\u00f1aron en el proceso de lucha que llevamos adelante en Villa Carlos Paz y su aporte es muy importante para seguir sumando elementos de an\u00e1lisis, a los fines de destrabar el conflicto que tiene poco principal en el Hospital Municipal Gumercindo Sayago&#8221;, resumi\u00f3 Rafaela Alcoba.<\/p>\n<p>Vale se\u00f1alar que, seg\u00fan <a href=\"http:\/\/lajornadaweb.com.ar\/2021\/05\/17\/iosa-fue-invitado-por-el-concejo-deliberante-de-rio-cuarto-para-exponer-sobre-el-proyecto-de-monitoreo-de-coronavirus-en-aguas-residuales\/\">inform\u00f3<\/a> el diario Ja Jornada, Iosa fue invitado a exponer en el Concejo Deliberante de R\u00edo Cuarto sobre el proyecto de monitoreo de coronavirus en aguas residuales que ya se viene realizando en Villa Carlos Paz.<\/p>\n<p>La actividad es organizada con el objetivo de apoyar e impulsar una iniciativa similar en el Imperio del Sur, y surge tras la visita que realizar\u00e1n a Villa Carlos Paz d\u00edas pasados un grupo de concejales y funcionarios riocuartenses.<\/p>\n","protected":false},"excerpt":{"rendered":"<p>Hoy se llev\u00f3 a cabo un encuentro en la sede la seccional ATE R\u00edo Cuarto, entre la conducci\u00f3n local, encabezada por su secretaria General Rafaela Alcoba, con los referentes del espacio pol\u00edtico Carlos Paz Despierta, para intercambiar experiencias sobre la situaci\u00f3n de las y los municipales de R\u00edo Cuarto y Villa Carlos Paz. De parte [&hellip;]<\/p>\n","protected":false},"author":7,"featured_media":25950,"comment_status":"open","ping_status":"open","sticky":true,"template":"","format":"standard","meta":{"_exactmetrics_skip_tracking":false,"_exactmetrics_sitenote_active":false,"_exactmetrics_sitenote_note":"","_exactmetrics_sitenote_category":0,"jnews-multi-image_gallery":[],"jnews_single_post":{"source_name":"","source_url":"","via_name":"","via_url":"","override_template":"0","override":[{"template":"1","single_blog_custom":"","parallax":"1","fullscreen":"0","layout":"right-sidebar","sidebar":"default-sidebar","second_sidebar":"default-sidebar","sticky_sidebar":"1","share_position":"top","share_float_style":"share-monocrhome","show_share_counter":"1","show_view_counter":"1","show_featured":"1","show_post_meta":"1","show_post_author":"1","show_post_author_image":"1","show_post_date":"1","post_date_format":"default","post_date_format_custom":"Y\/m\/d","show_post_category":"1","show_post_reading_time":"0","post_reading_time_wpm":"300","show_zoom_button":"0","zoom_button_out_step":"2","zoom_button_in_step":"3","show_post_tag":"1","show_prev_next_post":"1","show_popup_post":"1","number_popup_post":"1","show_author_box":"0","show_post_related":"0","show_inline_post_related":"0"}],"override_image_size":"0","image_override":[{"single_post_thumbnail_size":"crop-500","single_post_gallery_size":"crop-500"}],"trending_post":"0","trending_post_position":"meta","trending_post_label":"Trending","sponsored_post":"0","sponsored_post_label":"Sponsored by","sponsored_post_name":"","sponsored_post_url":"","sponsored_post_logo_enable":"0","sponsored_post_logo":"","sponsored_post_desc":""},"jnews_primary_category":{"id":""},"jnews_social_meta":{"fb_title":"","fb_description":"","fb_image":"","twitter_title":"","twitter_description":"","twitter_image":""},"jnews_review":[],"enable_review":"0","type":"percentage","name":"","summary":"","brand":"","sku":"","good":[{"good_text":""}],"bad":[{"bad_text":""}],"score_override":"","override_value":"","rating":[{"rating_text":"","rating_number":"10"}],"price":[{"shop":"","price":"","link":"","icon":""}],"jnews_override_counter":{"override_view_counter":"0","view_counter_number":"0","override_share_counter":"0","share_counter_number":"0","override_like_counter":"0","like_counter_number":"0","override_dislike_counter":"0","dislike_counter_number":"0"},"jnews_post_split":{"enable_post_split":"0","post_split":[{"template":"1","tag":"h2","numbering":"asc","mode":"normal"}]},"footnotes":""},"categories":[10],"tags":[],"class_list":["post-25939","post","type-post","status-publish","format-standard","has-post-thumbnail","hentry","category-accion-politica"],"jetpack_featured_media_url":"https:\/\/atecordoba.org\/wp-content\/uploads\/2021\/05\/rio-cuarto_carlos-paz-despierta.jpeg","_links":{"self":[{"href":"https:\/\/atecordoba.org\/index.php?rest_route=\/wp\/v2\/posts\/25939","targetHints":{"allow":["GET"]}}],"collection":[{"href":"https:\/\/atecordoba.org\/index.php?rest_route=\/wp\/v2\/posts"}],"about":[{"href":"https:\/\/atecordoba.org\/index.php?rest_route=\/wp\/v2\/types\/post"}],"author":[{"embeddable":true,"href":"https:\/\/atecordoba.org\/index.php?rest_route=\/wp\/v2\/users\/7"}],"replies":[{"embeddable":true,"href":"https:\/\/atecordoba.org\/index.php?rest_route=%2Fwp%2Fv2%2Fcomments&post=25939"}],"version-history":[{"count":1,"href":"https:\/\/atecordoba.org\/index.php?rest_route=\/wp\/v2\/posts\/25939\/revisions"}],"predecessor-version":[{"id":25951,"href":"https:\/\/atecordoba.org\/index.php?rest_route=\/wp\/v2\/posts\/25939\/revisions\/25951"}],"wp:featuredmedia":[{"embeddable":true,"href":"https:\/\/atecordoba.org\/index.php?rest_route=\/wp\/v2\/media\/25950"}],"wp:attachment":[{"href":"https:\/\/atecordoba.org\/index.php?rest_route=%2Fwp%2Fv2%2Fmedia&parent=25939"}],"wp:term":[{"taxonomy":"category","embeddable":true,"href":"https:\/\/atecordoba.org\/index.php?rest_route=%2Fwp%2Fv2%2Fcategories&post=25939"},{"taxonomy":"post_tag","embeddable":true,"href":"https:\/\/atecordoba.org\/index.php?rest_route=%2Fwp%2Fv2%2Ftags&post=25939"}],"curies":[{"name":"wp","href":"https:\/\/api.w.org\/{rel}","templated":true}]}}