{"id":25930,"date":"2021-05-19T13:07:55","date_gmt":"2021-05-19T16:07:55","guid":{"rendered":"https:\/\/atecordoba.org\/?p=25930"},"modified":"2021-05-19T13:36:15","modified_gmt":"2021-05-19T16:36:15","slug":"vacunacion-para-personas-con-discapacidades-el-ministerio-de-salud-implementa-una-propuesta-de-ate","status":"publish","type":"post","link":"https:\/\/atecordoba.org\/?p=25930","title":{"rendered":"Vacunaci\u00f3n para personas con discapacidad: el Ministerio de Salud implementa una propuesta de ATE C\u00f3rdoba"},"content":{"rendered":"<p><img loading=\"lazy\" decoding=\"async\" class=\"size-medium wp-image-25936 alignright\" src=\"https:\/\/atecordoba.org\/wp-content\/uploads\/2021\/05\/flyer-discapacidad2-300x300.jpg\" alt=\"\" width=\"300\" height=\"300\" srcset=\"https:\/\/atecordoba.org\/wp-content\/uploads\/2021\/05\/flyer-discapacidad2-300x300.jpg 300w, https:\/\/atecordoba.org\/wp-content\/uploads\/2021\/05\/flyer-discapacidad2-150x150.jpg 150w, https:\/\/atecordoba.org\/wp-content\/uploads\/2021\/05\/flyer-discapacidad2-768x768.jpg 768w, https:\/\/atecordoba.org\/wp-content\/uploads\/2021\/05\/flyer-discapacidad2-560x560.jpg 560w, https:\/\/atecordoba.org\/wp-content\/uploads\/2021\/05\/flyer-discapacidad2-75x75.jpg 75w, https:\/\/atecordoba.org\/wp-content\/uploads\/2021\/05\/flyer-discapacidad2-750x750.jpg 750w, https:\/\/atecordoba.org\/wp-content\/uploads\/2021\/05\/flyer-discapacidad2.jpg 960w\" sizes=\"auto, (max-width: 300px) 100vw, 300px\" \/>La Secretaria de Discapacidad del Ministerio de Salud de la Provincia implementar\u00e1 la inscripci\u00f3n de vacunaci\u00f3n para personas con discapacidades con la modificaci\u00f3n de los par\u00e1metros que <a href=\"https:\/\/atecordoba.org\/?p=25779\">ATE propuso a principios de mes<\/a>.<\/p>\n<p>De esta forma se garantiza que todas las personas con discapacidades que se adaptan a los criterios espec\u00edficos queden dentro de las prioridades de vacunaci\u00f3n de la campa\u00f1a.<\/p>\n<p>As\u00ed, se incluye en el formulario las enfermedades que constituyen comorbilidades o factores concurrentes, con enfermedades aparte de las que acreditan en el CUD (certificado \u00fanico de discapacidad) que emite la provincia, tal como explic\u00f3 en su oportunidad el director del Departamento de Discapacidad del Consejo Directivo Provincial, Franco Orsato.<\/p>\n<p>Las y los compa\u00f1eros que re\u00fanan esta condici\u00f3n y quieran inscribirse pueden<a href=\"https:\/\/docs.google.com\/forms\/d\/e\/1FAIpQLScgoUNNleDjyqwtp1nB3doHw6QBPnJwMJ4e3rfdVjzqO-gEUg\/viewform\"> ingresar aqu\u00ed<\/a> o escanear el c\u00f3digo siguiente<\/p>\n<p><img loading=\"lazy\" decoding=\"async\" class=\"alignnone size-medium wp-image-25934\" src=\"https:\/\/atecordoba.org\/wp-content\/uploads\/2021\/05\/discapacidad_CODIGO-300x300.jpeg\" alt=\"\" width=\"300\" height=\"300\" srcset=\"https:\/\/atecordoba.org\/wp-content\/uploads\/2021\/05\/discapacidad_CODIGO-300x300.jpeg 300w, https:\/\/atecordoba.org\/wp-content\/uploads\/2021\/05\/discapacidad_CODIGO-150x150.jpeg 150w, https:\/\/atecordoba.org\/wp-content\/uploads\/2021\/05\/discapacidad_CODIGO-75x75.jpeg 75w, https:\/\/atecordoba.org\/wp-content\/uploads\/2021\/05\/discapacidad_CODIGO.jpeg 400w\" sizes=\"auto, (max-width: 300px) 100vw, 300px\" \/><\/p>\n<p>&nbsp;<\/p>\n","protected":false},"excerpt":{"rendered":"<p>La Secretaria de Discapacidad del Ministerio de Salud de la Provincia implementar\u00e1 la inscripci\u00f3n de vacunaci\u00f3n para personas con discapacidades con la modificaci\u00f3n de los par\u00e1metros que ATE propuso a principios de mes. De esta forma se garantiza que todas las personas con discapacidades que se adaptan a los criterios espec\u00edficos queden dentro de las [&hellip;]<\/p>\n","protected":false},"author":7,"featured_media":25936,"comment_status":"open","ping_status":"open","sticky":true,"template":"","format":"standard","meta":{"_exactmetrics_skip_tracking":false,"_exactmetrics_sitenote_active":false,"_exactmetrics_sitenote_note":"","_exactmetrics_sitenote_category":0,"jnews-multi-image_gallery":[],"jnews_single_post":{"source_name":"","source_url":"","via_name":"","via_url":"","override_template":"0","override":[{"template":"1","single_blog_custom":"","parallax":"1","fullscreen":"0","layout":"right-sidebar","sidebar":"default-sidebar","second_sidebar":"default-sidebar","sticky_sidebar":"1","share_position":"top","share_float_style":"share-monocrhome","show_share_counter":"1","show_view_counter":"1","show_featured":"1","show_post_meta":"1","show_post_author":"1","show_post_author_image":"1","show_post_date":"1","post_date_format":"default","post_date_format_custom":"Y\/m\/d","show_post_category":"1","show_post_reading_time":"0","post_reading_time_wpm":"300","show_zoom_button":"0","zoom_button_out_step":"2","zoom_button_in_step":"3","show_post_tag":"1","show_prev_next_post":"1","show_popup_post":"1","number_popup_post":"1","show_author_box":"0","show_post_related":"0","show_inline_post_related":"0"}],"override_image_size":"0","image_override":[{"single_post_thumbnail_size":"crop-500","single_post_gallery_size":"crop-500"}],"trending_post":"0","trending_post_position":"meta","trending_post_label":"Trending","sponsored_post":"0","sponsored_post_label":"Sponsored by","sponsored_post_name":"","sponsored_post_url":"","sponsored_post_logo_enable":"0","sponsored_post_logo":"","sponsored_post_desc":""},"jnews_primary_category":{"id":""},"jnews_social_meta":{"fb_title":"","fb_description":"","fb_image":"","twitter_title":"","twitter_description":"","twitter_image":""},"jnews_review":[],"enable_review":"0","type":"percentage","name":"","summary":"","brand":"","sku":"","good":[{"good_text":""}],"bad":[{"bad_text":""}],"score_override":"","override_value":"","rating":[{"rating_text":"","rating_number":"10"}],"price":[{"shop":"","price":"","link":"","icon":""}],"jnews_override_counter":{"override_view_counter":"0","view_counter_number":"0","override_share_counter":"0","share_counter_number":"0","override_like_counter":"0","like_counter_number":"0","override_dislike_counter":"0","dislike_counter_number":"0"},"jnews_post_split":{"enable_post_split":"0","post_split":[{"template":"1","tag":"h2","numbering":"asc","mode":"normal"}]},"footnotes":""},"categories":[625],"tags":[823],"class_list":["post-25930","post","type-post","status-publish","format-standard","has-post-thumbnail","hentry","category-discapacidad","tag-secretaria-de-discapacidad"],"jetpack_featured_media_url":"https:\/\/atecordoba.org\/wp-content\/uploads\/2021\/05\/flyer-discapacidad2.jpg","_links":{"self":[{"href":"https:\/\/atecordoba.org\/index.php?rest_route=\/wp\/v2\/posts\/25930","targetHints":{"allow":["GET"]}}],"collection":[{"href":"https:\/\/atecordoba.org\/index.php?rest_route=\/wp\/v2\/posts"}],"about":[{"href":"https:\/\/atecordoba.org\/index.php?rest_route=\/wp\/v2\/types\/post"}],"author":[{"embeddable":true,"href":"https:\/\/atecordoba.org\/index.php?rest_route=\/wp\/v2\/users\/7"}],"replies":[{"embeddable":true,"href":"https:\/\/atecordoba.org\/index.php?rest_route=%2Fwp%2Fv2%2Fcomments&post=25930"}],"version-history":[{"count":2,"href":"https:\/\/atecordoba.org\/index.php?rest_route=\/wp\/v2\/posts\/25930\/revisions"}],"predecessor-version":[{"id":25940,"href":"https:\/\/atecordoba.org\/index.php?rest_route=\/wp\/v2\/posts\/25930\/revisions\/25940"}],"wp:featuredmedia":[{"embeddable":true,"href":"https:\/\/atecordoba.org\/index.php?rest_route=\/wp\/v2\/media\/25936"}],"wp:attachment":[{"href":"https:\/\/atecordoba.org\/index.php?rest_route=%2Fwp%2Fv2%2Fmedia&parent=25930"}],"wp:term":[{"taxonomy":"category","embeddable":true,"href":"https:\/\/atecordoba.org\/index.php?rest_route=%2Fwp%2Fv2%2Fcategories&post=25930"},{"taxonomy":"post_tag","embeddable":true,"href":"https:\/\/atecordoba.org\/index.php?rest_route=%2Fwp%2Fv2%2Ftags&post=25930"}],"curies":[{"name":"wp","href":"https:\/\/api.w.org\/{rel}","templated":true}]}}