{"id":25925,"date":"2021-05-19T11:44:33","date_gmt":"2021-05-19T14:44:33","guid":{"rendered":"https:\/\/atecordoba.org\/?p=25925"},"modified":"2021-05-19T14:41:11","modified_gmt":"2021-05-19T17:41:11","slug":"giuliani-pidio-constituirse-como-querellante-en-la-denuncia-contra-la-legisladora-del-falcon-verde-por-apologia-del-terrorismo-de-estado","status":"publish","type":"post","link":"https:\/\/atecordoba.org\/?p=25925","title":{"rendered":"Giuliani pidi\u00f3 constituirse como querellante en la denuncia contra la legisladora del &#8220;falcon verde&#8221; por apolog\u00eda del Terrorismo de Estado"},"content":{"rendered":"<p><a href=\"https:\/\/atecordoba.org\/wp-content\/uploads\/2021\/05\/12-05-Paro-IOSFA-Palabras-Federico-Giuliani.jpg\"><img loading=\"lazy\" decoding=\"async\" class=\" wp-image-25832 aligncenter\" src=\"https:\/\/atecordoba.org\/wp-content\/uploads\/2021\/05\/12-05-Paro-IOSFA-Palabras-Federico-Giuliani-300x165.jpg\" alt=\"\" width=\"464\" height=\"255\" srcset=\"https:\/\/atecordoba.org\/wp-content\/uploads\/2021\/05\/12-05-Paro-IOSFA-Palabras-Federico-Giuliani-300x165.jpg 300w, https:\/\/atecordoba.org\/wp-content\/uploads\/2021\/05\/12-05-Paro-IOSFA-Palabras-Federico-Giuliani.jpg 640w\" sizes=\"auto, (max-width: 464px) 100vw, 464px\" \/><\/a><\/p>\n<p>A trav\u00e9s de una presentaci\u00f3n que realiz\u00f3 ayer el cuerpo jur\u00eddico de ATE C\u00f3rdoba, <strong>el Secretario General del gremio, Federico Giuliani, pidi\u00f3 constituirse como querellante particular en la investigaci\u00f3n sobre la denuncia <a href=\"https:\/\/ate.org.ar\/federico-giuliani-denuncio-penalmente-a-la-legisladora-del-falcon-verde\/\">presentada el a\u00f1o pasado<\/a> contra la legisladora radical Patricia De Ferrari, por presunta &#8220;apolog\u00eda del terrorismo de Estado&#8221; e &#8220;incitaci\u00f3n a la violencia&#8221;.<\/strong><\/p>\n<p>En tal sentido, Eugenio Biafore, abogado de ATE C\u00f3rdoba, fundament\u00f3 la presentaci\u00f3n se\u00f1alando que <strong>\u201cATE tiene compa\u00f1eros y compa\u00f1eras desaparecidas y adem\u00e1s la familia \u00edntegra de Federico ha sufrido la persecuci\u00f3n en la dictadura<\/strong>.<strong> Por lo tanto hay inter\u00e9s suficiente para poder ser querellantes y de esta forma coadyuvar a la Justicia en relaci\u00f3n a la prueba y en relaci\u00f3n a la existencia del delito\u201d<\/strong>.<\/p>\n<p>La representante de Juntos por el Cambio del sur provincial se pregunt\u00f3 el a\u00f1o pasado a trav\u00e9s de su cuenta particular de la red Twitter si \u201cfalta mucho para que aparezcan los falcon verde para \u2018impartir justicia\u2019[\u2026]\u201d como respuesta a una protesta que encabez\u00f3 el dirigente social Juan Grabois en la provincia de Entre R\u00edos.<\/p>\n<p><a href=\"https:\/\/atecordoba.org\/wp-content\/uploads\/2020\/07\/Giuliani-megafono.jpg\"><img loading=\"lazy\" decoding=\"async\" class=\"alignleft size-medium wp-image-20694\" src=\"https:\/\/atecordoba.org\/wp-content\/uploads\/2020\/07\/Giuliani-megafono-300x199.jpg\" alt=\"\" width=\"300\" height=\"199\" srcset=\"https:\/\/atecordoba.org\/wp-content\/uploads\/2020\/07\/Giuliani-megafono-300x199.jpg 300w, https:\/\/atecordoba.org\/wp-content\/uploads\/2020\/07\/Giuliani-megafono-768x510.jpg 768w, https:\/\/atecordoba.org\/wp-content\/uploads\/2020\/07\/Giuliani-megafono-750x498.jpg 750w, https:\/\/atecordoba.org\/wp-content\/uploads\/2020\/07\/Giuliani-megafono.jpg 1000w\" sizes=\"auto, (max-width: 300px) 100vw, 300px\" \/><\/a>El esc\u00e1ndalo posterior deriv\u00f3 en la suspensi\u00f3n de De Ferrari de la Legislatura provincial pero sus dichos no tuvieron hasta el momento ninguna consecuencia penal, a pesar que los delitos en que habr\u00eda incurrido.<\/p>\n<p>En tal sentido, Giuliani expres\u00f3 hoy que \u201cno puede ser que con una democracia que ya lleva muchos a\u00f1os como la nuestra, y sabiendo todo lo que sabemos gracias a la lucha de los organismos de Derechos Humanos, Madres, Abuelas, Hijos, etc., siga habiendo personas que reivindiquen el terrorismo de Estado. <strong>Ello debe alarmarnos m\u00e1s a\u00fan cuando quienes hacen \u2018apolog\u00eda del terrorismo de Estado\u2019 sean representantes elegidas mediante el voto popular, como en el caso de la legisladora radical Patricia De Ferrari\u201d.<\/strong><\/p>\n<p><img loading=\"lazy\" decoding=\"async\" class=\" wp-image-25926 alignright\" src=\"https:\/\/atecordoba.org\/wp-content\/uploads\/2021\/05\/tw-falcon-verde-300x171.jpeg\" alt=\"\" width=\"502\" height=\"286\" srcset=\"https:\/\/atecordoba.org\/wp-content\/uploads\/2021\/05\/tw-falcon-verde-300x171.jpeg 300w, https:\/\/atecordoba.org\/wp-content\/uploads\/2021\/05\/tw-falcon-verde-768x437.jpeg 768w, https:\/\/atecordoba.org\/wp-content\/uploads\/2021\/05\/tw-falcon-verde-750x427.jpeg 750w, https:\/\/atecordoba.org\/wp-content\/uploads\/2021\/05\/tw-falcon-verde.jpeg 777w\" sizes=\"auto, (max-width: 502px) 100vw, 502px\" \/><\/p>\n<p>Giuliani, como particular damnificado por haber sido su familia v\u00edctima directa del Terrorismo de Estado, alert\u00f3 que <strong>&#8220;necesitamos que haya una respuesta categ\u00f3rica por parte de la Justicia en cuanto a la acci\u00f3n penal.<\/strong> La condena social que recibieron los dichos de la Legisladora est\u00e1 m\u00e1s que clara, m\u00e1s all\u00e1 de puntuales -y para nada honrosas- excepciones. Nuestro Pueblo no quiere volver a las \u00e9pocas oscuras donde el Estado usaba cotidianamente todas sus herramientas para desaparecer, torturar, asesinar. ATE, como tantas organizaciones del Pueblo y como familias enteras -como en mi caso-, fue v\u00edctima de esa represi\u00f3n. Estamos a d\u00edas de conmemorar un nuevo aniversario del secuestro de toda nuestra Comisi\u00f3n Directiva de la Seccional Punilla y por ello pretendemos que se avance con esta presentaci\u00f3n en la causa penal, constituy\u00e9ndonos como querellantes para aportar al expediente\u201d.<\/p>\n<p>La denuncia realizada el a\u00f1o pasado por ATE C\u00f3rdoba apunta a determinar si De Ferrari cometi\u00f3 \u201cincitaci\u00f3n a la violencia\u201d y \u201capolog\u00eda del terrorismo de Estado\u201d.<\/p>\n<p style=\"text-align: center;\"><strong>Ni olvido ni perd\u00f3n. C\u00e1rcel efectiva a los genocidas y al poder civil c\u00f3mplice de la dictadura.<\/strong><\/p>\n","protected":false},"excerpt":{"rendered":"<p>A trav\u00e9s de una presentaci\u00f3n que realiz\u00f3 ayer el cuerpo jur\u00eddico de ATE C\u00f3rdoba, el Secretario General del gremio, Federico Giuliani, pidi\u00f3 constituirse como querellante particular en la investigaci\u00f3n sobre la denuncia presentada el a\u00f1o pasado contra la legisladora radical Patricia De Ferrari, por presunta &#8220;apolog\u00eda del terrorismo de Estado&#8221; e &#8220;incitaci\u00f3n a la violencia&#8221;. [&hellip;]<\/p>\n","protected":false},"author":7,"featured_media":25832,"comment_status":"open","ping_status":"open","sticky":true,"template":"","format":"standard","meta":{"_exactmetrics_skip_tracking":false,"_exactmetrics_sitenote_active":false,"_exactmetrics_sitenote_note":"","_exactmetrics_sitenote_category":0,"jnews-multi-image_gallery":[],"jnews_single_post":{"source_name":"","source_url":"","via_name":"","via_url":"","override_template":"0","override":[{"template":"1","single_blog_custom":"","parallax":"1","fullscreen":"0","layout":"right-sidebar","sidebar":"default-sidebar","second_sidebar":"default-sidebar","sticky_sidebar":"1","share_position":"top","share_float_style":"share-monocrhome","show_share_counter":"1","show_view_counter":"1","show_featured":"1","show_post_meta":"1","show_post_author":"1","show_post_author_image":"1","show_post_date":"1","post_date_format":"default","post_date_format_custom":"Y\/m\/d","show_post_category":"1","show_post_reading_time":"0","post_reading_time_wpm":"300","show_zoom_button":"0","zoom_button_out_step":"2","zoom_button_in_step":"3","show_post_tag":"1","show_prev_next_post":"1","show_popup_post":"1","number_popup_post":"1","show_author_box":"0","show_post_related":"0","show_inline_post_related":"0"}],"override_image_size":"0","image_override":[{"single_post_thumbnail_size":"crop-500","single_post_gallery_size":"crop-500"}],"trending_post":"0","trending_post_position":"meta","trending_post_label":"Trending","sponsored_post":"0","sponsored_post_label":"Sponsored by","sponsored_post_name":"","sponsored_post_url":"","sponsored_post_logo_enable":"0","sponsored_post_logo":"","sponsored_post_desc":""},"jnews_primary_category":{"id":""},"jnews_social_meta":{"fb_title":"","fb_description":"","fb_image":"","twitter_title":"","twitter_description":"","twitter_image":""},"jnews_review":[],"enable_review":"0","type":"percentage","name":"","summary":"","brand":"","sku":"","good":[{"good_text":""}],"bad":[{"bad_text":""}],"score_override":"","override_value":"","rating":[{"rating_text":"","rating_number":"10"}],"price":[{"shop":"","price":"","link":"","icon":""}],"jnews_override_counter":{"override_view_counter":"0","view_counter_number":"0","override_share_counter":"0","share_counter_number":"0","override_like_counter":"0","like_counter_number":"0","override_dislike_counter":"0","dislike_counter_number":"0"},"jnews_post_split":{"enable_post_split":"0","post_split":[{"template":"1","tag":"h2","numbering":"asc","mode":"normal"}]},"footnotes":""},"categories":[341,122],"tags":[713],"class_list":["post-25925","post","type-post","status-publish","format-standard","has-post-thumbnail","hentry","category-cdp","category-ddhh","tag-denuncia-penal"],"jetpack_featured_media_url":"https:\/\/atecordoba.org\/wp-content\/uploads\/2021\/05\/12-05-Paro-IOSFA-Palabras-Federico-Giuliani.jpg","_links":{"self":[{"href":"https:\/\/atecordoba.org\/index.php?rest_route=\/wp\/v2\/posts\/25925","targetHints":{"allow":["GET"]}}],"collection":[{"href":"https:\/\/atecordoba.org\/index.php?rest_route=\/wp\/v2\/posts"}],"about":[{"href":"https:\/\/atecordoba.org\/index.php?rest_route=\/wp\/v2\/types\/post"}],"author":[{"embeddable":true,"href":"https:\/\/atecordoba.org\/index.php?rest_route=\/wp\/v2\/users\/7"}],"replies":[{"embeddable":true,"href":"https:\/\/atecordoba.org\/index.php?rest_route=%2Fwp%2Fv2%2Fcomments&post=25925"}],"version-history":[{"count":7,"href":"https:\/\/atecordoba.org\/index.php?rest_route=\/wp\/v2\/posts\/25925\/revisions"}],"predecessor-version":[{"id":25952,"href":"https:\/\/atecordoba.org\/index.php?rest_route=\/wp\/v2\/posts\/25925\/revisions\/25952"}],"wp:featuredmedia":[{"embeddable":true,"href":"https:\/\/atecordoba.org\/index.php?rest_route=\/wp\/v2\/media\/25832"}],"wp:attachment":[{"href":"https:\/\/atecordoba.org\/index.php?rest_route=%2Fwp%2Fv2%2Fmedia&parent=25925"}],"wp:term":[{"taxonomy":"category","embeddable":true,"href":"https:\/\/atecordoba.org\/index.php?rest_route=%2Fwp%2Fv2%2Fcategories&post=25925"},{"taxonomy":"post_tag","embeddable":true,"href":"https:\/\/atecordoba.org\/index.php?rest_route=%2Fwp%2Fv2%2Ftags&post=25925"}],"curies":[{"name":"wp","href":"https:\/\/api.w.org\/{rel}","templated":true}]}}