{"id":25914,"date":"2021-05-18T14:48:46","date_gmt":"2021-05-18T17:48:46","guid":{"rendered":"https:\/\/atecordoba.org\/?p=25914"},"modified":"2021-05-18T14:48:46","modified_gmt":"2021-05-18T17:48:46","slug":"ate-rio-cuarto-convoca-a-las-y-los-municipales-a-seguir-sumandose","status":"publish","type":"post","link":"https:\/\/atecordoba.org\/?p=25914","title":{"rendered":"ATE R\u00edo Cuarto convoca a las y los municipales a seguir sum\u00e1ndose"},"content":{"rendered":"<p>En cada paritaria, desde nuestro sindicato bregamos por conseguir derechos laborales que han sido postergados durante a\u00f1os. Es as\u00ed que nos organizamos, unimos voces y planteamos en cada mesa salarial una agenda amplia y transversal.<\/p>\n<div id='gallery_1' class='gallery galleryid-25914 gallery-columns-2 gallery-size-full'><figure class='gallery-item'>\n                <div class='gallery-icon landscape'>\n                    <a href='https:\/\/atecordoba.org\/wp-content\/uploads\/2021\/05\/2020.jpeg'><img loading=\"lazy\" decoding=\"async\" width=\"1080\" height=\"763\" src=\"\" class=\"attachment-full size-full lazyload\" alt=\"\" data-src=\"https:\/\/atecordoba.org\/wp-content\/uploads\/2021\/05\/2020.jpeg\" data-sizes=\"auto\" data-srcset=\"https:\/\/atecordoba.org\/wp-content\/uploads\/2021\/05\/2020.jpeg 1080w, https:\/\/atecordoba.org\/wp-content\/uploads\/2021\/05\/2020-300x212.jpeg 300w, https:\/\/atecordoba.org\/wp-content\/uploads\/2021\/05\/2020-1024x723.jpeg 1024w, https:\/\/atecordoba.org\/wp-content\/uploads\/2021\/05\/2020-768x543.jpeg 768w, https:\/\/atecordoba.org\/wp-content\/uploads\/2021\/05\/2020-120x86.jpeg 120w, https:\/\/atecordoba.org\/wp-content\/uploads\/2021\/05\/2020-750x530.jpeg 750w\" data-expand=\"700\" \/><\/a>\n                <\/div><\/figure><figure class='gallery-item'>\n                <div class='gallery-icon landscape'>\n                    <a href='https:\/\/atecordoba.org\/wp-content\/uploads\/2021\/05\/2021.jpeg'><img loading=\"lazy\" decoding=\"async\" width=\"1080\" height=\"763\" src=\"\" class=\"attachment-full size-full lazyload\" alt=\"\" data-src=\"https:\/\/atecordoba.org\/wp-content\/uploads\/2021\/05\/2021.jpeg\" data-sizes=\"auto\" data-srcset=\"https:\/\/atecordoba.org\/wp-content\/uploads\/2021\/05\/2021.jpeg 1080w, https:\/\/atecordoba.org\/wp-content\/uploads\/2021\/05\/2021-300x212.jpeg 300w, https:\/\/atecordoba.org\/wp-content\/uploads\/2021\/05\/2021-1024x723.jpeg 1024w, https:\/\/atecordoba.org\/wp-content\/uploads\/2021\/05\/2021-768x543.jpeg 768w, https:\/\/atecordoba.org\/wp-content\/uploads\/2021\/05\/2021-120x86.jpeg 120w, https:\/\/atecordoba.org\/wp-content\/uploads\/2021\/05\/2021-750x530.jpeg 750w\" data-expand=\"700\" \/><\/a>\n                <\/div><\/figure><br style=\"clear: both\" \/>\n            <\/div>\n\n<p>En el a\u00f1o 2021 no han concluido a\u00fan las paritarias de las cuales ATE es parte. Entre junio, agosto y septiembre nos volvemos a reunir con los intendentes municipales para discutir nuevos aumentos salariales, pases a planta permanente, contratos, \u00edtems que refieren al pago de insalubridad, entrega de ropa de trabajo, el cupo por discapacidad y el cupo trans, la licencia por violencia de g\u00e9nero, entre otros.<\/p>\n<p style=\"text-align: center;\">Somos ATE, somos organizaci\u00f3n, defensa y conquista de los derechos de las y los trabajadores.<\/p>\n<p style=\"text-align: center;\">AfiliATE, es con VOS y con ATE<\/p>\n<p style=\"text-align: center;\">Estamos en San Mart\u00edn 374, R\u00edo Cuarto.<\/p>\n<p style=\"text-align: center;\">O podes comunicarte al tel\u00e9fono 4622555.<\/p>\n<p style=\"text-align: center;\">\u00a0#ATESiempreEst\u00e1<\/p>\n","protected":false},"excerpt":{"rendered":"<p>En cada paritaria, desde nuestro sindicato bregamos por conseguir derechos laborales que han sido postergados durante a\u00f1os. Es as\u00ed que nos organizamos, unimos voces y planteamos en cada mesa salarial una agenda amplia y transversal. En el a\u00f1o 2021 no han concluido a\u00fan las paritarias de las cuales ATE es parte. Entre junio, agosto y [&hellip;]<\/p>\n","protected":false},"author":7,"featured_media":25915,"comment_status":"open","ping_status":"open","sticky":true,"template":"","format":"standard","meta":{"_exactmetrics_skip_tracking":false,"_exactmetrics_sitenote_active":false,"_exactmetrics_sitenote_note":"","_exactmetrics_sitenote_category":0,"jnews-multi-image_gallery":[],"jnews_single_post":{"source_name":"","source_url":"","via_name":"","via_url":"","override_template":"0","override":[{"template":"1","single_blog_custom":"","parallax":"1","fullscreen":"0","layout":"right-sidebar","sidebar":"default-sidebar","second_sidebar":"default-sidebar","sticky_sidebar":"1","share_position":"top","share_float_style":"share-monocrhome","show_share_counter":"1","show_view_counter":"1","show_featured":"1","show_post_meta":"1","show_post_author":"1","show_post_author_image":"1","show_post_date":"1","post_date_format":"default","post_date_format_custom":"Y\/m\/d","show_post_category":"1","show_post_reading_time":"0","post_reading_time_wpm":"300","show_zoom_button":"0","zoom_button_out_step":"2","zoom_button_in_step":"3","show_post_tag":"1","show_prev_next_post":"1","show_popup_post":"1","number_popup_post":"1","show_author_box":"0","show_post_related":"0","show_inline_post_related":"0"}],"override_image_size":"0","image_override":[{"single_post_thumbnail_size":"crop-500","single_post_gallery_size":"crop-500"}],"trending_post":"0","trending_post_position":"meta","trending_post_label":"Trending","sponsored_post":"0","sponsored_post_label":"Sponsored by","sponsored_post_name":"","sponsored_post_url":"","sponsored_post_logo_enable":"0","sponsored_post_logo":"","sponsored_post_desc":""},"jnews_primary_category":{"id":""},"jnews_social_meta":{"fb_title":"","fb_description":"","fb_image":"","twitter_title":"","twitter_description":"","twitter_image":""},"jnews_review":[],"enable_review":"0","type":"percentage","name":"","summary":"","brand":"","sku":"","good":[{"good_text":""}],"bad":[{"bad_text":""}],"score_override":"","override_value":"","rating":[{"rating_text":"","rating_number":"10"}],"price":[{"shop":"","price":"","link":"","icon":""}],"jnews_override_counter":{"override_view_counter":"0","view_counter_number":"0","override_share_counter":"0","share_counter_number":"0","override_like_counter":"0","like_counter_number":"0","override_dislike_counter":"0","dislike_counter_number":"0"},"jnews_post_split":{"enable_post_split":"0","post_split":[{"template":"1","tag":"h2","numbering":"asc","mode":"normal"}]},"footnotes":""},"categories":[20,12],"tags":[],"class_list":["post-25914","post","type-post","status-publish","format-standard","has-post-thumbnail","hentry","category-municipales","category-rio-cuarto"],"jetpack_featured_media_url":"https:\/\/atecordoba.org\/wp-content\/uploads\/2021\/05\/2021.jpeg","_links":{"self":[{"href":"https:\/\/atecordoba.org\/index.php?rest_route=\/wp\/v2\/posts\/25914","targetHints":{"allow":["GET"]}}],"collection":[{"href":"https:\/\/atecordoba.org\/index.php?rest_route=\/wp\/v2\/posts"}],"about":[{"href":"https:\/\/atecordoba.org\/index.php?rest_route=\/wp\/v2\/types\/post"}],"author":[{"embeddable":true,"href":"https:\/\/atecordoba.org\/index.php?rest_route=\/wp\/v2\/users\/7"}],"replies":[{"embeddable":true,"href":"https:\/\/atecordoba.org\/index.php?rest_route=%2Fwp%2Fv2%2Fcomments&post=25914"}],"version-history":[{"count":1,"href":"https:\/\/atecordoba.org\/index.php?rest_route=\/wp\/v2\/posts\/25914\/revisions"}],"predecessor-version":[{"id":25917,"href":"https:\/\/atecordoba.org\/index.php?rest_route=\/wp\/v2\/posts\/25914\/revisions\/25917"}],"wp:featuredmedia":[{"embeddable":true,"href":"https:\/\/atecordoba.org\/index.php?rest_route=\/wp\/v2\/media\/25915"}],"wp:attachment":[{"href":"https:\/\/atecordoba.org\/index.php?rest_route=%2Fwp%2Fv2%2Fmedia&parent=25914"}],"wp:term":[{"taxonomy":"category","embeddable":true,"href":"https:\/\/atecordoba.org\/index.php?rest_route=%2Fwp%2Fv2%2Fcategories&post=25914"},{"taxonomy":"post_tag","embeddable":true,"href":"https:\/\/atecordoba.org\/index.php?rest_route=%2Fwp%2Fv2%2Ftags&post=25914"}],"curies":[{"name":"wp","href":"https:\/\/api.w.org\/{rel}","templated":true}]}}